{"id":390732,"date":"2018-08-20T00:07:02","date_gmt":"2018-08-20T05:07:02","guid":{"rendered":"https:\/\/www.diarioimagen.net\/?p=390732"},"modified":"2018-08-20T08:14:57","modified_gmt":"2018-08-20T13:14:57","slug":"enrique-vargas-coordinador-nacional-de-alcaldes-en-cen-de-accion-nacional","status":"publish","type":"post","link":"https:\/\/www.diarioimagen.net\/?p=390732","title":{"rendered":"Enrique Vargas, coordinador nacional de Alcaldes en CEN de Acci\u00f3n Nacional"},"content":{"rendered":"<ul>\n<li><strong><em>Nombramiento de Dami\u00e1n Zepeda, dirigente nacional del PAN<\/em><\/strong><\/li>\n<\/ul>\n<p>&nbsp;<\/p>\n<div id=\"attachment_390810\" style=\"width: 470px\" class=\"wp-caption aligncenter\"><a href=\"https:\/\/www.diarioimagen.net\/?attachment_id=390810\" rel=\"attachment wp-att-390810\"><img loading=\"lazy\" decoding=\"async\" aria-describedby=\"caption-attachment-390810\" class=\"size-large wp-image-390810\" src=\"https:\/\/www.diarioimagen.net\/wp-content\/uploads\/2018\/08\/HUIXQUILUCAN-3436-460x259.jpg\" alt=\"\" width=\"460\" height=\"259\" srcset=\"https:\/\/www.diarioimagen.net\/wp-content\/uploads\/2018\/08\/HUIXQUILUCAN-3436-460x259.jpg 460w, https:\/\/www.diarioimagen.net\/wp-content\/uploads\/2018\/08\/HUIXQUILUCAN-3436-240x135.jpg 240w, https:\/\/www.diarioimagen.net\/wp-content\/uploads\/2018\/08\/HUIXQUILUCAN-3436-235x132.jpg 235w, https:\/\/www.diarioimagen.net\/wp-content\/uploads\/2018\/08\/HUIXQUILUCAN-3436-202x114.jpg 202w, https:\/\/www.diarioimagen.net\/wp-content\/uploads\/2018\/08\/HUIXQUILUCAN-3436-350x196.jpg 350w, https:\/\/www.diarioimagen.net\/wp-content\/uploads\/2018\/08\/HUIXQUILUCAN-3436-220x123.jpg 220w, https:\/\/www.diarioimagen.net\/wp-content\/uploads\/2018\/08\/HUIXQUILUCAN-3436-237x132.jpg 237w, https:\/\/www.diarioimagen.net\/wp-content\/uploads\/2018\/08\/HUIXQUILUCAN-3436.jpg 480w\" sizes=\"auto, (max-width: 460px) 100vw, 460px\" \/><\/a><p id=\"caption-attachment-390810\" class=\"wp-caption-text\">El presidente de la ANAC, Enrique Vargas del Villar, afirm\u00f3 que PAN ser\u00e1 una oposici\u00f3n firme y responsable.<\/p><\/div>\n<p>&nbsp;<\/p>\n<p><strong>Huixquilucan, Estado de M\u00e9xico<\/strong>.- El Partido Acci\u00f3n Nacional ser\u00e1 una oposici\u00f3n firme y responsable que trabajar\u00e1 de la mano con la Federaci\u00f3n y\u00a0\u00a0gobiernos estatales, sostuvo el presidente de la Asociaci\u00f3n Nacional de Alcaldes\u00a0\u00a0(ANAC), Enrique Vargas del Villar.<\/p>\n<p>Coment\u00f3 que vienen tiempos in\u00e9ditos y de retos para M\u00e9xico, en donde el trabajo desde los municipios, ser\u00e1 relevante por ser el primer contacto con la sociedad.<\/p>\n<p>En el marco de la LII Sesi\u00f3n Ordinaria de la ANAC, Enrique Vargas, tambi\u00e9n alcalde de Huixquilucan, record\u00f3 que los gobiernos panistas son los mejor calificados del pa\u00eds y por ello el n\u00famero de alcaldias ganadas el primero de julio pasado.<\/p>\n<p>\u201cAcci\u00f3n Nacional es la segunda fuerza pol\u00edtica en el pa\u00eds, y por ello se necesita de un PAN fortalecido, trabajando y cercano a los ciudadanos\u201d.<\/p>\n<p>Destac\u00f3 que la efectividad electoral, de gobiernos que contendieron por un segundo periodo municipal en las pasadas elecciones, se increment\u00f3 en un 45 porciento, lo que significa que los ciudadanos siguen confiando en los alcaldes del PAN.<\/p>\n<p>\u201cFuimos los que m\u00e1s alto porcentaje obtuvimos y esto nos obliga a trabajar m\u00e1s fuerte, porque somos el primer contacto con los ciudadanos, por eso hay que redoblar esfuerzos, seguir trabajando de cerca con la ciudadan\u00eda\u201d, puntualiz\u00f3 Vargas del Villar.<\/p>\n<p>Despu\u00e9s, durante una reuni\u00f3n con autoridades municipales electas, Dami\u00e1n Zepeda Vidales,\u00a0\u00a0presidente del Comit\u00e9 Ejecutivo Nacional del PAN, nombr\u00f3 a Enrique Vargas del Villar, Coordinador Nacional de Alcaldes del CEN como reconocimiento a su excelente trabajo como Edil de Huixquilucan.<\/p>\n","protected":false},"excerpt":{"rendered":"<p>El Partido Acci\u00f3n Nacional ser\u00e1 una oposici\u00f3n firme y responsable que trabajar\u00e1 de la mano con la Federaci\u00f3n y  gobiernos estatales, sostuvo el presidente de la Asociaci\u00f3n Nacional de Alcaldes  (ANAC), Enrique Vargas del Villar.<\/p>\n","protected":false},"author":3,"featured_media":390810,"comment_status":"open","ping_status":"open","sticky":false,"template":"","format":"standard","meta":{"_monsterinsights_skip_tracking":false,"_monsterinsights_sitenote_active":false,"_monsterinsights_sitenote_note":"","_monsterinsights_sitenote_category":0,"footnotes":""},"categories":[35155],"tags":[361,43675,1097,91],"class_list":["post-390732","post","type-post","status-publish","format-standard","has-post-thumbnail","hentry","category-estado-de-mexico-estado-de-mexico","tag-cen","tag-estado-de-mexico","tag-huixquilucan","tag-pan"],"_links":{"self":[{"href":"https:\/\/www.diarioimagen.net\/index.php?rest_route=\/wp\/v2\/posts\/390732","targetHints":{"allow":["GET"]}}],"collection":[{"href":"https:\/\/www.diarioimagen.net\/index.php?rest_route=\/wp\/v2\/posts"}],"about":[{"href":"https:\/\/www.diarioimagen.net\/index.php?rest_route=\/wp\/v2\/types\/post"}],"author":[{"embeddable":true,"href":"https:\/\/www.diarioimagen.net\/index.php?rest_route=\/wp\/v2\/users\/3"}],"replies":[{"embeddable":true,"href":"https:\/\/www.diarioimagen.net\/index.php?rest_route=%2Fwp%2Fv2%2Fcomments&post=390732"}],"version-history":[{"count":0,"href":"https:\/\/www.diarioimagen.net\/index.php?rest_route=\/wp\/v2\/posts\/390732\/revisions"}],"wp:featuredmedia":[{"embeddable":true,"href":"https:\/\/www.diarioimagen.net\/index.php?rest_route=\/wp\/v2\/media\/390810"}],"wp:attachment":[{"href":"https:\/\/www.diarioimagen.net\/index.php?rest_route=%2Fwp%2Fv2%2Fmedia&parent=390732"}],"wp:term":[{"taxonomy":"category","embeddable":true,"href":"https:\/\/www.diarioimagen.net\/index.php?rest_route=%2Fwp%2Fv2%2Fcategories&post=390732"},{"taxonomy":"post_tag","embeddable":true,"href":"https:\/\/www.diarioimagen.net\/index.php?rest_route=%2Fwp%2Fv2%2Ftags&post=390732"}],"curies":[{"name":"wp","href":"https:\/\/api.w.org\/{rel}","templated":true}]}}