{"id":390852,"date":"2018-08-21T00:08:26","date_gmt":"2018-08-21T05:08:26","guid":{"rendered":"https:\/\/www.diarioimagen.net\/?p=390852"},"modified":"2018-08-22T00:37:19","modified_gmt":"2018-08-22T05:37:19","slug":"inicia-alfredo-del-mazo-maza-entrega-de-utiles-escolares","status":"publish","type":"post","link":"https:\/\/www.diarioimagen.net\/?p=390852","title":{"rendered":"Inicia Alfredo Del Mazo entrega de \u00fatiles escolares"},"content":{"rendered":"<ul>\n<li><em><strong>Inaugura el ciclo escolar 2018-2019<\/strong><\/em><\/li>\n<li><em><strong>Destaca que se trabaja para que ning\u00fan alumno se quede sin estudios<\/strong><\/em><\/li>\n<\/ul>\n<p>&nbsp;<\/p>\n<p>&nbsp;<\/p>\n<div id=\"attachment_390853\" style=\"width: 470px\" class=\"wp-caption aligncenter\"><img loading=\"lazy\" decoding=\"async\" aria-describedby=\"caption-attachment-390853\" class=\"wp-image-390853 size-large\" src=\"https:\/\/www.diarioimagen.net\/wp-content\/uploads\/2018\/08\/DEL-MAZO21-portal-460x268.jpg\" alt=\"\" width=\"460\" height=\"268\" srcset=\"https:\/\/www.diarioimagen.net\/wp-content\/uploads\/2018\/08\/DEL-MAZO21-portal-460x268.jpg 460w, https:\/\/www.diarioimagen.net\/wp-content\/uploads\/2018\/08\/DEL-MAZO21-portal-240x140.jpg 240w, https:\/\/www.diarioimagen.net\/wp-content\/uploads\/2018\/08\/DEL-MAZO21-portal.jpg 480w\" sizes=\"auto, (max-width: 460px) 100vw, 460px\" \/><p id=\"caption-attachment-390853\" class=\"wp-caption-text\">Alfredo Del Mazo Maza afirm\u00f3 que m\u00e1s de 3 millones de alumnos de preescolar, primaria y secundaria recibir\u00e1n sus \u00fatiles escolares.<\/p><\/div>\n<p>&nbsp;<\/p>\n<p><strong>Ecatepec, Estado de M\u00e9xico<\/strong>.- Al inaugurar el ciclo escolar 2018-2019, el gobernador Alfredo Del Mazo Maza dio inicio a la entrega gratuita de m\u00e1s de 3 millones de paquetes de \u00fatiles escolares para alumnos de nivel b\u00e1sico, programa que tiene como finalidad apoyar en la econom\u00eda de los padres de familia, ya que se cubre el 85 por ciento de los materiales que pide la Secretar\u00eda de Educaci\u00f3n P\u00fablica.<\/p>\n<p>\u201cAhora con la entrega de esto paquetes de \u00fatiles escolares, estamos cubriendo el 85 por ciento de las solicitudes que pide la Secretar\u00eda de Educaci\u00f3n P\u00fablica en materia de \u00fatiles escolares para las familias.<\/p>\n<p>\u201c\u00c9se es el apoyo que le da el gobierno del estado a las alumnas y alumnos, y a los padres de familia, porque sin duda esto significa un ahorro para los bolsillos y las econom\u00edas de las familias, y significa tambi\u00e9n que los alumnos puedan contar con su paquete de \u00fatiles escolares y saber que tienen para este ciclo, las herramientas que requieren\u201d, puntualiz\u00f3.<\/p>\n<p>Alfredo Del Mazo manifest\u00f3 que el Estado de M\u00e9xico cuenta con un sistema educativo fuerte y preparado, y que con la puesta en marcha de programas como el de Familias fuertes, con \u00fatiles escolares, se busca que ning\u00fan estudiante se quede sin acceso a la educaci\u00f3n por falta de recursos econ\u00f3micos.<\/p>\n<p>Destac\u00f3 que en la entidad se ve a la educaci\u00f3n como el camino para conseguir libertad, igualdad y desarrollo, por ello, se tiene el compromiso de contar con un sistema educativo de calidad.<\/p>\n<p>En este sentido, se\u00f1al\u00f3 que la administraci\u00f3n estatal trabaja para impulsar los talentos y habilidades de los alumnos mexiquenses, mediante el fortalecimiento de valores familiares como el respeto, tolerancia y fraternidad, para construir una sociedad justa y equitativa, con comunidades unidas y s\u00f3lidas, para tener familias fuertes. El mandatario estatal indic\u00f3 que el sistema educativo mexiquense es el m\u00e1s grande del pa\u00eds, con 4.8 millones de estudiantes en todos los niveles, lo que representa a casi toda la poblaci\u00f3n del estado de Nuevo Le\u00f3n.<\/p>\n<p>Asimismo, reconoci\u00f3 la labor de los docentes del Estado de M\u00e9xico, quienes se caracterizan por estar preparados para formar a las nuevas generaciones, e inform\u00f3 que regresan a clase este d\u00eda, 249 mil maestras y maestros.<\/p>\n<p>\u201cTenemos la oportunidad de contar con las mejores maestras y maestros, preparados, siempre comprometidos con brindar lo mejor de s\u00ed mismos para poder formar a estas nuevas generaciones\u201d.<\/p>\n<p>Tambi\u00e9n destac\u00f3 el esfuerzo que llevan a cabo diariamente los padres de familia, para que sus hijos sigan prepar\u00e1ndose acad\u00e9micamente.<\/p>\n<p>Reiter\u00f3 el compromiso del gobierno estatal de continuar trabajando de la mano con autoridades escolares y padres de familia, para que los alumnos cuenten con las herramientas necesarias para que tengan mejores oportunidades de desarrollo y se conviertan en mujeres y hombres de bien.<\/p>\n<p>\u201cY aqu\u00ed estamos conjuntando ese esfuerzo: las maestras y maestros que se preparan todos los d\u00edas, los padres de familia que todos los d\u00edas nos preocupamos y nos ocupamos porque nuestros hijos se formen, las autoridades estatales, municipales, federales del sector educativo que diariamente se esfuerzan por darle a estas generaciones las mejores oportunidades\u201d, sostuvo.<\/p>\n<p>El gobernador mexiquense inform\u00f3 tambi\u00e9n sobre algunos avances que se tienen en materia educativa como el otorgamiento de 133 mil becas, 112 millones de desayunos escolares, la rehabilitaci\u00f3n y construcci\u00f3n de 840 escuelas, as\u00ed como los casi 3 millones de alumnos asegurados con el Seguro escolar contra accidentes.<\/p>\n<p>Adem\u00e1s, dijo, se fomenta el pensamiento creativo, la b\u00fasqueda del conocimiento mediante el uso de nuevas tecnolog\u00edas, as\u00ed como se impulsa la innovaci\u00f3n para que los estudiantes desarrollen ideas productivas que puedan transformar en mejores oportunidades.<\/p>\n<p>Agreg\u00f3 que tambi\u00e9n se busca mejorar los programas de ense\u00f1anza, dignificar la infraestructura escolar y apoyar la econom\u00eda familiar.<\/p>\n<p>En este evento tambi\u00e9n se entregaron los libros de texto gratuito, de los cuales se otorgaran para este ciclo escolar m\u00e1s de 26 millones para los alumnos de educaci\u00f3n b\u00e1sica.<\/p>\n<p>Por su parte, Alejandro Fern\u00e1ndez Campillo, Secretario de Educaci\u00f3n del Estado de M\u00e9xico, afirm\u00f3 que para tener una educaci\u00f3n incluyente, equitativa y de calidad, se trabaja para contar con planteles escolares dignos y funcionales, para que los docentes est\u00e9n actualizados y tengan las herramientas e incentivos que faciliten el proceso de ense\u00f1anza-aprendizaje, y para que los padres de familia y la comunidad est\u00e9n m\u00e1s cerca de la escuela.<\/p>\n","protected":false},"excerpt":{"rendered":"<p>Al inaugurar el ciclo escolar 2018-2019, el gobernador Alfredo Del Mazo Maza dio inicio a la entrega gratuita de m\u00e1s de 3 millones de paquetes de \u00fatiles escolares para alumnos de nivel b\u00e1sico, programa que tiene como finalidad apoyar en la econom\u00eda de los padres de familia, ya que se cubre el 85 por ciento de los materiales que pide la Secretar\u00eda de Educaci\u00f3n P\u00fablica.<\/p>\n","protected":false},"author":5,"featured_media":390853,"comment_status":"open","ping_status":"open","sticky":false,"template":"","format":"standard","meta":{"_monsterinsights_skip_tracking":false,"_monsterinsights_sitenote_active":false,"_monsterinsights_sitenote_note":"","_monsterinsights_sitenote_category":0,"footnotes":""},"categories":[5],"tags":[2505,76754,454,77253,43675],"class_list":["post-390852","post","type-post","status-publish","format-standard","has-post-thumbnail","hentry","category-estado-de-mexico","tag-alfredo-del-mazo-maza","tag-ciclo-escolar-2018-2019","tag-ecatepec","tag-entrega-de-utiles-escolares","tag-estado-de-mexico"],"_links":{"self":[{"href":"https:\/\/www.diarioimagen.net\/index.php?rest_route=\/wp\/v2\/posts\/390852","targetHints":{"allow":["GET"]}}],"collection":[{"href":"https:\/\/www.diarioimagen.net\/index.php?rest_route=\/wp\/v2\/posts"}],"about":[{"href":"https:\/\/www.diarioimagen.net\/index.php?rest_route=\/wp\/v2\/types\/post"}],"author":[{"embeddable":true,"href":"https:\/\/www.diarioimagen.net\/index.php?rest_route=\/wp\/v2\/users\/5"}],"replies":[{"embeddable":true,"href":"https:\/\/www.diarioimagen.net\/index.php?rest_route=%2Fwp%2Fv2%2Fcomments&post=390852"}],"version-history":[{"count":0,"href":"https:\/\/www.diarioimagen.net\/index.php?rest_route=\/wp\/v2\/posts\/390852\/revisions"}],"wp:featuredmedia":[{"embeddable":true,"href":"https:\/\/www.diarioimagen.net\/index.php?rest_route=\/wp\/v2\/media\/390853"}],"wp:attachment":[{"href":"https:\/\/www.diarioimagen.net\/index.php?rest_route=%2Fwp%2Fv2%2Fmedia&parent=390852"}],"wp:term":[{"taxonomy":"category","embeddable":true,"href":"https:\/\/www.diarioimagen.net\/index.php?rest_route=%2Fwp%2Fv2%2Fcategories&post=390852"},{"taxonomy":"post_tag","embeddable":true,"href":"https:\/\/www.diarioimagen.net\/index.php?rest_route=%2Fwp%2Fv2%2Ftags&post=390852"}],"curies":[{"name":"wp","href":"https:\/\/api.w.org\/{rel}","templated":true}]}}