{"id":390905,"date":"2018-08-21T00:10:04","date_gmt":"2018-08-21T05:10:04","guid":{"rendered":"https:\/\/www.diarioimagen.net\/?p=390905"},"modified":"2018-08-21T06:08:00","modified_gmt":"2018-08-21T11:08:00","slug":"mexico-no-se-puede-reinventar-cada-seis-anos-cce","status":"publish","type":"post","link":"https:\/\/www.diarioimagen.net\/?p=390905","title":{"rendered":"M\u00e9xico no se puede reinventar cada seis a\u00f1os: CCE"},"content":{"rendered":"<ul>\n<li><strong><em>Pide a AMLO analizar a detalle reformas estructurales<\/em><\/strong><\/li>\n<\/ul>\n<p>&nbsp;<\/p>\n<div id=\"attachment_390983\" style=\"width: 470px\" class=\"wp-caption aligncenter\"><a href=\"https:\/\/www.diarioimagen.net\/?attachment_id=390983\" rel=\"attachment wp-att-390983\"><img loading=\"lazy\" decoding=\"async\" aria-describedby=\"caption-attachment-390983\" class=\"size-large wp-image-390983\" src=\"https:\/\/www.diarioimagen.net\/wp-content\/uploads\/2018\/08\/CCE-3437-460x306.jpg\" alt=\"\" width=\"460\" height=\"306\" srcset=\"https:\/\/www.diarioimagen.net\/wp-content\/uploads\/2018\/08\/CCE-3437-460x306.jpg 460w, https:\/\/www.diarioimagen.net\/wp-content\/uploads\/2018\/08\/CCE-3437-240x160.jpg 240w, https:\/\/www.diarioimagen.net\/wp-content\/uploads\/2018\/08\/CCE-3437.jpg 600w\" sizes=\"auto, (max-width: 460px) 100vw, 460px\" \/><\/a><p id=\"caption-attachment-390983\" class=\"wp-caption-text\">Juan Pablo Casta\u00f1\u00f3n, l\u00edder del CCE, llam\u00f3 al pr\u00f3ximo gobierno a analizar a detalle las reformas estructurales, como la energ\u00e9tica.<\/p><\/div>\n<p>&nbsp;<\/p>\n<p>El presidente del Consejo Coordinador Empresarial (CCE), Juan Pablo Casta\u00f1\u00f3n, llam\u00f3 al pr\u00f3ximo gobierno a analizar a detalle las reformas estructurales, como la energ\u00e9tica, antes de decidir sobre su rumbo.<\/p>\n<p>Expuso que el proceso de transici\u00f3n inici\u00f3 de manera formal y en este periodo se debe reflexionar sobre la viabilidad t\u00e9cnica de las propuestas hechas en campa\u00f1a y revalorar los programas que hay a partir del resultado de su evaluaci\u00f3n t\u00e9cnica.<\/p>\n<p>Lo anterior, indic\u00f3, con el objetivo de decidir cu\u00e1les van a eliminarse, porque no est\u00e1n dando los resultados adecuados y aqu\u00e9llos que \u2014aunque sean perfectibles\u2014 deben continuar porque tienen un impacto deseado.<\/p>\n<p>De manera particular, dijo que el sector empresarial tiene amplio inter\u00e9s en que las reformas estructurales, aprobadas en los \u00faltimos a\u00f1os, sean analizadas con un enfoque de pol\u00edtica p\u00fablica, rentabilidad social, crecimiento econ\u00f3mico, oportunidades para las personas y \u201cno solo en un lente ideol\u00f3gico\u201d.<\/p>\n<p>Asimismo, consider\u00f3 oportuno reconocer la apertura que han mostrado sectores como el energ\u00e9tico, al convertirse en el mayor im\u00e1n de inversi\u00f3n en el pa\u00eds, y de telecomunicaciones, porque incrementaron la cobertura y disminuyeron el costo de los servicios, tanto para particulares como para micro, peque\u00f1os y medianos empresarios, los cuales son la base de la econom\u00eda.<\/p>\n<p>\u201cComo \u00e9stas, todas las reformas deben analizarse a detalle antes de decidir si deben eliminarse o no, o si son perfectibles, mejorables para fortalecerlas\u201d, argument\u00f3 en un texto difundido por medio de la Voz del CCE Resalt\u00f3 que los empresarios se sumar\u00e1n a este proceso a trav\u00e9s de 12 mesas tem\u00e1ticas de trabajo, las cuales contar\u00e1n con l\u00edderes del sector privado y especialistas, y los virtuales titulares de las diferentes secretar\u00edas de Estado.<\/p>\n<p>Con dichas mesas se tendr\u00e1 la oportunidad de retroalimentar la agenda del gobierno, a trav\u00e9s del di\u00e1logo, el an\u00e1lisis y el compromiso, adem\u00e1s de discutir temas cruciales para el futuro de M\u00e9xico, como econom\u00eda, empleo, inversi\u00f3n, educaci\u00f3n, energ\u00eda, seguridad, Estado de derecho, entre otros.<\/p>\n<p>Por otra parte, Casta\u00f1\u00f3n opin\u00f3 que el proceso de transici\u00f3n de ninguna manera debe poner en riesgo la continuidad de los servicios p\u00fablicos, ni debe perder la memoria institucional construida con a\u00f1os de esfuerzos y recursos. \u201cM\u00e9xico no se puede reinventar cada seis a\u00f1os. Ya hay mucho trabajo realizado no s\u00f3lo por los gobiernos anteriores, sino tambi\u00e9n por la sociedad civil y la ciudadan\u00eda en general\u201d, concluy\u00f3.<\/p>\n","protected":false},"excerpt":{"rendered":"<p>El presidente del Consejo Coordinador Empresarial (CCE), Juan Pablo Casta\u00f1\u00f3n, llam\u00f3 al pr\u00f3ximo gobierno a analizar a detalle las reformas estructurales, como la energ\u00e9tica, antes de decidir sobre su rumbo.<\/p>\n","protected":false},"author":3,"featured_media":390983,"comment_status":"open","ping_status":"open","sticky":false,"template":"","format":"standard","meta":{"_monsterinsights_skip_tracking":false,"_monsterinsights_sitenote_active":false,"_monsterinsights_sitenote_note":"","_monsterinsights_sitenote_category":0,"footnotes":""},"categories":[3],"tags":[4327,4328,77300],"class_list":["post-390905","post","type-post","status-publish","format-standard","has-post-thumbnail","hentry","category-nacional","tag-cce","tag-consejo-coordinador-empresarial","tag-reinvetar"],"_links":{"self":[{"href":"https:\/\/www.diarioimagen.net\/index.php?rest_route=\/wp\/v2\/posts\/390905","targetHints":{"allow":["GET"]}}],"collection":[{"href":"https:\/\/www.diarioimagen.net\/index.php?rest_route=\/wp\/v2\/posts"}],"about":[{"href":"https:\/\/www.diarioimagen.net\/index.php?rest_route=\/wp\/v2\/types\/post"}],"author":[{"embeddable":true,"href":"https:\/\/www.diarioimagen.net\/index.php?rest_route=\/wp\/v2\/users\/3"}],"replies":[{"embeddable":true,"href":"https:\/\/www.diarioimagen.net\/index.php?rest_route=%2Fwp%2Fv2%2Fcomments&post=390905"}],"version-history":[{"count":0,"href":"https:\/\/www.diarioimagen.net\/index.php?rest_route=\/wp\/v2\/posts\/390905\/revisions"}],"wp:featuredmedia":[{"embeddable":true,"href":"https:\/\/www.diarioimagen.net\/index.php?rest_route=\/wp\/v2\/media\/390983"}],"wp:attachment":[{"href":"https:\/\/www.diarioimagen.net\/index.php?rest_route=%2Fwp%2Fv2%2Fmedia&parent=390905"}],"wp:term":[{"taxonomy":"category","embeddable":true,"href":"https:\/\/www.diarioimagen.net\/index.php?rest_route=%2Fwp%2Fv2%2Fcategories&post=390905"},{"taxonomy":"post_tag","embeddable":true,"href":"https:\/\/www.diarioimagen.net\/index.php?rest_route=%2Fwp%2Fv2%2Ftags&post=390905"}],"curies":[{"name":"wp","href":"https:\/\/api.w.org\/{rel}","templated":true}]}}