{"id":390913,"date":"2018-08-21T00:07:15","date_gmt":"2018-08-21T05:07:15","guid":{"rendered":"https:\/\/www.diarioimagen.net\/?p=390913"},"modified":"2018-08-22T00:37:05","modified_gmt":"2018-08-22T05:37:05","slug":"inicia-credencializacion-de-proximos-legisladores","status":"publish","type":"post","link":"https:\/\/www.diarioimagen.net\/?p=390913","title":{"rendered":"Inicia credencializaci\u00f3n de pr\u00f3ximos legisladores"},"content":{"rendered":"<ul>\n<li><strong><em>En las c\u00e1maras de diputados y de senadores<\/em><\/strong><\/li>\n<\/ul>\n<p>&nbsp;<\/p>\n<div id=\"attachment_390992\" style=\"width: 470px\" class=\"wp-caption aligncenter\"><a href=\"https:\/\/www.diarioimagen.net\/?attachment_id=390992\" rel=\"attachment wp-att-390992\"><img loading=\"lazy\" decoding=\"async\" aria-describedby=\"caption-attachment-390992\" class=\"size-large wp-image-390992\" src=\"https:\/\/www.diarioimagen.net\/wp-content\/uploads\/2018\/08\/CREDENCIALIZACION-3437-460x259.jpg\" alt=\"\" width=\"460\" height=\"259\" srcset=\"https:\/\/www.diarioimagen.net\/wp-content\/uploads\/2018\/08\/CREDENCIALIZACION-3437-460x259.jpg 460w, https:\/\/www.diarioimagen.net\/wp-content\/uploads\/2018\/08\/CREDENCIALIZACION-3437-240x135.jpg 240w, https:\/\/www.diarioimagen.net\/wp-content\/uploads\/2018\/08\/CREDENCIALIZACION-3437-235x132.jpg 235w, https:\/\/www.diarioimagen.net\/wp-content\/uploads\/2018\/08\/CREDENCIALIZACION-3437-202x114.jpg 202w, https:\/\/www.diarioimagen.net\/wp-content\/uploads\/2018\/08\/CREDENCIALIZACION-3437-350x196.jpg 350w, https:\/\/www.diarioimagen.net\/wp-content\/uploads\/2018\/08\/CREDENCIALIZACION-3437-220x123.jpg 220w, https:\/\/www.diarioimagen.net\/wp-content\/uploads\/2018\/08\/CREDENCIALIZACION-3437-237x132.jpg 237w, https:\/\/www.diarioimagen.net\/wp-content\/uploads\/2018\/08\/CREDENCIALIZACION-3437.jpg 480w\" sizes=\"auto, (max-width: 460px) 100vw, 460px\" \/><\/a><p id=\"caption-attachment-390992\" class=\"wp-caption-text\">Inici\u00f3 en el Palacio Legislativo de San L\u00e1zaro proceso de credencializaci\u00f3n.<\/p><\/div>\n<p>&nbsp;<\/p>\n<p>El proceso de credencializaci\u00f3n de los diputados la 64 Legislatura inici\u00f3 en el Palacio Legislativo de San L\u00e1zaro.<\/p>\n<p>Los primeros en realizar el tr\u00e1mite son los futuros legisladores del Movimiento de Regeneraci\u00f3n Nacional (Morena).<\/p>\n<p>Los diputados electos llegaron por la Puerta Pino, el acceso principal sobre Congreso de la Uni\u00f3n, donde fueron recibidos por personal de la C\u00e1mara baja. Los primeros en llegar fueron Gregorio Efra\u00edn Espadas M\u00e9ndez, electo en el Distrito 3 de Tabasco, y Eleuterio Arrieta S\u00e1nchez, del distrito 13 de Veracruz.<\/p>\n<p>Tambi\u00e9n arribaron Dolores Padierna y Lorena Valles, as\u00ed como Mario Delgado, quien fue recibido en la puerta del edificio A por Mauricio Farah, secretario general de la C\u00e1mara, y \u00d3scar Arg\u00fcelles, el coordinador de Comunicaci\u00f3n Social.<\/p>\n<p style=\"text-align: center;\"><strong>Tr\u00e1mite en el Senado<\/strong><\/p>\n<p>En el Senado de la Rep\u00fablica tambi\u00e9n inici\u00f3 la credencializaci\u00f3n de los pr\u00f3ximos legisladores.<\/p>\n<p>El proceso de crdencializaci\u00f3n en el Senado, que incluye la toma de huellas digitales y fotograf\u00edas, se realiza desde ayer hasta el 28 de agosto, aunque los futuros senadores plurinominales podr\u00e1n sacar su credencial despu\u00e9s del mi\u00e9rcoles, cuando el Instituto Nacional Electoral (INE) oficialice las listas de los ganadores.<\/p>\n<p>El registro fue abierto a las 10:00 horas, pero el primer senador electo de la 64 Legislatura lleg\u00f3 pocos minutos antes de las 11:00.<\/p>\n<p>Se trat\u00f3 del panista Julen Rementer\u00eda, senador de primera minor\u00eda por Veracruz, aunque la bancada albiazul hab\u00eda informado que acudir\u00edan al Senado en bloque hoy a las 18:00 horas.<\/p>\n<p>Seg\u00fan personal del Senado, la futura bancada del Partido Revolucionario Institucional (PRI) acord\u00f3 realizar su proceso de credencializaci\u00f3n el 27 de agosto, mientras que los del Movimiento de Regeneraci\u00f3n Nacional (Morena), que son la mayor\u00eda, no lo han definido.<\/p>\n<p>Arturo Garita, secretario de Servicios Parlamentarios, explic\u00f3 que las credenciales son s\u00f3lo para tener acceso a la sesi\u00f3n constitutiva del\u00a0 29 de agosto, pero si alg\u00fan senador electo no quiere acudir no tendr\u00eda ninguna sanci\u00f3n y podr\u00eda rendir protesta hasta el 4 de septiembre.<\/p>\n<p>Al salir, Rementer\u00eda consider\u00f3 que tendr\u00eda que revisarse el sistema de partidos actual, y eso lo analizar\u00e1n en la reuni\u00f3n de panistas que inicia este lunes, donde adem\u00e1s abordar\u00e1n las reformas energ\u00e9tica y educativa.<\/p>\n<p>El segundo en recibir su credencial fue el tambi\u00e9n panista Juan Antonio Mart\u00edn del Campo, de Aguascalientes, quien dijo que si bien no tendr\u00e1n mayor\u00eda apoyar\u00e1n las iniciativas que sean a favor de M\u00e9xico.<\/p>\n","protected":false},"excerpt":{"rendered":"<p>El proceso de credencializaci\u00f3n de los diputados la 64 Legislatura inici\u00f3 en el Palacio Legislativo de San L\u00e1zaro. Los primeros en realizar el tr\u00e1mite son los futuros legisladores del Movimiento de Regeneraci\u00f3n Nacional (Morena).<\/p>\n","protected":false},"author":3,"featured_media":390992,"comment_status":"open","ping_status":"open","sticky":false,"template":"","format":"standard","meta":{"_monsterinsights_skip_tracking":false,"_monsterinsights_sitenote_active":false,"_monsterinsights_sitenote_note":"","_monsterinsights_sitenote_category":0,"footnotes":""},"categories":[3],"tags":[77301,20271,43673],"class_list":["post-390913","post","type-post","status-publish","format-standard","has-post-thumbnail","hentry","category-nacional","tag-credencializacion","tag-movimiento-de-regeneracion-nacional","tag-nacional"],"_links":{"self":[{"href":"https:\/\/www.diarioimagen.net\/index.php?rest_route=\/wp\/v2\/posts\/390913","targetHints":{"allow":["GET"]}}],"collection":[{"href":"https:\/\/www.diarioimagen.net\/index.php?rest_route=\/wp\/v2\/posts"}],"about":[{"href":"https:\/\/www.diarioimagen.net\/index.php?rest_route=\/wp\/v2\/types\/post"}],"author":[{"embeddable":true,"href":"https:\/\/www.diarioimagen.net\/index.php?rest_route=\/wp\/v2\/users\/3"}],"replies":[{"embeddable":true,"href":"https:\/\/www.diarioimagen.net\/index.php?rest_route=%2Fwp%2Fv2%2Fcomments&post=390913"}],"version-history":[{"count":0,"href":"https:\/\/www.diarioimagen.net\/index.php?rest_route=\/wp\/v2\/posts\/390913\/revisions"}],"wp:featuredmedia":[{"embeddable":true,"href":"https:\/\/www.diarioimagen.net\/index.php?rest_route=\/wp\/v2\/media\/390992"}],"wp:attachment":[{"href":"https:\/\/www.diarioimagen.net\/index.php?rest_route=%2Fwp%2Fv2%2Fmedia&parent=390913"}],"wp:term":[{"taxonomy":"category","embeddable":true,"href":"https:\/\/www.diarioimagen.net\/index.php?rest_route=%2Fwp%2Fv2%2Fcategories&post=390913"},{"taxonomy":"post_tag","embeddable":true,"href":"https:\/\/www.diarioimagen.net\/index.php?rest_route=%2Fwp%2Fv2%2Ftags&post=390913"}],"curies":[{"name":"wp","href":"https:\/\/api.w.org\/{rel}","templated":true}]}}