{"id":390921,"date":"2018-08-21T00:06:28","date_gmt":"2018-08-21T05:06:28","guid":{"rendered":"https:\/\/www.diarioimagen.net\/?p=390921"},"modified":"2018-08-21T10:14:13","modified_gmt":"2018-08-21T15:14:13","slug":"entrega-david-lopez-cardenas-obras-de-arco-techo-en-primaria","status":"publish","type":"post","link":"https:\/\/www.diarioimagen.net\/?p=390921","title":{"rendered":"Entrega David L\u00f3pez C\u00e1rdenas obras de arco-techo en primaria"},"content":{"rendered":"<ul>\n<li><strong><em>Regreso a clases en Metepec<\/em><\/strong><\/li>\n<\/ul>\n<p>&nbsp;<\/p>\n<div id=\"attachment_391018\" style=\"width: 470px\" class=\"wp-caption aligncenter\"><a href=\"https:\/\/www.diarioimagen.net\/?attachment_id=391018\" rel=\"attachment wp-att-391018\"><img loading=\"lazy\" decoding=\"async\" aria-describedby=\"caption-attachment-391018\" class=\"size-large wp-image-391018\" src=\"https:\/\/www.diarioimagen.net\/wp-content\/uploads\/2018\/08\/METEPEC-3437-460x259.jpg\" alt=\"\" width=\"460\" height=\"259\" srcset=\"https:\/\/www.diarioimagen.net\/wp-content\/uploads\/2018\/08\/METEPEC-3437-460x259.jpg 460w, https:\/\/www.diarioimagen.net\/wp-content\/uploads\/2018\/08\/METEPEC-3437-240x135.jpg 240w, https:\/\/www.diarioimagen.net\/wp-content\/uploads\/2018\/08\/METEPEC-3437-235x132.jpg 235w, https:\/\/www.diarioimagen.net\/wp-content\/uploads\/2018\/08\/METEPEC-3437-202x114.jpg 202w, https:\/\/www.diarioimagen.net\/wp-content\/uploads\/2018\/08\/METEPEC-3437-350x196.jpg 350w, https:\/\/www.diarioimagen.net\/wp-content\/uploads\/2018\/08\/METEPEC-3437-220x123.jpg 220w, https:\/\/www.diarioimagen.net\/wp-content\/uploads\/2018\/08\/METEPEC-3437-237x132.jpg 237w, https:\/\/www.diarioimagen.net\/wp-content\/uploads\/2018\/08\/METEPEC-3437.jpg 480w\" sizes=\"auto, (max-width: 460px) 100vw, 460px\" \/><\/a><p id=\"caption-attachment-391018\" class=\"wp-caption-text\">El alcalde David L\u00f3pez entreg\u00f3 obras en una primaria en el inicio del ciclo escolar, en Metepec .<\/p><\/div>\n<p>&nbsp;<\/p>\n<p><strong>Metepec, Estado de M\u00e9xico<\/strong>.- Cada uno de la totalidad de alumnos de educaci\u00f3n b\u00e1sica de 130 escuelas p\u00fablicas de Metepec, recibir\u00e1 a partir de la pr\u00f3xima semana paquete escolar que otorga el ayuntamiento por tercer a\u00f1o consecutivo, integrado por mochila o lonchera, chamarra y calzado deportivo, anunci\u00f3 el alcalde David L\u00f3pez C\u00e1rdenas, al inaugurar el ciclo escolar.<\/p>\n<p>En el acto celebrado en la escuela primaria Guadalupe Victoria de San Salvador Tizatlalli, el director general del Sistema para el Desarrollo Integral de la Familia del Estado de M\u00e9xico (DIFEM) y presidente de Gabinete Regional, Miguel \u00c1ngel Torres Cabello, entreg\u00f3 a estudiantes del plantel, libros de texto, \u00fatiles y mochilas, como parte del programa educativo del gobierno estatal, mismo que paralelamente se llev\u00f3 a cabo este d\u00eda en distintos puntos del territorio mexiquense.<\/p>\n<p>En el lugar, con la presencia de padres de familia y la diputada local, Karina Bastida Guadarrama, el edil metepequense entreg\u00f3 a la comunidad estudiantil, obras de construcci\u00f3n de un arco-techo, piso de concreto y colocaci\u00f3n de iluminaci\u00f3n en el sitio, el cual tuvo una inversi\u00f3n total de 897 mil 395 pesos.<\/p>\n<p>L\u00f3pez C\u00e1rdenas reiter\u00f3 apoyo absoluto a la educaci\u00f3n, destacando la aportaci\u00f3n permanente del gobernador Alfredo del Mazo Maza, para la consecuci\u00f3n de objetivos que en este caso, dijo, \u201cinciden en el fortalecimiento del sistema educativo reflej\u00e1ndose en el desarrollo y preparaci\u00f3n de la ni\u00f1ez y la juventud\u201d.<\/p>\n<p>En la primera jornada de regreso a clases, autoridades del ayuntamiento de Metepec asistieron a ceremonias de apertura en distintos planteles educativos, entre ellos, la secundaria Bandera Nacional y las primarias Henry Ford y Ernesto Vega Murillo, en las dos \u00faltimas, alumnos, profesores y directivos recibieron donaci\u00f3n de mobiliario.<\/p>\n","protected":false},"excerpt":{"rendered":"<p>Cada uno de la totalidad de alumnos de educaci\u00f3n b\u00e1sica de 130 escuelas p\u00fablicas de Metepec, recibir\u00e1 a partir de la pr\u00f3xima semana paquete escolar que otorga el ayuntamiento por tercer a\u00f1o consecutivo, integrado por mochila o lonchera, chamarra y calzado deportivo, anunci\u00f3 el alcalde David L\u00f3pez C\u00e1rdenas, al inaugurar el ciclo escolar.<\/p>\n","protected":false},"author":3,"featured_media":391018,"comment_status":"open","ping_status":"open","sticky":false,"template":"","format":"standard","meta":{"_monsterinsights_skip_tracking":false,"_monsterinsights_sitenote_active":false,"_monsterinsights_sitenote_note":"","_monsterinsights_sitenote_category":0,"footnotes":""},"categories":[35155],"tags":[43675,876,24244,74675],"class_list":["post-390921","post","type-post","status-publish","format-standard","has-post-thumbnail","hentry","category-estado-de-mexico-estado-de-mexico","tag-estado-de-mexico","tag-metepec","tag-obra","tag-techo"],"_links":{"self":[{"href":"https:\/\/www.diarioimagen.net\/index.php?rest_route=\/wp\/v2\/posts\/390921","targetHints":{"allow":["GET"]}}],"collection":[{"href":"https:\/\/www.diarioimagen.net\/index.php?rest_route=\/wp\/v2\/posts"}],"about":[{"href":"https:\/\/www.diarioimagen.net\/index.php?rest_route=\/wp\/v2\/types\/post"}],"author":[{"embeddable":true,"href":"https:\/\/www.diarioimagen.net\/index.php?rest_route=\/wp\/v2\/users\/3"}],"replies":[{"embeddable":true,"href":"https:\/\/www.diarioimagen.net\/index.php?rest_route=%2Fwp%2Fv2%2Fcomments&post=390921"}],"version-history":[{"count":0,"href":"https:\/\/www.diarioimagen.net\/index.php?rest_route=\/wp\/v2\/posts\/390921\/revisions"}],"wp:featuredmedia":[{"embeddable":true,"href":"https:\/\/www.diarioimagen.net\/index.php?rest_route=\/wp\/v2\/media\/391018"}],"wp:attachment":[{"href":"https:\/\/www.diarioimagen.net\/index.php?rest_route=%2Fwp%2Fv2%2Fmedia&parent=390921"}],"wp:term":[{"taxonomy":"category","embeddable":true,"href":"https:\/\/www.diarioimagen.net\/index.php?rest_route=%2Fwp%2Fv2%2Fcategories&post=390921"},{"taxonomy":"post_tag","embeddable":true,"href":"https:\/\/www.diarioimagen.net\/index.php?rest_route=%2Fwp%2Fv2%2Ftags&post=390921"}],"curies":[{"name":"wp","href":"https:\/\/api.w.org\/{rel}","templated":true}]}}