{"id":391093,"date":"2018-08-22T00:11:48","date_gmt":"2018-08-22T05:11:48","guid":{"rendered":"https:\/\/www.diarioimagen.net\/?p=391093"},"modified":"2018-08-23T01:08:16","modified_gmt":"2018-08-23T06:08:16","slug":"uaem-y-tribunal-superior-de-justicia-suman-esfuerzos","status":"publish","type":"post","link":"https:\/\/www.diarioimagen.net\/?p=391093","title":{"rendered":"UAEM y Tribunal Superior de Justicia suman esfuerzos"},"content":{"rendered":"<ul>\n<li><strong><em>Para difundir cultura de la legalidad<\/em><\/strong><\/li>\n<\/ul>\n<p>&nbsp;<\/p>\n<div id=\"attachment_391211\" style=\"width: 470px\" class=\"wp-caption aligncenter\"><a href=\"https:\/\/www.diarioimagen.net\/?attachment_id=391211\" rel=\"attachment wp-att-391211\"><img loading=\"lazy\" decoding=\"async\" aria-describedby=\"caption-attachment-391211\" class=\"size-large wp-image-391211\" src=\"https:\/\/www.diarioimagen.net\/wp-content\/uploads\/2018\/08\/UAEM-3438-460x259.jpg\" alt=\"\" width=\"460\" height=\"259\" srcset=\"https:\/\/www.diarioimagen.net\/wp-content\/uploads\/2018\/08\/UAEM-3438-460x259.jpg 460w, https:\/\/www.diarioimagen.net\/wp-content\/uploads\/2018\/08\/UAEM-3438-240x135.jpg 240w, https:\/\/www.diarioimagen.net\/wp-content\/uploads\/2018\/08\/UAEM-3438-235x132.jpg 235w, https:\/\/www.diarioimagen.net\/wp-content\/uploads\/2018\/08\/UAEM-3438-202x114.jpg 202w, https:\/\/www.diarioimagen.net\/wp-content\/uploads\/2018\/08\/UAEM-3438-350x196.jpg 350w, https:\/\/www.diarioimagen.net\/wp-content\/uploads\/2018\/08\/UAEM-3438-220x123.jpg 220w, https:\/\/www.diarioimagen.net\/wp-content\/uploads\/2018\/08\/UAEM-3438-237x132.jpg 237w, https:\/\/www.diarioimagen.net\/wp-content\/uploads\/2018\/08\/UAEM-3438.jpg 480w\" sizes=\"auto, (max-width: 460px) 100vw, 460px\" \/><\/a><p id=\"caption-attachment-391211\" class=\"wp-caption-text\">El rector de la Aut\u00f3noma mexiquense, Alfredo Barrera Baca, y el presidente del Tribunal Superior de Justicia de la entidad, Sergio Medina Pe\u00f1aloza, firmaron un convenio espec\u00edfico de colaboraci\u00f3n.<\/p><\/div>\n<p>&nbsp;<\/p>\n<p><strong>Toluca, Estado de M\u00e9xico<\/strong>.\u2013 La Universidad Aut\u00f3noma del Estado de M\u00e9xico y el Poder Judicial del Estado de M\u00e9xico suman recursos y capacidades para difundir la cultura de la legalidad y promover principios que siembren en el comportamiento social la idea de la justicia, sostuvo el rector Alfredo Barrera Baca, quien destac\u00f3 que ambas instituciones comparten el compromiso de actuar por el bien com\u00fan siguiendo los dictados de la legalidad.<\/p>\n<p>Al firmar un convenio espec\u00edfico de colaboraci\u00f3n con el presidente del Tribunal Superior de Justicia y del Consejo de la Judicatura del Estado de M\u00e9xico, Sergio Javier Medina Pe\u00f1aloza, Barrera Baca manifest\u00f3 que en el marco de este instrumento legal, la radiodifusora universitaria Uni Radio 99.7 F.M. trasmitir\u00e1 el programa \u201cYo por la justicia\u201d, que tendr\u00e1 como invitados a expertos del poder judicial de la entidad.<\/p>\n<p>Ante el consejero de la Judicatura y ex rector de la UAEM, Marco Antonio Morales G\u00f3mez, enfatiz\u00f3 que \u201csin duda, la estaci\u00f3n universitaria ser\u00e1 el espacio id\u00f3neo para que todo oyente conozca la mejor forma de proceder ante la injusticia\u201d, pero tambi\u00e9n reconocer el mejor camino para no caer en ella.<\/p>\n<p>Acompa\u00f1ado del director general de Comunicaci\u00f3n Universitaria, Gast\u00f3n Pedraza Mu\u00f1oz, y la directora de Comunicaci\u00f3n Social del Poder Judicial, Marta Valdespino Vargas, Alfredo Barrera Baca indic\u00f3 que al enfocarse en una pedagog\u00eda \u00e9tica y para la \u00e9tica, la UAEM sensibiliza en temas como la responsabilidad y los derechos ciudadanos.<\/p>\n<p>En el sal\u00f3n de plenos del edificio administrativo del Poder Judicial, el magistrado\u00a0Sergio Javier Medina Pe\u00f1aloza subray\u00f3 que con la solidaridad y liderazgo que distinguen al rector Alfredo Barrera Baca ser\u00e1 posible fortalecer la difusi\u00f3n de la cultura de la legalidad en un contexto social de mayor amplitud.<\/p>\n<p>En presencia de integrantes del gabinete universitario y consejeros de la Judicatura, afirm\u00f3 que el programa radiof\u00f3nico \u201cYo por la cultura\u201d, que ser\u00e1 transmitido los d\u00edas mi\u00e9rcoles a las 13:00 horas, es la cuarta etapa de un proyecto de difusi\u00f3n respecto al quehacer del Poder Judicial, que inici\u00f3 en escuelas de nivel b\u00e1sico y alcanz\u00f3 a los Centros de Convivencia Familiar.<\/p>\n<p>Bajo un esquema accesible a todo p\u00fablico, \u201cYo por la cultura\u201d tiene por objeto fortalecer y preservar los principios y valores sociales, difundir las ideas de respeto y convivencia con el otro, se\u00f1al\u00f3 Medina Pe\u00f1aloza, quien destac\u00f3 que adem\u00e1s de dictar sentencias, el poder judicial es determinante para sustentar el orden social.<\/p>\n<p>Gast\u00f3n Pedraza Mu\u00f1oz resalt\u00f3 la importancia de que la sociedad sea part\u00edcipe de los cambios sociales y jur\u00eddicos de los \u00faltimos a\u00f1os en temas como violencia de g\u00e9nero, diversidad sexual, acoso y discriminaci\u00f3n; asimismo, que conozca el funcionamiento de las leyes y el sistema de justicia en M\u00e9xico.<\/p>\n<p>En tanto, Martha Valdespino Vargas expres\u00f3 que la signa de este instrumento de colaboraci\u00f3n muestra el inter\u00e9s de ambas instituciones por hacer de la justicia un valor fundamental en la vida cotidiana, mensaje que con el apoyo de Uni Radio 99.7 se reforzar\u00e1 entre los j\u00f3venes y la sociedad en general.<\/p>\n","protected":false},"excerpt":{"rendered":"<p>La Universidad Aut\u00f3noma del Estado de M\u00e9xico y el Poder Judicial del Estado de M\u00e9xico suman recursos y capacidades para difundir la cultura de la legalidad y promover principios que siembren en el comportamiento social la idea de la justicia, sostuvo el rector Alfredo Barrera Baca, quien destac\u00f3 que ambas instituciones comparten el compromiso de actuar por el bien com\u00fan siguiendo los dictados de la legalidad.<\/p>\n","protected":false},"author":3,"featured_media":391211,"comment_status":"open","ping_status":"open","sticky":false,"template":"","format":"standard","meta":{"_monsterinsights_skip_tracking":false,"_monsterinsights_sitenote_active":false,"_monsterinsights_sitenote_note":"","_monsterinsights_sitenote_category":0,"footnotes":""},"categories":[5],"tags":[77365,43675,4696,452],"class_list":["post-391093","post","type-post","status-publish","format-standard","has-post-thumbnail","hentry","category-estado-de-mexico","tag-esfuero","tag-estado-de-mexico","tag-justicia","tag-toluca"],"_links":{"self":[{"href":"https:\/\/www.diarioimagen.net\/index.php?rest_route=\/wp\/v2\/posts\/391093","targetHints":{"allow":["GET"]}}],"collection":[{"href":"https:\/\/www.diarioimagen.net\/index.php?rest_route=\/wp\/v2\/posts"}],"about":[{"href":"https:\/\/www.diarioimagen.net\/index.php?rest_route=\/wp\/v2\/types\/post"}],"author":[{"embeddable":true,"href":"https:\/\/www.diarioimagen.net\/index.php?rest_route=\/wp\/v2\/users\/3"}],"replies":[{"embeddable":true,"href":"https:\/\/www.diarioimagen.net\/index.php?rest_route=%2Fwp%2Fv2%2Fcomments&post=391093"}],"version-history":[{"count":0,"href":"https:\/\/www.diarioimagen.net\/index.php?rest_route=\/wp\/v2\/posts\/391093\/revisions"}],"wp:featuredmedia":[{"embeddable":true,"href":"https:\/\/www.diarioimagen.net\/index.php?rest_route=\/wp\/v2\/media\/391211"}],"wp:attachment":[{"href":"https:\/\/www.diarioimagen.net\/index.php?rest_route=%2Fwp%2Fv2%2Fmedia&parent=391093"}],"wp:term":[{"taxonomy":"category","embeddable":true,"href":"https:\/\/www.diarioimagen.net\/index.php?rest_route=%2Fwp%2Fv2%2Fcategories&post=391093"},{"taxonomy":"post_tag","embeddable":true,"href":"https:\/\/www.diarioimagen.net\/index.php?rest_route=%2Fwp%2Fv2%2Ftags&post=391093"}],"curies":[{"name":"wp","href":"https:\/\/api.w.org\/{rel}","templated":true}]}}