{"id":391270,"date":"2018-08-23T00:10:02","date_gmt":"2018-08-23T05:10:02","guid":{"rendered":"https:\/\/www.diarioimagen.net\/?p=391270"},"modified":"2018-08-23T01:16:38","modified_gmt":"2018-08-23T06:16:38","slug":"se-suman-500-mil-mexiquenses-mas-al-seguro-popular","status":"publish","type":"post","link":"https:\/\/www.diarioimagen.net\/?p=391270","title":{"rendered":"Suman 500 mil mexiquenses m\u00e1s al Seguro Popular"},"content":{"rendered":"<h2>Arco Norte<\/h2>\n<h5>Jos\u00e9 Luis Monta\u00f1ez Aguilar<\/h5>\n<p>&nbsp;<\/p>\n<div id=\"attachment_391271\" style=\"width: 430px\" class=\"wp-caption aligncenter\"><img loading=\"lazy\" decoding=\"async\" aria-describedby=\"caption-attachment-391271\" class=\"wp-image-391271\" src=\"https:\/\/www.diarioimagen.net\/wp-content\/uploads\/2018\/08\/AFILIADOS23-poortal-241x460.jpg\" alt=\"\" width=\"420\" height=\"802\" srcset=\"https:\/\/www.diarioimagen.net\/wp-content\/uploads\/2018\/08\/AFILIADOS23-poortal-241x460.jpg 241w, https:\/\/www.diarioimagen.net\/wp-content\/uploads\/2018\/08\/AFILIADOS23-poortal-126x240.jpg 126w, https:\/\/www.diarioimagen.net\/wp-content\/uploads\/2018\/08\/AFILIADOS23-poortal.jpg 700w\" sizes=\"auto, (max-width: 420px) 100vw, 420px\" \/><p id=\"caption-attachment-391271\" class=\"wp-caption-text\">En el Estado de M\u00e9xico se han afiliado m\u00e1s de medio mill\u00f3n de mexiquenses al Seguro Popular, anunci\u00f3 el Secretario de Salud, Gabriel O\u00bbShea Cuevas<\/p><\/div>\n<p>&nbsp;<\/p>\n<p>&nbsp;<\/p>\n<p>En 11 meses de la administraci\u00f3n, encabezada por el gobernador Alfredo Del Mazo Maza, en el Estado de M\u00e9xico se han afiliado m\u00e1s de medio mill\u00f3n de mexiquenses al Seguro Popular, quienes anteriormente no ten\u00edan seguridad social, as\u00ed lo dio a conocer el secretario de Salud, Gabriel O\u2019Shea Cuevas.<\/p>\n<p>Actualmente son 7.2 millones de afiliados al Seguro Popular en la entidad, quienes se benefician con la cobertura de mil 800 enfermedades y 650 claves de medicamentos, incluidos en el Cat\u00e1logo Universal de Servicios de Salud (CAUSES).<\/p>\n<p>Adem\u00e1s, pueden disponer del Fondo de Gastos Catastr\u00f3ficos, a trav\u00e9s del cual se atienden los principales tipos de c\u00e1ncer y otros padecimientos de alto costo.<\/p>\n<p>Asimismo, los ni\u00f1os menores de cinco a\u00f1os reciben atenci\u00f3n gratuita de todas las enfermedades mediante el Seguro M\u00e9dico Siglo XXI.<\/p>\n<p>Al encabezar la s\u00e9ptima sesi\u00f3n del Gabinete Regional IX Naucalpan, el tambi\u00e9n director general del Instituto de Salud del Estado de M\u00e9xico (ISEM), se\u00f1al\u00f3 que se reforzar\u00e1n las estrategias de afiliaci\u00f3n con apoyo de los gobiernos municipales, con el objetivo de alcanzar a cerca de 600 mil mexiquenses que, de acuerdo con el Instituto Nacional de Estad\u00edstica y Geograf\u00eda (INEGI), a\u00fan no tienen seguridad social.<\/p>\n<p style=\"text-align: center;\"><strong>Concluyen capacitaci\u00f3n para el trabajo m\u00e1s de 25 mil mexiquenses<\/strong><\/p>\n<p>El Instituto de Capacitaci\u00f3n y Adiestramiento para el Trabajo Industrial (ICATI), concluy\u00f3 sus cursos escolarizados del semestre marzo-agosto, del que egresaron 25 mil 477 mexiquenses de alguna de las 17 \u00e1reas especializadas que integran la oferta educativa que se brinda a trav\u00e9s de las Escuelas de Artes y Oficios (EDAYOS).<\/p>\n<p>Durante la clausura, el director general del ICATI, Jaime Rebollo Hern\u00e1ndez, destac\u00f3 que de cada 10 alumnos que se inscriben a las EDAYOS, ocho concluyen su capacitaci\u00f3n satisfactoriamente, lo que destac\u00f3 como un gran logro de los planteles e instructores.<\/p>\n<p>Rebollo Hern\u00e1ndez resalt\u00f3 la necesidad del ICATI de trabajar en la renovaci\u00f3n de los planes y programas de estudio para que esto les permita a los egresados ser m\u00e1s competitivos.<\/p>\n<p>Asimismo, refiri\u00f3 a los egresados que seguir\u00e1 abierta la oportunidad de vincularse con el sector laboral.<\/p>\n<p><em><a href=\"mailto:montanezaguilar@gmail.com\" target=\"_blank\" rel=\"noopener\">montanezaguilar@gmail.com<\/a><\/em><\/p>\n","protected":false},"excerpt":{"rendered":"<p><span style=\"color: #005497;\">Jos\u00e9 Luis Monta\u00f1ez Aguilar<\/span><br \/>\n<br \/>\n En 11 meses de la administraci\u00f3n encabezada por el gobernador Alfredo Del Mazo Maza, en el Estado de M\u00e9xico se han afiliado m\u00e1s de medio mill\u00f3n de mexiquenses al Seguro Popular, quienes anteriormente no ten\u00edan seguridad social, as\u00ed lo dio a conocer el Secretario de Salud, Gabriel O\u00bbShea Cuevas.\u00a0<\/p>\n","protected":false},"author":5,"featured_media":391272,"comment_status":"open","ping_status":"open","sticky":false,"template":"","format":"standard","meta":{"_monsterinsights_skip_tracking":false,"_monsterinsights_sitenote_active":false,"_monsterinsights_sitenote_note":"","_monsterinsights_sitenote_category":0,"footnotes":""},"categories":[5],"tags":[77384,2505,13284,14168,43704,43674,43692,1725],"class_list":["post-391270","post","type-post","status-publish","format-standard","has-post-thumbnail","hentry","category-estado-de-mexico","tag-500-mil-mexiquenses","tag-alfredo-del-mazo-maza","tag-arco-norte","tag-gabriel-oshea-cuevas","tag-jose-luis-montanez-aguilar","tag-opinion","tag-salud","tag-seguro-popular"],"_links":{"self":[{"href":"https:\/\/www.diarioimagen.net\/index.php?rest_route=\/wp\/v2\/posts\/391270","targetHints":{"allow":["GET"]}}],"collection":[{"href":"https:\/\/www.diarioimagen.net\/index.php?rest_route=\/wp\/v2\/posts"}],"about":[{"href":"https:\/\/www.diarioimagen.net\/index.php?rest_route=\/wp\/v2\/types\/post"}],"author":[{"embeddable":true,"href":"https:\/\/www.diarioimagen.net\/index.php?rest_route=\/wp\/v2\/users\/5"}],"replies":[{"embeddable":true,"href":"https:\/\/www.diarioimagen.net\/index.php?rest_route=%2Fwp%2Fv2%2Fcomments&post=391270"}],"version-history":[{"count":0,"href":"https:\/\/www.diarioimagen.net\/index.php?rest_route=\/wp\/v2\/posts\/391270\/revisions"}],"wp:featuredmedia":[{"embeddable":true,"href":"https:\/\/www.diarioimagen.net\/index.php?rest_route=\/wp\/v2\/media\/391272"}],"wp:attachment":[{"href":"https:\/\/www.diarioimagen.net\/index.php?rest_route=%2Fwp%2Fv2%2Fmedia&parent=391270"}],"wp:term":[{"taxonomy":"category","embeddable":true,"href":"https:\/\/www.diarioimagen.net\/index.php?rest_route=%2Fwp%2Fv2%2Fcategories&post=391270"},{"taxonomy":"post_tag","embeddable":true,"href":"https:\/\/www.diarioimagen.net\/index.php?rest_route=%2Fwp%2Fv2%2Ftags&post=391270"}],"curies":[{"name":"wp","href":"https:\/\/api.w.org\/{rel}","templated":true}]}}