{"id":391312,"date":"2018-08-23T00:11:44","date_gmt":"2018-08-23T05:11:44","guid":{"rendered":"https:\/\/www.diarioimagen.net\/?p=391312"},"modified":"2018-08-23T04:50:20","modified_gmt":"2018-08-23T09:50:20","slug":"programas-prioritarios-requeriran-500-mil-mdp","status":"publish","type":"post","link":"https:\/\/www.diarioimagen.net\/?p=391312","title":{"rendered":"Programas prioritarios requerir\u00e1n 500 mil mdp"},"content":{"rendered":"<ul>\n<li><em><strong>En el primer a\u00f1o de gobierno de L\u00f3pez Obrador<\/strong><\/em><\/li>\n<li><em><strong>No vamos a endeudar al pa\u00eds: pr\u00f3ximo subsecretario de Egresos<\/strong><\/em><\/li>\n<\/ul>\n<p>&nbsp;<\/p>\n<div id=\"attachment_391371\" style=\"width: 470px\" class=\"wp-caption aligncenter\"><a href=\"https:\/\/www.diarioimagen.net\/wp-content\/uploads\/2018\/08\/GASTO-3439.jpg\"><img loading=\"lazy\" decoding=\"async\" aria-describedby=\"caption-attachment-391371\" class=\"size-large wp-image-391371\" src=\"https:\/\/www.diarioimagen.net\/wp-content\/uploads\/2018\/08\/GASTO-3439-460x259.jpg\" alt=\"\" width=\"460\" height=\"259\" srcset=\"https:\/\/www.diarioimagen.net\/wp-content\/uploads\/2018\/08\/GASTO-3439-460x259.jpg 460w, https:\/\/www.diarioimagen.net\/wp-content\/uploads\/2018\/08\/GASTO-3439-240x135.jpg 240w, https:\/\/www.diarioimagen.net\/wp-content\/uploads\/2018\/08\/GASTO-3439-235x132.jpg 235w, https:\/\/www.diarioimagen.net\/wp-content\/uploads\/2018\/08\/GASTO-3439-202x114.jpg 202w, https:\/\/www.diarioimagen.net\/wp-content\/uploads\/2018\/08\/GASTO-3439-350x196.jpg 350w, https:\/\/www.diarioimagen.net\/wp-content\/uploads\/2018\/08\/GASTO-3439-220x123.jpg 220w, https:\/\/www.diarioimagen.net\/wp-content\/uploads\/2018\/08\/GASTO-3439-237x132.jpg 237w, https:\/\/www.diarioimagen.net\/wp-content\/uploads\/2018\/08\/GASTO-3439.jpg 480w\" sizes=\"auto, (max-width: 460px) 100vw, 460px\" \/><\/a><p id=\"caption-attachment-391371\" class=\"wp-caption-text\">Gerardo Esquivel, pr\u00f3ximo subsecretario de Egresos, afirm\u00f3 que programas prioritarios requerir\u00e1n 500 mil millones de pesos en el primer a\u00f1o.<\/p><\/div>\n<p>&nbsp;<\/p>\n<p>Los programas prioritarios del pr\u00f3ximo gobierno requerir\u00e1n 500 mil millones de pesos en el primer a\u00f1o y ser\u00e1n financiados con la estrategia fiscal, asegur\u00f3 Gerardo Esquivel, pr\u00f3ximo subsecretario de Egresos de la Secretar\u00eda de Hacienda y Cr\u00e9dito P\u00fablico (SHCP).<\/p>\n<p>\u201cYa se han ido anunciando programas priotarios; son 25 y requieren un monto de recursos muy importante, de 500 mil millones de pesos en el primer a\u00f1o y ese monto tendr\u00e1 que ser financiado con el espacio fiscal que ya tenemos. Por ello, el componente de estrategia es el ajuste en el gasto\u201d.<\/p>\n<p>Durante su participaci\u00f3n en el Foro Estrategia Banorte, destac\u00f3 que el presupuesto para el pr\u00f3ximo a\u00f1o ser\u00e1 completamente diferente al de a\u00f1os anteriores, pero estar\u00e1 acompa\u00f1ado en la parte de Ingresos y del marco macroecon\u00f3mico, de un mantenimiento de la responsabilidad fiscal.<\/p>\n<p>\u201cNo vamos a endeudar al pa\u00eds\u201d, dijo al destacar que lograr\u00e1n aplicar los programas sociales que se plantearon desde la campa\u00f1a (para adultos mayores, j\u00f3venes y de reforestaci\u00f3n), con una reingenier\u00eda presupuestal.<\/p>\n<p>Esquivel Hern\u00e1ndez afirm\u00f3 que se trabajar\u00e1 en las pr\u00f3ximas semanas para que el presupuesto que se presente el pr\u00f3ximo 15 de diciembre al Congreso de la Uni\u00f3n, refleje tanto las preocupaciones y prioridades del pr\u00f3ximo gobierno, pero tambi\u00e9n brinde certidumbre al sector privado, y a los inversionistas.<\/p>\n<p>\u201cPara nosotros eso es importante, nosotros sabemos lo importante y lo crucial de este aspecto, pero al mismo tiempo sabemos que la estabilidad fiscal es necesaria, pero no ha sido suficiente, necesitamos, por lo tanto, hacer cambios en la composici\u00f3n del Presupuesto, porque si seguimos haciendo lo mismo con el presupuesto vamos a tener los mismo resultados\u201d.<\/p>\n<p>Durante la ponencia \u201cNueva estrategia presupuestal\u201d, dijo que para implementar los programas sociales, se buscar\u00e1n ahorros con la eliminaci\u00f3n de programas sociales que se dupliquen, que sean ineficientes o tengan un m\u00ednimo impacto en la poblaci\u00f3n; adem\u00e1s de la reducci\u00f3n y compactaci\u00f3n de \u00e1reas burocr\u00e1ticas.<\/p>\n<p>A eso se sumar\u00e1n los ahorros en las compras consolidadas que se esperan aplicar casi desde el inicio de la pr\u00f3xima administraci\u00f3n, lo que contribuir\u00e1 a una disminuci\u00f3n importante de la corrupci\u00f3n, destac\u00f3 el pr\u00f3ximo funcionario federal.<\/p>\n<p>Al subrayar que este programa de austeridad no implica hacer m\u00e1s peque\u00f1o al Estado sino reducir el gasto para destinarlo a programas prioritarios, destac\u00f3 que hay 25 programas\u00a0 que requieren recursos por 500 mil millones de pesos en el primer a\u00f1o.<\/p>\n","protected":false},"excerpt":{"rendered":"<p>Los programas prioritarios del pr\u00f3ximo gobierno requerir\u00e1n 500 mil millones de pesos en el primer a\u00f1o y ser\u00e1n financiados con la estrategia fiscal, asegur\u00f3 Gerardo Esquivel, pr\u00f3ximo subsecretario de Egresos de la Secretar\u00eda de Hacienda y Cr\u00e9dito P\u00fablico (SHCP).<\/p>\n","protected":false},"author":3,"featured_media":391371,"comment_status":"open","ping_status":"open","sticky":false,"template":"","format":"standard","meta":{"_monsterinsights_skip_tracking":false,"_monsterinsights_sitenote_active":false,"_monsterinsights_sitenote_note":"","_monsterinsights_sitenote_category":0,"footnotes":""},"categories":[8],"tags":[2545,43678,20477],"class_list":["post-391312","post","type-post","status-publish","format-standard","has-post-thumbnail","hentry","category-finanzas","tag-amlo","tag-finanzas","tag-recursos"],"_links":{"self":[{"href":"https:\/\/www.diarioimagen.net\/index.php?rest_route=\/wp\/v2\/posts\/391312","targetHints":{"allow":["GET"]}}],"collection":[{"href":"https:\/\/www.diarioimagen.net\/index.php?rest_route=\/wp\/v2\/posts"}],"about":[{"href":"https:\/\/www.diarioimagen.net\/index.php?rest_route=\/wp\/v2\/types\/post"}],"author":[{"embeddable":true,"href":"https:\/\/www.diarioimagen.net\/index.php?rest_route=\/wp\/v2\/users\/3"}],"replies":[{"embeddable":true,"href":"https:\/\/www.diarioimagen.net\/index.php?rest_route=%2Fwp%2Fv2%2Fcomments&post=391312"}],"version-history":[{"count":0,"href":"https:\/\/www.diarioimagen.net\/index.php?rest_route=\/wp\/v2\/posts\/391312\/revisions"}],"wp:featuredmedia":[{"embeddable":true,"href":"https:\/\/www.diarioimagen.net\/index.php?rest_route=\/wp\/v2\/media\/391371"}],"wp:attachment":[{"href":"https:\/\/www.diarioimagen.net\/index.php?rest_route=%2Fwp%2Fv2%2Fmedia&parent=391312"}],"wp:term":[{"taxonomy":"category","embeddable":true,"href":"https:\/\/www.diarioimagen.net\/index.php?rest_route=%2Fwp%2Fv2%2Fcategories&post=391312"},{"taxonomy":"post_tag","embeddable":true,"href":"https:\/\/www.diarioimagen.net\/index.php?rest_route=%2Fwp%2Fv2%2Ftags&post=391312"}],"curies":[{"name":"wp","href":"https:\/\/api.w.org\/{rel}","templated":true}]}}