{"id":391317,"date":"2018-08-23T00:10:26","date_gmt":"2018-08-23T05:10:26","guid":{"rendered":"https:\/\/www.diarioimagen.net\/?p=391317"},"modified":"2018-08-23T04:54:55","modified_gmt":"2018-08-23T09:54:55","slug":"mexico-sera-un-paraiso-para-la-inversion-dice-romo","status":"publish","type":"post","link":"https:\/\/www.diarioimagen.net\/?p=391317","title":{"rendered":"M\u00e9xico ser\u00e1 un para\u00edso para la inversi\u00f3n, dice Romo"},"content":{"rendered":"<ul>\n<li><strong><em>Habr\u00e1 un nuevo plan fiscal<\/em><\/strong><\/li>\n<\/ul>\n<p>&nbsp;<\/p>\n<div id=\"attachment_391376\" style=\"width: 470px\" class=\"wp-caption aligncenter\"><a href=\"https:\/\/www.diarioimagen.net\/wp-content\/uploads\/2018\/08\/PARAISO-3430.jpg\"><img loading=\"lazy\" decoding=\"async\" aria-describedby=\"caption-attachment-391376\" class=\"size-large wp-image-391376\" src=\"https:\/\/www.diarioimagen.net\/wp-content\/uploads\/2018\/08\/PARAISO-3430-460x259.jpg\" alt=\"\" width=\"460\" height=\"259\" srcset=\"https:\/\/www.diarioimagen.net\/wp-content\/uploads\/2018\/08\/PARAISO-3430-460x259.jpg 460w, https:\/\/www.diarioimagen.net\/wp-content\/uploads\/2018\/08\/PARAISO-3430-240x135.jpg 240w, https:\/\/www.diarioimagen.net\/wp-content\/uploads\/2018\/08\/PARAISO-3430-235x132.jpg 235w, https:\/\/www.diarioimagen.net\/wp-content\/uploads\/2018\/08\/PARAISO-3430-202x114.jpg 202w, https:\/\/www.diarioimagen.net\/wp-content\/uploads\/2018\/08\/PARAISO-3430-350x196.jpg 350w, https:\/\/www.diarioimagen.net\/wp-content\/uploads\/2018\/08\/PARAISO-3430-220x123.jpg 220w, https:\/\/www.diarioimagen.net\/wp-content\/uploads\/2018\/08\/PARAISO-3430-237x132.jpg 237w, https:\/\/www.diarioimagen.net\/wp-content\/uploads\/2018\/08\/PARAISO-3430.jpg 480w\" sizes=\"auto, (max-width: 460px) 100vw, 460px\" \/><\/a><p id=\"caption-attachment-391376\" class=\"wp-caption-text\">Alfonso Romo garantiz\u00f3 que se trabajar\u00e1 de la mano con el sector empresarial, pues el nuevo motor de la econom\u00eda ser\u00e1 la inversi\u00f3n privada, nacional y extranjera.<\/p><\/div>\n<p>&nbsp;<\/p>\n<p>Al adelantar que habr\u00e1 un nuevo plan fiscal, Alfonso Romo, propuesto como coordinador de la Oficina de la Presidencia de la Rep\u00fablica en el pr\u00f3ximo gobierno, garantiz\u00f3 que la nueva administraci\u00f3n trabajar\u00e1 de la mano con el sector empresarial, pues el nuevo motor de la econom\u00eda ser\u00e1 la inversi\u00f3n privada, nacional y extranjera.<\/p>\n<p>\u201cNo estamos hablando de volver al pasado (ni de hacer) nada diferente, sino aprovechar lo que ya tenemos para crear m\u00e1s valor, m\u00e1s riqueza\u201d, dijo durante el Foro Estrategia Banorte 2018, Banorte, un Aliado del Futuro de M\u00e9xico, donde en posterior entrevista dej\u00f3 claro que no habr\u00e1 m\u00e1s impuestos ni alza a los actuales.<\/p>\n<p>Romo Garza indic\u00f3 que en breve se dar\u00e1n a conocer m\u00e1s detalles de lo que ser\u00e1 el nuevo plan fiscal, y dijo que tambi\u00e9n se buscar\u00e1 \u201cquitar el efectivo de la econom\u00eda\u201d para poder combatir la corrupci\u00f3n y sumar a mil millones de personas a la econom\u00eda formal.<\/p>\n<p>\u201cNi nuevo impuestos, ni m\u00e1s impuestos ni nada. Hay un proyecto muy interesante que no les puedo platicar ahorita (\u2026), se los voy a platicar en tres semanas\u201d, coment\u00f3 al preguntarle sobre el nuevo plan fiscal.<\/p>\n<p>El empresario regio, quien consider\u00f3 que la \u201cluna de miel\u201d entre el pr\u00f3ximo gobierno y el sector se empresarial pas\u00f3 a un \u201cmatrimonio cat\u00f3lico para siempre\u201d, resalt\u00f3 la importancia de crear un ambiente de confianza, lo cual se traducir\u00e1 en una mayor inversi\u00f3n y crecimiento para el pa\u00eds.<\/p>\n<p>\u201cEl reto de esta administraci\u00f3n es que (\u2026) le demos toda la confianza de que M\u00e9xico se va a convertir en un \u2018para\u00edso de la inversi\u00f3n\u2019, y para que se convierta en eso debe haber Estado de derecho y mucha seguridad\u201d.<\/p>\n<p>Expuso que la administraci\u00f3n federal entrante continuar\u00e1 sus reuniones con los empresarios del pa\u00eds para escucharlos, conocer sus necesidades, pues lo que se busca es ir \u201ccerrando filas entre el gobierno que entra y el sector privado\u201d.<\/p>\n<p>Al abordar el tema Visi\u00f3n del Nuevo Gobierno, hizo \u00e9nfasis en que \u201cestamos trabajando con todos (los empresarios). No hemos ido con todos, pero vamos a ir con todos\u201d.<\/p>\n","protected":false},"excerpt":{"rendered":"<p>Al adelantar que habr\u00e1 un nuevo plan fiscal, Alfonso Romo, propuesto como coordinador de la Oficina de la Presidencia de la Rep\u00fablica en el pr\u00f3ximo gobierno, garantiz\u00f3 que la nueva administraci\u00f3n trabajar\u00e1 de la mano con el sector empresarial, pues el nuevo motor de la econom\u00eda ser\u00e1 la inversi\u00f3n privada, nacional y extranjera.<\/p>\n","protected":false},"author":3,"featured_media":391376,"comment_status":"open","ping_status":"open","sticky":false,"template":"","format":"standard","meta":{"_monsterinsights_skip_tracking":false,"_monsterinsights_sitenote_active":false,"_monsterinsights_sitenote_note":"","_monsterinsights_sitenote_category":0,"footnotes":""},"categories":[8],"tags":[77411,77410],"class_list":["post-391317","post","type-post","status-publish","format-standard","has-post-thumbnail","hentry","category-finanzas","tag-inversionl","tag-oficina-de-la-presidencia-de-la-republica"],"_links":{"self":[{"href":"https:\/\/www.diarioimagen.net\/index.php?rest_route=\/wp\/v2\/posts\/391317","targetHints":{"allow":["GET"]}}],"collection":[{"href":"https:\/\/www.diarioimagen.net\/index.php?rest_route=\/wp\/v2\/posts"}],"about":[{"href":"https:\/\/www.diarioimagen.net\/index.php?rest_route=\/wp\/v2\/types\/post"}],"author":[{"embeddable":true,"href":"https:\/\/www.diarioimagen.net\/index.php?rest_route=\/wp\/v2\/users\/3"}],"replies":[{"embeddable":true,"href":"https:\/\/www.diarioimagen.net\/index.php?rest_route=%2Fwp%2Fv2%2Fcomments&post=391317"}],"version-history":[{"count":0,"href":"https:\/\/www.diarioimagen.net\/index.php?rest_route=\/wp\/v2\/posts\/391317\/revisions"}],"wp:featuredmedia":[{"embeddable":true,"href":"https:\/\/www.diarioimagen.net\/index.php?rest_route=\/wp\/v2\/media\/391376"}],"wp:attachment":[{"href":"https:\/\/www.diarioimagen.net\/index.php?rest_route=%2Fwp%2Fv2%2Fmedia&parent=391317"}],"wp:term":[{"taxonomy":"category","embeddable":true,"href":"https:\/\/www.diarioimagen.net\/index.php?rest_route=%2Fwp%2Fv2%2Fcategories&post=391317"},{"taxonomy":"post_tag","embeddable":true,"href":"https:\/\/www.diarioimagen.net\/index.php?rest_route=%2Fwp%2Fv2%2Ftags&post=391317"}],"curies":[{"name":"wp","href":"https:\/\/api.w.org\/{rel}","templated":true}]}}