{"id":391337,"date":"2018-08-23T00:09:58","date_gmt":"2018-08-23T05:09:58","guid":{"rendered":"https:\/\/www.diarioimagen.net\/?p=391337"},"modified":"2018-08-23T06:16:38","modified_gmt":"2018-08-23T11:16:38","slug":"mantiene-dif-metepec-programas-de-prevencion-y-atencion-de-cancer","status":"publish","type":"post","link":"https:\/\/www.diarioimagen.net\/?p=391337","title":{"rendered":"Mantiene DIF Metepec programas de prevenci\u00f3n y atenci\u00f3n de c\u00e1ncer"},"content":{"rendered":"<ul>\n<li><strong><em>El programa \u201cCarril Rosa\u201d cumple un a\u00f1o<\/em><\/strong><\/li>\n<\/ul>\n<p>&nbsp;<\/p>\n<div id=\"attachment_391394\" style=\"width: 470px\" class=\"wp-caption aligncenter\"><a href=\"https:\/\/www.diarioimagen.net\/wp-content\/uploads\/2018\/08\/METEPEC-3439.jpg\"><img loading=\"lazy\" decoding=\"async\" aria-describedby=\"caption-attachment-391394\" class=\"size-large wp-image-391394\" src=\"https:\/\/www.diarioimagen.net\/wp-content\/uploads\/2018\/08\/METEPEC-3439-460x259.jpg\" alt=\"\" width=\"460\" height=\"259\" srcset=\"https:\/\/www.diarioimagen.net\/wp-content\/uploads\/2018\/08\/METEPEC-3439-460x259.jpg 460w, https:\/\/www.diarioimagen.net\/wp-content\/uploads\/2018\/08\/METEPEC-3439-240x135.jpg 240w, https:\/\/www.diarioimagen.net\/wp-content\/uploads\/2018\/08\/METEPEC-3439-235x132.jpg 235w, https:\/\/www.diarioimagen.net\/wp-content\/uploads\/2018\/08\/METEPEC-3439-202x114.jpg 202w, https:\/\/www.diarioimagen.net\/wp-content\/uploads\/2018\/08\/METEPEC-3439-350x196.jpg 350w, https:\/\/www.diarioimagen.net\/wp-content\/uploads\/2018\/08\/METEPEC-3439-220x123.jpg 220w, https:\/\/www.diarioimagen.net\/wp-content\/uploads\/2018\/08\/METEPEC-3439-237x132.jpg 237w, https:\/\/www.diarioimagen.net\/wp-content\/uploads\/2018\/08\/METEPEC-3439.jpg 480w\" sizes=\"auto, (max-width: 460px) 100vw, 460px\" \/><\/a><p id=\"caption-attachment-391394\" class=\"wp-caption-text\">Gabriela Bringas Abarca encabez\u00f3 la ceremonia del primer aniversario del programa \u201cCarril Rosa\u201d, tratamiento acu\u00e1tico para mujeres que padecen linfedema.<\/p><\/div>\n<p>&nbsp;<\/p>\n<p><strong>Metepec, Estado de M\u00e9xico<\/strong>.- La presidenta del Sistema Municipal DIF de Metepec, Gabriela Bringas Abarca, encabez\u00f3 la ceremonia del primer aniversario del programa \u201cCarril Rosa\u201d, tratamiento acu\u00e1tico para mujeres que padecen linfedema a causa del c\u00e1ncer de mama, el cual se ofrece en las instalaciones del Multideportivo, que se ubica en la colonia San Jos\u00e9 La Pila.<\/p>\n<p>La titular del organismo asistencial destac\u00f3 que \u201cMetepec es el segundo municipio a nivel nacional en implementar un \u201cCarril Rosa\u201d; iniciamos con tres mujeres y hoy ya son 10.<\/p>\n<p>Nos satisface saber que con este proyecto ya pueden realizar sus actividades diarias de forma sencilla\u201d.<\/p>\n<p>Record\u00f3 que el proyecto se replic\u00f3 del modelo que opera en el municipio de Zapopan, en Jalisco y agradeci\u00f3 la suma de esfuerzos por parte del Instituto Municipal de Cultura F\u00edsica y Deporte de Metepec (IMCUFIDEM), quienes son los encargados de brindar las sesiones acu\u00e1ticas.<\/p>\n<p>En el evento, Bringas Abarca entreg\u00f3 nueve pr\u00f3tesis mamarias externas, que tuvieron una inversi\u00f3n de casi 30 mil pesos, con el objetivo de mejorar la salud f\u00edsica y emocional de las beneficiarias.<\/p>\n<p>A\u00f1adi\u00f3 que la administraci\u00f3n que encabeza el alcalde David L\u00f3pez C\u00e1rdenas, se ha enfocado en la prevenci\u00f3n y detecci\u00f3n oportuna del c\u00e1ncer de mama, a trav\u00e9s del programa \u201cCu\u00eddate, Con\u00f3cete y Comparte\u201d, que consiste en brindar pl\u00e1ticas de sensibilizaci\u00f3n a estudiantes de secundaria y bachillerato, capacitando a la fecha a cinco mil 369 personas, adem\u00e1s de la realizaci\u00f3n permanente de Jornadas gratuitas de Mastograf\u00edas.<\/p>\n<p>En el acto estuvieron presentes la diputada local, Karina Bastida Guadarrama; el director del DIF Metepec, Salvador Mart\u00ednez Caire; el coordinador del IMCUFIDEM e instructor del programa, Miguel \u00c1ngel Ch\u00e1vez Sol\u00eds y el gerente del Centro Deportivo de San Jos\u00e9 La Pila, Gilberto Yrisson Vel\u00e1zquez.<\/p>\n","protected":false},"excerpt":{"rendered":"<p>La presidenta del Sistema Municipal DIF de Metepec, Gabriela Bringas Abarca, encabez\u00f3 la ceremonia del primer aniversario del programa \u201cCarril Rosa\u201d, tratamiento acu\u00e1tico para mujeres que padecen linfedema a causa del c\u00e1ncer de mama, el cual se ofrece en las instalaciones del Multideportivo, que se ubica en la colonia San Jos\u00e9 La Pila.<\/p>\n","protected":false},"author":3,"featured_media":391394,"comment_status":"open","ping_status":"open","sticky":false,"template":"","format":"standard","meta":{"_monsterinsights_skip_tracking":false,"_monsterinsights_sitenote_active":false,"_monsterinsights_sitenote_note":"","_monsterinsights_sitenote_category":0,"footnotes":""},"categories":[35155],"tags":[43675,68985,876],"class_list":["post-391337","post","type-post","status-publish","format-standard","has-post-thumbnail","hentry","category-estado-de-mexico-estado-de-mexico","tag-estado-de-mexico","tag-gabriela-bringas-abarca","tag-metepec"],"_links":{"self":[{"href":"https:\/\/www.diarioimagen.net\/index.php?rest_route=\/wp\/v2\/posts\/391337","targetHints":{"allow":["GET"]}}],"collection":[{"href":"https:\/\/www.diarioimagen.net\/index.php?rest_route=\/wp\/v2\/posts"}],"about":[{"href":"https:\/\/www.diarioimagen.net\/index.php?rest_route=\/wp\/v2\/types\/post"}],"author":[{"embeddable":true,"href":"https:\/\/www.diarioimagen.net\/index.php?rest_route=\/wp\/v2\/users\/3"}],"replies":[{"embeddable":true,"href":"https:\/\/www.diarioimagen.net\/index.php?rest_route=%2Fwp%2Fv2%2Fcomments&post=391337"}],"version-history":[{"count":0,"href":"https:\/\/www.diarioimagen.net\/index.php?rest_route=\/wp\/v2\/posts\/391337\/revisions"}],"wp:featuredmedia":[{"embeddable":true,"href":"https:\/\/www.diarioimagen.net\/index.php?rest_route=\/wp\/v2\/media\/391394"}],"wp:attachment":[{"href":"https:\/\/www.diarioimagen.net\/index.php?rest_route=%2Fwp%2Fv2%2Fmedia&parent=391337"}],"wp:term":[{"taxonomy":"category","embeddable":true,"href":"https:\/\/www.diarioimagen.net\/index.php?rest_route=%2Fwp%2Fv2%2Fcategories&post=391337"},{"taxonomy":"post_tag","embeddable":true,"href":"https:\/\/www.diarioimagen.net\/index.php?rest_route=%2Fwp%2Fv2%2Ftags&post=391337"}],"curies":[{"name":"wp","href":"https:\/\/api.w.org\/{rel}","templated":true}]}}