{"id":391339,"date":"2018-08-23T00:08:55","date_gmt":"2018-08-23T05:08:55","guid":{"rendered":"https:\/\/www.diarioimagen.net\/?p=391339"},"modified":"2018-08-23T06:24:15","modified_gmt":"2018-08-23T11:24:15","slug":"tultitlan-el-alcalde-adan-barron-hace-entrega-de-utiles-escolares","status":"publish","type":"post","link":"https:\/\/www.diarioimagen.net\/?p=391339","title":{"rendered":"Tultitl\u00e1n: el alcalde Ad\u00e1n Barr\u00f3n hace entrega de \u00fatiles escolares"},"content":{"rendered":"<ul>\n<li><em><strong>Reconocimiento a padres de familia<\/strong><\/em><\/li>\n<\/ul>\n<p>&nbsp;<\/p>\n<div id=\"attachment_391397\" style=\"width: 470px\" class=\"wp-caption aligncenter\"><a href=\"https:\/\/www.diarioimagen.net\/wp-content\/uploads\/2018\/08\/TULTITLAN-23.jpg\"><img loading=\"lazy\" decoding=\"async\" aria-describedby=\"caption-attachment-391397\" class=\"size-large wp-image-391397\" src=\"https:\/\/www.diarioimagen.net\/wp-content\/uploads\/2018\/08\/TULTITLAN-23-460x306.jpg\" alt=\"\" width=\"460\" height=\"306\" srcset=\"https:\/\/www.diarioimagen.net\/wp-content\/uploads\/2018\/08\/TULTITLAN-23-460x306.jpg 460w, https:\/\/www.diarioimagen.net\/wp-content\/uploads\/2018\/08\/TULTITLAN-23-240x160.jpg 240w, https:\/\/www.diarioimagen.net\/wp-content\/uploads\/2018\/08\/TULTITLAN-23.jpg 700w\" sizes=\"auto, (max-width: 460px) 100vw, 460px\" \/><\/a><p id=\"caption-attachment-391397\" class=\"wp-caption-text\">Ad\u00e1n Barr\u00f3n entreg\u00f3 175 mochilas y libros de texto en el inicio del ciclo escolar 2018-2019.<\/p><\/div>\n<p>&nbsp;<\/p>\n<p><strong>Tultitl\u00e1n, Estado de M\u00e9xico<\/strong>&#8211; El presidente municipal, Ad\u00e1n Barr\u00f3n, encabez\u00f3 la ceremonia de inicio de clases del ciclo escolar 2018-2019, en el jard\u00edn de ni\u00f1os \u201cPaulo Freire\u201d acompa\u00f1ado de autoridades educativas, directores de la actual administraci\u00f3n, padres de familia y toda la comunidad estudiantil, y en representaci\u00f3n del gobernador Alfredo Del Mazo Maza se cont\u00f3 con la presencia de\u00a0 Raymundo Mart\u00ednez Carbajal secretario de Movilidad, de quien en su mensaje el edil habl\u00f3 con los peque\u00f1os de la fortuna de tener acceso a la educaci\u00f3n y no solo eso, sino que tambi\u00e9n, tener su mochila y libros de texto gratuitos.<\/p>\n<p>\u201cLos docentes est\u00e1n preparados para formar a las nuevas generaciones del municipio de Tultitl\u00e1n\u201d. Tambi\u00e9n destac\u00f3 el esfuerzo que llevan a cabo diariamente los padres de familia, para que sus hijos sigan prepar\u00e1ndose acad\u00e9micamente, es por eso que el d\u00eda de hoy estamos entregando 175 mochilas y libros de texto a esta escuela en turno matutino y vespertino\u201d, puntualiz\u00f3.<\/p>\n<p>Despu\u00e9s de la ceremonia de honores a la bandera y el mensaje de bienvenida a cargo del presidente, se realiz\u00f3 la entrega de libros de textos y mochilas a estos peque\u00f1os.<\/p>\n<p>Por otra parte, el secretario de Movilidad mencion\u00f3: \u201ceste es el apoyo que le da el gobierno del estado a las alumnas\u00a0 alumnos, y a los padres de familia, porque sin duda esto significa un ahorro para los bolsillos y la econom\u00eda de las familias,\u00a0 significa tambi\u00e9n que los alumnos puedan contar con su paquete de \u00fatiles escolares y saber que tienen para este ciclo, las herramientas que requieren\u201d.<\/p>\n<p>Finalmente, la se\u00f1ora Valeria Garc\u00eda, mam\u00e1 de uno de los beneficiados con esta entrega,\u00a0 agradeci\u00f3 a la actual administraci\u00f3n y al Gobierno del Estado por brindar estos apoyos a estudiantes para mejor su desempe\u00f1o escolar.<\/p>\n","protected":false},"excerpt":{"rendered":"<p>El presidente municipal, Ad\u00e1n Barr\u00f3n, encabez\u00f3 la ceremonia de inicio de clases del ciclo escolar 2018-2019, en el jard\u00edn de ni\u00f1os \u201cPaulo Freire\u201d acompa\u00f1ado de autoridades educativas, directores de la actual administraci\u00f3n, padres de familia y toda la comunidad estudiantil, y en representaci\u00f3n del gobernador Alfredo Del Mazo Maza se cont\u00f3 con la presencia de  Raymundo Mart\u00ednez Carbajal secretario de Movilidad, de quien en su mensaje el edil habl\u00f3 con los peque\u00f1os de la fortuna de tener acceso a la educaci\u00f3n y no solo eso, sino que tambi\u00e9n, tener su mochila y libros de texto gratuitos.<\/p>\n","protected":false},"author":3,"featured_media":391397,"comment_status":"open","ping_status":"open","sticky":false,"template":"","format":"standard","meta":{"_monsterinsights_skip_tracking":false,"_monsterinsights_sitenote_active":false,"_monsterinsights_sitenote_note":"","_monsterinsights_sitenote_category":0,"footnotes":""},"categories":[35155],"tags":[43675,578,24449],"class_list":["post-391339","post","type-post","status-publish","format-standard","has-post-thumbnail","hentry","category-estado-de-mexico-estado-de-mexico","tag-estado-de-mexico","tag-tultitlan","tag-utiles-escolares"],"_links":{"self":[{"href":"https:\/\/www.diarioimagen.net\/index.php?rest_route=\/wp\/v2\/posts\/391339","targetHints":{"allow":["GET"]}}],"collection":[{"href":"https:\/\/www.diarioimagen.net\/index.php?rest_route=\/wp\/v2\/posts"}],"about":[{"href":"https:\/\/www.diarioimagen.net\/index.php?rest_route=\/wp\/v2\/types\/post"}],"author":[{"embeddable":true,"href":"https:\/\/www.diarioimagen.net\/index.php?rest_route=\/wp\/v2\/users\/3"}],"replies":[{"embeddable":true,"href":"https:\/\/www.diarioimagen.net\/index.php?rest_route=%2Fwp%2Fv2%2Fcomments&post=391339"}],"version-history":[{"count":0,"href":"https:\/\/www.diarioimagen.net\/index.php?rest_route=\/wp\/v2\/posts\/391339\/revisions"}],"wp:featuredmedia":[{"embeddable":true,"href":"https:\/\/www.diarioimagen.net\/index.php?rest_route=\/wp\/v2\/media\/391397"}],"wp:attachment":[{"href":"https:\/\/www.diarioimagen.net\/index.php?rest_route=%2Fwp%2Fv2%2Fmedia&parent=391339"}],"wp:term":[{"taxonomy":"category","embeddable":true,"href":"https:\/\/www.diarioimagen.net\/index.php?rest_route=%2Fwp%2Fv2%2Fcategories&post=391339"},{"taxonomy":"post_tag","embeddable":true,"href":"https:\/\/www.diarioimagen.net\/index.php?rest_route=%2Fwp%2Fv2%2Ftags&post=391339"}],"curies":[{"name":"wp","href":"https:\/\/api.w.org\/{rel}","templated":true}]}}