{"id":391343,"date":"2018-08-23T00:06:17","date_gmt":"2018-08-23T05:06:17","guid":{"rendered":"https:\/\/www.diarioimagen.net\/?p=391343"},"modified":"2018-08-23T06:27:03","modified_gmt":"2018-08-23T11:27:03","slug":"en-nicolas-romero-inauguran-estancia-infantil","status":"publish","type":"post","link":"https:\/\/www.diarioimagen.net\/?p=391343","title":{"rendered":"En Nicol\u00e1s Romero inauguran estancia infantil"},"content":{"rendered":"<p><a href=\"https:\/\/www.diarioimagen.net\/wp-content\/uploads\/2018\/08\/NICOLAS-3439.jpg\"><img loading=\"lazy\" decoding=\"async\" class=\"aligncenter size-large wp-image-391400\" src=\"https:\/\/www.diarioimagen.net\/wp-content\/uploads\/2018\/08\/NICOLAS-3439-460x298.jpg\" alt=\"\" width=\"460\" height=\"298\" srcset=\"https:\/\/www.diarioimagen.net\/wp-content\/uploads\/2018\/08\/NICOLAS-3439-460x298.jpg 460w, https:\/\/www.diarioimagen.net\/wp-content\/uploads\/2018\/08\/NICOLAS-3439-240x155.jpg 240w, https:\/\/www.diarioimagen.net\/wp-content\/uploads\/2018\/08\/NICOLAS-3439.jpg 700w\" sizes=\"auto, (max-width: 460px) 100vw, 460px\" \/><\/a><\/p>\n<p>&nbsp;<\/p>\n<p><strong>Nicol\u00e1s Romero, Estado de M\u00e9xico<\/strong><strong>.-<\/strong> A nombre del gobierno del Estado de M\u00e9xico y del DIF mexiquense, la presidenta municipal de Nicol\u00e1s Romero, Angelina Carre\u00f1o Mijares, llev\u00f3 a cabo la inauguraci\u00f3n de la estancia infantil de la colonia Libertad.<\/p>\n<p>M\u00e1s tarde, acompa\u00f1ada de integrantes del cabildo local y de los l\u00edderes vecinalesda, dio\u00a0 inicio al ciclo escolar 2018-2019, entregando paquetes de \u00fatiles escolares, libros de texto y techumbre escolar a alumnas y alumnos de la escuela primaria \u201cIgnacio Gonz\u00e1lez Guzm\u00e1n\u201d.<\/p>\n","protected":false},"excerpt":{"rendered":"<p>A nombre del gobierno del Estado de M\u00e9xico y del DIF mexiquense, la presidenta municipal de Nicol\u00e1s Romero, Angelina Carre\u00f1o Mijares, llev\u00f3 a cabo la inauguraci\u00f3n de la estancia infantil de la colonia Libertad.<\/p>\n","protected":false},"author":3,"featured_media":391400,"comment_status":"open","ping_status":"open","sticky":false,"template":"","format":"standard","meta":{"_monsterinsights_skip_tracking":false,"_monsterinsights_sitenote_active":false,"_monsterinsights_sitenote_note":"","_monsterinsights_sitenote_category":0,"footnotes":""},"categories":[35155],"tags":[43675,70596,752],"class_list":["post-391343","post","type-post","status-publish","format-standard","has-post-thumbnail","hentry","category-estado-de-mexico-estado-de-mexico","tag-estado-de-mexico","tag-estancia-infantil","tag-nicolas-romero"],"_links":{"self":[{"href":"https:\/\/www.diarioimagen.net\/index.php?rest_route=\/wp\/v2\/posts\/391343","targetHints":{"allow":["GET"]}}],"collection":[{"href":"https:\/\/www.diarioimagen.net\/index.php?rest_route=\/wp\/v2\/posts"}],"about":[{"href":"https:\/\/www.diarioimagen.net\/index.php?rest_route=\/wp\/v2\/types\/post"}],"author":[{"embeddable":true,"href":"https:\/\/www.diarioimagen.net\/index.php?rest_route=\/wp\/v2\/users\/3"}],"replies":[{"embeddable":true,"href":"https:\/\/www.diarioimagen.net\/index.php?rest_route=%2Fwp%2Fv2%2Fcomments&post=391343"}],"version-history":[{"count":0,"href":"https:\/\/www.diarioimagen.net\/index.php?rest_route=\/wp\/v2\/posts\/391343\/revisions"}],"wp:featuredmedia":[{"embeddable":true,"href":"https:\/\/www.diarioimagen.net\/index.php?rest_route=\/wp\/v2\/media\/391400"}],"wp:attachment":[{"href":"https:\/\/www.diarioimagen.net\/index.php?rest_route=%2Fwp%2Fv2%2Fmedia&parent=391343"}],"wp:term":[{"taxonomy":"category","embeddable":true,"href":"https:\/\/www.diarioimagen.net\/index.php?rest_route=%2Fwp%2Fv2%2Fcategories&post=391343"},{"taxonomy":"post_tag","embeddable":true,"href":"https:\/\/www.diarioimagen.net\/index.php?rest_route=%2Fwp%2Fv2%2Ftags&post=391343"}],"curies":[{"name":"wp","href":"https:\/\/api.w.org\/{rel}","templated":true}]}}