{"id":391345,"date":"2018-08-23T00:05:00","date_gmt":"2018-08-23T05:05:00","guid":{"rendered":"https:\/\/www.diarioimagen.net\/?p=391345"},"modified":"2018-08-23T06:59:54","modified_gmt":"2018-08-23T11:59:54","slug":"prepara-el-gobierno-de-tultepec-iii-carrera-infantil-mechitas-run","status":"publish","type":"post","link":"https:\/\/www.diarioimagen.net\/?p=391345","title":{"rendered":"Prepara el gobierno de Tultepec III Carrera Infantil Mechita\u2019s run"},"content":{"rendered":"<ul>\n<li><strong><em>Se realizar\u00e1 el 2 de septiembre, en 4 categor\u00edas<\/em><\/strong><\/li>\n<\/ul>\n<p>&nbsp;<\/p>\n<div id=\"attachment_391403\" style=\"width: 470px\" class=\"wp-caption aligncenter\"><a href=\"https:\/\/www.diarioimagen.net\/wp-content\/uploads\/2018\/08\/TULTEPEC-3439.jpg\"><img loading=\"lazy\" decoding=\"async\" aria-describedby=\"caption-attachment-391403\" class=\"size-large wp-image-391403\" src=\"https:\/\/www.diarioimagen.net\/wp-content\/uploads\/2018\/08\/TULTEPEC-3439-460x259.jpg\" alt=\"\" width=\"460\" height=\"259\" srcset=\"https:\/\/www.diarioimagen.net\/wp-content\/uploads\/2018\/08\/TULTEPEC-3439-460x259.jpg 460w, https:\/\/www.diarioimagen.net\/wp-content\/uploads\/2018\/08\/TULTEPEC-3439-240x135.jpg 240w, https:\/\/www.diarioimagen.net\/wp-content\/uploads\/2018\/08\/TULTEPEC-3439-235x132.jpg 235w, https:\/\/www.diarioimagen.net\/wp-content\/uploads\/2018\/08\/TULTEPEC-3439-202x114.jpg 202w, https:\/\/www.diarioimagen.net\/wp-content\/uploads\/2018\/08\/TULTEPEC-3439-350x196.jpg 350w, https:\/\/www.diarioimagen.net\/wp-content\/uploads\/2018\/08\/TULTEPEC-3439-220x123.jpg 220w, https:\/\/www.diarioimagen.net\/wp-content\/uploads\/2018\/08\/TULTEPEC-3439-237x132.jpg 237w, https:\/\/www.diarioimagen.net\/wp-content\/uploads\/2018\/08\/TULTEPEC-3439.jpg 480w\" sizes=\"auto, (max-width: 460px) 100vw, 460px\" \/><\/a><p id=\"caption-attachment-391403\" class=\"wp-caption-text\">Se llevar\u00e1 a cabo la\u00a03\u00aa Carrera Infantil Mechitas Run,\u00a0que se realizar\u00e1 el domingo 2 de septiembre en los terrenos de la feria, ubicados en San Antonio Xahuento.<\/p><\/div>\n<p>&nbsp;<\/p>\n<p><strong>Tultepec, Estado de M\u00e9xico<\/strong>.- Con el objeto de impulsar el deporte infantil en todas sus disciplinas y con ello la sana convivencia familiar, la administraci\u00f3n que preside Armando Portuguez Fuentes, a trav\u00e9s de Cultura F\u00edsica y Deporte de Tultepec, se llevar\u00e1 a cabo la\u00a03\u00aa Carrera Infantil Mechitas Run,\u00a0que se realizar\u00e1 el domingo 2 de septiembre a las 8:00 de la ma\u00f1ana en los terrenos de la feria, ubicados en San Antonio Xahuento.<\/p>\n<p>Gerardo Ram\u00edrez, titular de Cultura F\u00edsica y Deporte y organizador de la justa, inform\u00f3 que, por instrucciones del presidente municipal, y ante la gran respuesta ciudadana a la iniciativa de las dos competencias infantiles realizadas en 2017, se organiza esta 3a carrera \u201ccon el objetivo de seguir fomentando el deporte entre la ni\u00f1ez tultepequense y la sana armon\u00eda entre la ciudadan\u00eda\u201d.<\/p>\n<p>Como en las dos ocasiones anteriores, se espera sea una gran convivencia, donde cientos de familias tultepequenses participen e impulsen activamente a sus hijos, sobrinos, amigos y vecinos a dar su mayor esfuerzo para alcanzar la meta.<\/p>\n<p>Los competidores de entre 5 y 11 a\u00f1os de edad, participar\u00e1n en cuatro categor\u00edas en las ramas varonil y femenil, donde recorrer\u00e1n 200 metros si tienen 5 a\u00f1os. De 6 y 7 a\u00f1os, recorrer\u00e1n 300 metros. De 8 y 9 a\u00f1os una distancia de 500 metros y de 10 y 11 a\u00f1os, correr\u00e1n un kil\u00f3metro.<\/p>\n<p>El titular de Cultura F\u00edsica y Deporte, asegur\u00f3 que \u201cel compromiso del alcalde Armando Portuguez es abonar en la recuperaci\u00f3n del tejido social a trav\u00e9s de los espacios p\u00fablicos y del fomento del deporte en todas sus disciplinas, m\u00e1xime a\u00fan, cuando la pr\u00e1ctica se puede dar en familia\u201d.<\/p>\n<p>Todos los participantes recibir\u00e1n medalla y playera, y los ganadores de los tres primeros lugares en cada rama y categor\u00eda obtendr\u00e1n entre 100 y 300 pesos respectivamente. La competencia ser\u00e1 sin duda una gran fiesta familiar, en un esfuerzo m\u00e1s de la administraci\u00f3n 2016-2018 por lograr un Tultepec m\u00e1s sano, donde los ni\u00f1os dar\u00e1n su m\u00e1ximo arrojo para cruzar la meta en primer lugar.<\/p>\n<p>Los interesados en participar, deben inscribirse en el m\u00f3dulo de promoci\u00f3n tur\u00edstica ubicado en el jard\u00edn principal, frente a la presidencia municipal de 9.00 a 18.00 horas, del 22 al 29 de agosto, excepto el d\u00eda domingo, deben presentar la CURP del menor, copia del INE del padre o tutor. El cupo est\u00e1 limitado a 250 competidores.<\/p>\n","protected":false},"excerpt":{"rendered":"<p>Con el objeto de impulsar el deporte infantil en todas sus disciplinas y con ello la sana convivencia familiar, la administraci\u00f3n que preside Armando Portuguez Fuentes, a trav\u00e9s de Cultura F\u00edsica y Deporte de Tultepec, se llevar\u00e1 a cabo la 3\u00aa Carrera Infantil Mechitas Run, que se realizar\u00e1 el domingo 2 de septiembre a las 8:00 de la ma\u00f1ana en los terrenos de la feria, ubicados en San Antonio Xahuento.<\/p>\n","protected":false},"author":3,"featured_media":391403,"comment_status":"open","ping_status":"open","sticky":false,"template":"","format":"standard","meta":{"_monsterinsights_skip_tracking":false,"_monsterinsights_sitenote_active":false,"_monsterinsights_sitenote_note":"","_monsterinsights_sitenote_category":0,"footnotes":""},"categories":[35155],"tags":[77416,43675,3802],"class_list":["post-391345","post","type-post","status-publish","format-standard","has-post-thumbnail","hentry","category-estado-de-mexico-estado-de-mexico","tag-carrera-infantil-mechitas","tag-estado-de-mexico","tag-tultepec"],"_links":{"self":[{"href":"https:\/\/www.diarioimagen.net\/index.php?rest_route=\/wp\/v2\/posts\/391345","targetHints":{"allow":["GET"]}}],"collection":[{"href":"https:\/\/www.diarioimagen.net\/index.php?rest_route=\/wp\/v2\/posts"}],"about":[{"href":"https:\/\/www.diarioimagen.net\/index.php?rest_route=\/wp\/v2\/types\/post"}],"author":[{"embeddable":true,"href":"https:\/\/www.diarioimagen.net\/index.php?rest_route=\/wp\/v2\/users\/3"}],"replies":[{"embeddable":true,"href":"https:\/\/www.diarioimagen.net\/index.php?rest_route=%2Fwp%2Fv2%2Fcomments&post=391345"}],"version-history":[{"count":0,"href":"https:\/\/www.diarioimagen.net\/index.php?rest_route=\/wp\/v2\/posts\/391345\/revisions"}],"wp:featuredmedia":[{"embeddable":true,"href":"https:\/\/www.diarioimagen.net\/index.php?rest_route=\/wp\/v2\/media\/391403"}],"wp:attachment":[{"href":"https:\/\/www.diarioimagen.net\/index.php?rest_route=%2Fwp%2Fv2%2Fmedia&parent=391345"}],"wp:term":[{"taxonomy":"category","embeddable":true,"href":"https:\/\/www.diarioimagen.net\/index.php?rest_route=%2Fwp%2Fv2%2Fcategories&post=391345"},{"taxonomy":"post_tag","embeddable":true,"href":"https:\/\/www.diarioimagen.net\/index.php?rest_route=%2Fwp%2Fv2%2Ftags&post=391345"}],"curies":[{"name":"wp","href":"https:\/\/api.w.org\/{rel}","templated":true}]}}