{"id":391347,"date":"2018-08-23T00:04:54","date_gmt":"2018-08-23T05:04:54","guid":{"rendered":"https:\/\/www.diarioimagen.net\/?p=391347"},"modified":"2018-08-23T07:08:04","modified_gmt":"2018-08-23T12:08:04","slug":"entrega-el-gobierno-de-atizapan-equipamiento-a-direcciones-operativas","status":"publish","type":"post","link":"https:\/\/www.diarioimagen.net\/?p=391347","title":{"rendered":"Entrega el gobierno de Atizap\u00e1n equipamiento a direcciones operativas"},"content":{"rendered":"<ul>\n<li><strong><em>Cumple compromisos adquiridos<\/em><\/strong><\/li>\n<\/ul>\n<p>&nbsp;<\/p>\n<div id=\"attachment_391406\" style=\"width: 470px\" class=\"wp-caption aligncenter\"><a href=\"https:\/\/www.diarioimagen.net\/wp-content\/uploads\/2018\/08\/ATIZAPAN-3439.jpg\"><img loading=\"lazy\" decoding=\"async\" aria-describedby=\"caption-attachment-391406\" class=\"size-large wp-image-391406\" src=\"https:\/\/www.diarioimagen.net\/wp-content\/uploads\/2018\/08\/ATIZAPAN-3439-460x259.jpg\" alt=\"\" width=\"460\" height=\"259\" srcset=\"https:\/\/www.diarioimagen.net\/wp-content\/uploads\/2018\/08\/ATIZAPAN-3439-460x259.jpg 460w, https:\/\/www.diarioimagen.net\/wp-content\/uploads\/2018\/08\/ATIZAPAN-3439-240x135.jpg 240w, https:\/\/www.diarioimagen.net\/wp-content\/uploads\/2018\/08\/ATIZAPAN-3439-235x132.jpg 235w, https:\/\/www.diarioimagen.net\/wp-content\/uploads\/2018\/08\/ATIZAPAN-3439-202x114.jpg 202w, https:\/\/www.diarioimagen.net\/wp-content\/uploads\/2018\/08\/ATIZAPAN-3439-350x196.jpg 350w, https:\/\/www.diarioimagen.net\/wp-content\/uploads\/2018\/08\/ATIZAPAN-3439-220x123.jpg 220w, https:\/\/www.diarioimagen.net\/wp-content\/uploads\/2018\/08\/ATIZAPAN-3439-237x132.jpg 237w, https:\/\/www.diarioimagen.net\/wp-content\/uploads\/2018\/08\/ATIZAPAN-3439.jpg 480w\" sizes=\"auto, (max-width: 460px) 100vw, 460px\" \/><\/a><p id=\"caption-attachment-391406\" class=\"wp-caption-text\">Con acciones como esta El Gobierno Municipal sigue fiel a la encomienda dada por los ciudadanos ya que en Atizap\u00e1n de Zaragoza se trabaja con pasi\u00f3n.<\/p><\/div>\n<p>&nbsp;<\/p>\n<p><strong>Atizap\u00e1n, Estado de M\u00e9xico<\/strong>.- Con el af\u00e1n de cumplir el compromiso adquirido de esta administraci\u00f3n con la ciudadan\u00eda, la alcaldesa Ana Balderas entreg\u00f3 equipamiento a diferentes Direcciones Operativas del Gobierno, como lo son: Seguridad P\u00fablica, Protecci\u00f3n Civil y Bomberos, as\u00ed como a los Servicios P\u00fablicos.<\/p>\n<p>En su mensaje Balderas Trejo destac\u00f3 que la administraci\u00f3n ha demostrado seguir siendo competente, de mantener la tendencia de trabajar por el bien de los atizapenses dot\u00e1ndolos de recursos necesarios para que puedan gozar de seguridad y buenos servicios p\u00fablicos; que el gobierno municipal apoya y apoyar\u00e1 siempre a los trabajadores del mismo ya que son ellos los que dan la cara por el Ayuntamiento y mostrando en todo momento honor y responsabilidad.<\/p>\n<p>Para reforzar la seguridad se entregaron una camioneta pick up, 5 veh\u00edculos Police Interceptor, 2 autos Ford Fiesta, 5 motopatrullas nuevas, 306 uniformes, 42 chalecos blindados y equipo t\u00e1ctico para atender las necesidades de los atizapenses.<\/p>\n<p>Para brindarles una mejor atenci\u00f3n en el servicio de emergencias a los atizapenses se entreg\u00f3 a Protecci\u00f3n Civil y Bomberos: 2 ambulancias nuevas marca Dodge RAM 2018 equipada con: Equipo de atenci\u00f3n hospitalaria nivel 2, trauma kit para primeros auxilios, equipo de v\u00edas a\u00e9reas, estantes de stock para equipo, tanque de ox\u00edgeno tipo \u201cD\u201d de 4,500 libras, camilla r\u00edgida, camilla pedi\u00e1trica y equipamiento de inmovilizaci\u00f3n; ara\u00f1a, inmovilizadores de cr\u00e1neo y collarines, de igual manera uniformes que constan de camisa, pantal\u00f3n y botas; estos servicios de emergencia son de suma importancia para la ciudadan\u00eda, ya que desde el a\u00f1o 2016 la Direcci\u00f3n de Protecci\u00f3n Civil y Bomberos ha tenido m\u00e1s de 34,317 servicios.<\/p>\n<p>Por su parte a la Direcci\u00f3n de Servicios P\u00fablicos se le entregaron: 4 unidades de 3 \u00bd toneladas marca Ford modelo 2018, 17 paquetes de uniformes a la Subdirecci\u00f3n de Alumbrado P\u00fablico, 132 paquetes de uniformes para la Subdirecci\u00f3n de Parques y Jardines as\u00ed como 50 paquetes de uniformes a la Subdirecci\u00f3n de Limpia y Transporte.<\/p>\n","protected":false},"excerpt":{"rendered":"<p>Con el af\u00e1n de cumplir el compromiso adquirido de esta administraci\u00f3n con la ciudadan\u00eda, la alcaldesa Ana Balderas entreg\u00f3 equipamiento a diferentes Direcciones Operativas del Gobierno, como lo son: Seguridad P\u00fablica, Protecci\u00f3n Civil y Bomberos, as\u00ed como a los Servicios P\u00fablicos.<\/p>\n","protected":false},"author":3,"featured_media":391406,"comment_status":"open","ping_status":"open","sticky":false,"template":"","format":"standard","meta":{"_monsterinsights_skip_tracking":false,"_monsterinsights_sitenote_active":false,"_monsterinsights_sitenote_note":"","_monsterinsights_sitenote_category":0,"footnotes":""},"categories":[35155],"tags":[969,50208,43675],"class_list":["post-391347","post","type-post","status-publish","format-standard","has-post-thumbnail","hentry","category-estado-de-mexico-estado-de-mexico","tag-atizapan","tag-equipamiento","tag-estado-de-mexico"],"_links":{"self":[{"href":"https:\/\/www.diarioimagen.net\/index.php?rest_route=\/wp\/v2\/posts\/391347","targetHints":{"allow":["GET"]}}],"collection":[{"href":"https:\/\/www.diarioimagen.net\/index.php?rest_route=\/wp\/v2\/posts"}],"about":[{"href":"https:\/\/www.diarioimagen.net\/index.php?rest_route=\/wp\/v2\/types\/post"}],"author":[{"embeddable":true,"href":"https:\/\/www.diarioimagen.net\/index.php?rest_route=\/wp\/v2\/users\/3"}],"replies":[{"embeddable":true,"href":"https:\/\/www.diarioimagen.net\/index.php?rest_route=%2Fwp%2Fv2%2Fcomments&post=391347"}],"version-history":[{"count":0,"href":"https:\/\/www.diarioimagen.net\/index.php?rest_route=\/wp\/v2\/posts\/391347\/revisions"}],"wp:featuredmedia":[{"embeddable":true,"href":"https:\/\/www.diarioimagen.net\/index.php?rest_route=\/wp\/v2\/media\/391406"}],"wp:attachment":[{"href":"https:\/\/www.diarioimagen.net\/index.php?rest_route=%2Fwp%2Fv2%2Fmedia&parent=391347"}],"wp:term":[{"taxonomy":"category","embeddable":true,"href":"https:\/\/www.diarioimagen.net\/index.php?rest_route=%2Fwp%2Fv2%2Fcategories&post=391347"},{"taxonomy":"post_tag","embeddable":true,"href":"https:\/\/www.diarioimagen.net\/index.php?rest_route=%2Fwp%2Fv2%2Ftags&post=391347"}],"curies":[{"name":"wp","href":"https:\/\/api.w.org\/{rel}","templated":true}]}}