{"id":391351,"date":"2018-08-23T00:02:34","date_gmt":"2018-08-23T05:02:34","guid":{"rendered":"https:\/\/www.diarioimagen.net\/?p=391351"},"modified":"2018-08-23T07:16:57","modified_gmt":"2018-08-23T12:16:57","slug":"ceremonia-del-premio-municipal-de-la-juventud-2018-en-cuautitlan-mexico","status":"publish","type":"post","link":"https:\/\/www.diarioimagen.net\/?p=391351","title":{"rendered":"Ceremonia del \u201cPremio Municipal de la Juventud 2018\u201d, en Cuautitl\u00e1n M\u00e9xico"},"content":{"rendered":"<p><a href=\"https:\/\/www.diarioimagen.net\/wp-content\/uploads\/2018\/08\/CUATITLAN-3439.jpg\"><img loading=\"lazy\" decoding=\"async\" class=\"aligncenter size-large wp-image-391415\" src=\"https:\/\/www.diarioimagen.net\/wp-content\/uploads\/2018\/08\/CUATITLAN-3439-460x259.jpg\" alt=\"\" width=\"460\" height=\"259\" srcset=\"https:\/\/www.diarioimagen.net\/wp-content\/uploads\/2018\/08\/CUATITLAN-3439-460x259.jpg 460w, https:\/\/www.diarioimagen.net\/wp-content\/uploads\/2018\/08\/CUATITLAN-3439-240x135.jpg 240w, https:\/\/www.diarioimagen.net\/wp-content\/uploads\/2018\/08\/CUATITLAN-3439-235x132.jpg 235w, https:\/\/www.diarioimagen.net\/wp-content\/uploads\/2018\/08\/CUATITLAN-3439-202x114.jpg 202w, https:\/\/www.diarioimagen.net\/wp-content\/uploads\/2018\/08\/CUATITLAN-3439-350x196.jpg 350w, https:\/\/www.diarioimagen.net\/wp-content\/uploads\/2018\/08\/CUATITLAN-3439-220x123.jpg 220w, https:\/\/www.diarioimagen.net\/wp-content\/uploads\/2018\/08\/CUATITLAN-3439-237x132.jpg 237w, https:\/\/www.diarioimagen.net\/wp-content\/uploads\/2018\/08\/CUATITLAN-3439.jpg 480w\" sizes=\"auto, (max-width: 460px) 100vw, 460px\" \/><\/a><\/p>\n<p>&nbsp;<\/p>\n<p><strong>Cuautitl\u00e1n, Estado de M\u00e9xico.-<\/strong> En la Casa de la Juventud de Cuautitl\u00e1n, se llev\u00f3 a cabo la ceremonia del \u201cPremio Municipal de la Juventud 2018\u201d, m\u00e1ximo galard\u00f3n que otorga el gobierno municipal a las y los j\u00f3venes del municipio en las categor\u00edas de: Acad\u00e9mica, Labor Social, Art\u00edstico cultural, Inclusi\u00f3n y Deporte, en 2 categor\u00edas.<\/p>\n<p>El director de la Casa de la Juventud, Osmar Jovan Aguirre Mart\u00ednez, dio la bienvenida a las autoridades, agradeciendo de forma especial a los jurados que dedicaron su tiempo en la dictaminaci\u00f3n de\u00a0 los premios de este a\u00f1o.<\/p>\n<p>La presidenta m,. Ma. Guadalupe Fern\u00e1ndez S\u00e1nchez, record\u00f3 a su hermana Martha Elvia, que fue el gran motor del proyecto a favor de los j\u00f3venes, prueba de ello es esta Casa de la Juventud, \u00fanica en su tipo en todo el pa\u00eds, as\u00ed como el reconocimiento del \u201cPremio Municipal de la Juventud\u00bb.<\/p>\n","protected":false},"excerpt":{"rendered":"<p>En la Casa de la Juventud de Cuautitl\u00e1n, se llev\u00f3 a cabo la ceremonia del \u201cPremio Municipal de la Juventud 2018\u201d, m\u00e1ximo galard\u00f3n que otorga el gobierno municipal a las y los j\u00f3venes del municipio en las categor\u00edas de: Acad\u00e9mica, Labor Social, Art\u00edstico cultural, Inclusi\u00f3n y Deporte, en 2 categor\u00edas.<\/p>\n","protected":false},"author":3,"featured_media":391415,"comment_status":"open","ping_status":"open","sticky":false,"template":"","format":"standard","meta":{"_monsterinsights_skip_tracking":false,"_monsterinsights_sitenote_active":false,"_monsterinsights_sitenote_note":"","_monsterinsights_sitenote_category":0,"footnotes":""},"categories":[35155],"tags":[681,43675,68120],"class_list":["post-391351","post","type-post","status-publish","format-standard","has-post-thumbnail","hentry","category-estado-de-mexico-estado-de-mexico","tag-cuautitlan","tag-estado-de-mexico","tag-premio-municipal-de-la-juventud"],"_links":{"self":[{"href":"https:\/\/www.diarioimagen.net\/index.php?rest_route=\/wp\/v2\/posts\/391351","targetHints":{"allow":["GET"]}}],"collection":[{"href":"https:\/\/www.diarioimagen.net\/index.php?rest_route=\/wp\/v2\/posts"}],"about":[{"href":"https:\/\/www.diarioimagen.net\/index.php?rest_route=\/wp\/v2\/types\/post"}],"author":[{"embeddable":true,"href":"https:\/\/www.diarioimagen.net\/index.php?rest_route=\/wp\/v2\/users\/3"}],"replies":[{"embeddable":true,"href":"https:\/\/www.diarioimagen.net\/index.php?rest_route=%2Fwp%2Fv2%2Fcomments&post=391351"}],"version-history":[{"count":0,"href":"https:\/\/www.diarioimagen.net\/index.php?rest_route=\/wp\/v2\/posts\/391351\/revisions"}],"wp:featuredmedia":[{"embeddable":true,"href":"https:\/\/www.diarioimagen.net\/index.php?rest_route=\/wp\/v2\/media\/391415"}],"wp:attachment":[{"href":"https:\/\/www.diarioimagen.net\/index.php?rest_route=%2Fwp%2Fv2%2Fmedia&parent=391351"}],"wp:term":[{"taxonomy":"category","embeddable":true,"href":"https:\/\/www.diarioimagen.net\/index.php?rest_route=%2Fwp%2Fv2%2Fcategories&post=391351"},{"taxonomy":"post_tag","embeddable":true,"href":"https:\/\/www.diarioimagen.net\/index.php?rest_route=%2Fwp%2Fv2%2Ftags&post=391351"}],"curies":[{"name":"wp","href":"https:\/\/api.w.org\/{rel}","templated":true}]}}