{"id":391558,"date":"2018-08-24T00:11:49","date_gmt":"2018-08-24T05:11:49","guid":{"rendered":"https:\/\/www.diarioimagen.net\/?p=391558"},"modified":"2018-08-24T09:45:12","modified_gmt":"2018-08-24T14:45:12","slug":"compromisos-de-inversion-por-200-mil-mdd-hacienda","status":"publish","type":"post","link":"https:\/\/www.diarioimagen.net\/?p=391558","title":{"rendered":"Compromisos de inversi\u00f3n por 200 mil mdd: Hacienda"},"content":{"rendered":"<ul>\n<li><em><strong>Bondades de la reforma energ\u00e9tica<\/strong><\/em><\/li>\n<\/ul>\n<p>&nbsp;<\/p>\n<div id=\"attachment_391642\" style=\"width: 470px\" class=\"wp-caption aligncenter\"><a href=\"https:\/\/www.diarioimagen.net\/?attachment_id=391642\" rel=\"attachment wp-att-391642\"><img loading=\"lazy\" decoding=\"async\" aria-describedby=\"caption-attachment-391642\" class=\"size-large wp-image-391642\" src=\"https:\/\/www.diarioimagen.net\/wp-content\/uploads\/2018\/08\/HACEINDA24-460x259.jpg\" alt=\"\" width=\"460\" height=\"259\" srcset=\"https:\/\/www.diarioimagen.net\/wp-content\/uploads\/2018\/08\/HACEINDA24-460x259.jpg 460w, https:\/\/www.diarioimagen.net\/wp-content\/uploads\/2018\/08\/HACEINDA24-240x135.jpg 240w, https:\/\/www.diarioimagen.net\/wp-content\/uploads\/2018\/08\/HACEINDA24-235x132.jpg 235w, https:\/\/www.diarioimagen.net\/wp-content\/uploads\/2018\/08\/HACEINDA24-202x114.jpg 202w, https:\/\/www.diarioimagen.net\/wp-content\/uploads\/2018\/08\/HACEINDA24-350x196.jpg 350w, https:\/\/www.diarioimagen.net\/wp-content\/uploads\/2018\/08\/HACEINDA24-220x123.jpg 220w, https:\/\/www.diarioimagen.net\/wp-content\/uploads\/2018\/08\/HACEINDA24-237x132.jpg 237w, https:\/\/www.diarioimagen.net\/wp-content\/uploads\/2018\/08\/HACEINDA24.jpg 480w\" sizes=\"auto, (max-width: 460px) 100vw, 460px\" \/><\/a><p id=\"caption-attachment-391642\" class=\"wp-caption-text\">El secretario de Hacienda, Jos\u00e9 Antonio Gonz\u00e1lez Anaya, destac\u00f3 las bondades de las reformas estructurales, como la energ\u00e9tica.<\/p><\/div>\n<p>&nbsp;<\/p>\n<p>El secretario de Hacienda y Cr\u00e9dito P\u00fablico, Jos\u00e9 Antonio Gonz\u00e1lez Anaya, dej\u00f3 claro que la econom\u00eda no ser\u00e1 un problema al inicio del pr\u00f3ximo gobierno federal que encabezar\u00e1 el presidente electo, Andr\u00e9s Manuel L\u00f3pez Obrador.<\/p>\n<p>Al participar en el segundo d\u00eda de trabajos de la reuni\u00f3n plenaria de los senadores electos pri\u00edstas, asegur\u00f3 que el gobierno del presidente Enrique Pe\u00f1a Nieto deja una econom\u00eda firme y s\u00f3lida, gracias a las reformas estructurales.<\/p>\n<p>Gonz\u00e1lez Anaya afirm\u00f3 que ello permitir\u00e1 a la siguiente administraci\u00f3n p\u00fablica federal iniciar su gesti\u00f3n con recursos suficientes y con condiciones macroecon\u00f3micas estables.<\/p>\n<p>El funcionario federal destac\u00f3 ante los legisladores electos que la administraci\u00f3n de Pe\u00f1a Nieto deja un r\u00e9cord en reservas internacionales e inversi\u00f3n.<\/p>\n<p>En la sede del Partido Revolucionario Institucional (PRI) dijo que con la reforma energ\u00e9tica se obtuvieron compromisos de inversi\u00f3n por m\u00e1s de 200 mil millones de d\u00f3lares, cifra que pr\u00e1cticamente duplica la deuda p\u00fablica del pa\u00eds.<\/p>\n<p>Gracias a los ajustes realizados en la segunda parte de este sexenio, explic\u00f3, se logr\u00f3 la reducci\u00f3n de la deuda como proporci\u00f3n del Producto Interno Bruto (PIB) en casi cinco puntos porcentuales.<\/p>\n<p>Luego de escuchar los planteamientos hechos por los senadores electos, Gonz\u00e1lez Anaya sostuvo que actualmente un mayor n\u00famero de ni\u00f1os y j\u00f3venes tienen acceso a la educaci\u00f3n<\/p>\n<p>Adem\u00e1s de que se crearon 3.7 millones de empleos, m\u00e1s que los creados en los dos gobiernos anteriores, y se entregaron una de cada tres casas del Infonavit en toda su historia.<\/p>\n<p>La reuni\u00f3n de los legisladores fue encabezada por la presidenta del Revolucionario Institucional, Claudia Ruiz Massieu, y el coordinador del grupo parlamentario en el Senado, Miguel \u00c1ngel Osorio Chong.<\/p>\n","protected":false},"excerpt":{"rendered":"<p>El secretario de Hacienda y Cr\u00e9dito P\u00fablico, Jos\u00e9 Antonio Gonz\u00e1lez Anaya, dej\u00f3 claro que la econom\u00eda no ser\u00e1 un problema al inicio del pr\u00f3ximo gobierno federal que encabezar\u00e1 el presidente electo, Andr\u00e9s Manuel L\u00f3pez Obrador.<\/p>\n","protected":false},"author":3,"featured_media":391642,"comment_status":"open","ping_status":"open","sticky":false,"template":"","format":"standard","meta":{"_monsterinsights_skip_tracking":false,"_monsterinsights_sitenote_active":false,"_monsterinsights_sitenote_note":"","_monsterinsights_sitenote_category":0,"footnotes":""},"categories":[8],"tags":[2545,15135,49792],"class_list":["post-391558","post","type-post","status-publish","format-standard","has-post-thumbnail","hentry","category-finanzas","tag-amlo","tag-compromiso","tag-hacienda"],"_links":{"self":[{"href":"https:\/\/www.diarioimagen.net\/index.php?rest_route=\/wp\/v2\/posts\/391558","targetHints":{"allow":["GET"]}}],"collection":[{"href":"https:\/\/www.diarioimagen.net\/index.php?rest_route=\/wp\/v2\/posts"}],"about":[{"href":"https:\/\/www.diarioimagen.net\/index.php?rest_route=\/wp\/v2\/types\/post"}],"author":[{"embeddable":true,"href":"https:\/\/www.diarioimagen.net\/index.php?rest_route=\/wp\/v2\/users\/3"}],"replies":[{"embeddable":true,"href":"https:\/\/www.diarioimagen.net\/index.php?rest_route=%2Fwp%2Fv2%2Fcomments&post=391558"}],"version-history":[{"count":0,"href":"https:\/\/www.diarioimagen.net\/index.php?rest_route=\/wp\/v2\/posts\/391558\/revisions"}],"wp:featuredmedia":[{"embeddable":true,"href":"https:\/\/www.diarioimagen.net\/index.php?rest_route=\/wp\/v2\/media\/391642"}],"wp:attachment":[{"href":"https:\/\/www.diarioimagen.net\/index.php?rest_route=%2Fwp%2Fv2%2Fmedia&parent=391558"}],"wp:term":[{"taxonomy":"category","embeddable":true,"href":"https:\/\/www.diarioimagen.net\/index.php?rest_route=%2Fwp%2Fv2%2Fcategories&post=391558"},{"taxonomy":"post_tag","embeddable":true,"href":"https:\/\/www.diarioimagen.net\/index.php?rest_route=%2Fwp%2Fv2%2Ftags&post=391558"}],"curies":[{"name":"wp","href":"https:\/\/api.w.org\/{rel}","templated":true}]}}