{"id":391581,"date":"2018-08-24T00:07:34","date_gmt":"2018-08-24T05:07:34","guid":{"rendered":"https:\/\/www.diarioimagen.net\/?p=391581"},"modified":"2018-08-24T09:55:07","modified_gmt":"2018-08-24T14:55:07","slug":"estimulos-economicos-uniformes-y-ambulancia-a-bomberos-de-huixquilucan","status":"publish","type":"post","link":"https:\/\/www.diarioimagen.net\/?p=391581","title":{"rendered":"Est\u00edmulos econ\u00f3micos, uniformes y ambulancia a bomberos de Huixquilucan"},"content":{"rendered":"<ul>\n<li><strong><em>Son los h\u00e9roes del municipio: Vargas del Villar<\/em><\/strong><\/li>\n<\/ul>\n<p>&nbsp;<\/p>\n<div id=\"attachment_391671\" style=\"width: 470px\" class=\"wp-caption aligncenter\"><a href=\"https:\/\/www.diarioimagen.net\/?attachment_id=391671\" rel=\"attachment wp-att-391671\"><img loading=\"lazy\" decoding=\"async\" aria-describedby=\"caption-attachment-391671\" class=\"size-large wp-image-391671\" src=\"https:\/\/www.diarioimagen.net\/wp-content\/uploads\/2018\/08\/HUIXQUILUCAN-24-460x259.jpg\" alt=\"\" width=\"460\" height=\"259\" srcset=\"https:\/\/www.diarioimagen.net\/wp-content\/uploads\/2018\/08\/HUIXQUILUCAN-24-460x259.jpg 460w, https:\/\/www.diarioimagen.net\/wp-content\/uploads\/2018\/08\/HUIXQUILUCAN-24-240x135.jpg 240w, https:\/\/www.diarioimagen.net\/wp-content\/uploads\/2018\/08\/HUIXQUILUCAN-24-235x132.jpg 235w, https:\/\/www.diarioimagen.net\/wp-content\/uploads\/2018\/08\/HUIXQUILUCAN-24-202x114.jpg 202w, https:\/\/www.diarioimagen.net\/wp-content\/uploads\/2018\/08\/HUIXQUILUCAN-24-350x196.jpg 350w, https:\/\/www.diarioimagen.net\/wp-content\/uploads\/2018\/08\/HUIXQUILUCAN-24-220x123.jpg 220w, https:\/\/www.diarioimagen.net\/wp-content\/uploads\/2018\/08\/HUIXQUILUCAN-24-237x132.jpg 237w, https:\/\/www.diarioimagen.net\/wp-content\/uploads\/2018\/08\/HUIXQUILUCAN-24.jpg 480w\" sizes=\"auto, (max-width: 460px) 100vw, 460px\" \/><\/a><p id=\"caption-attachment-391671\" class=\"wp-caption-text\">Enrique Vargas del Villar mencion\u00f3 que en cada servicio y en cada vida que salvan, los bomberos ponen a prueba su valor y su hero\u00edsmo.<\/p><\/div>\n<p>&nbsp;<\/p>\n<p><strong>Huixquilucan, Estado de M\u00e9xico<\/strong>.- En el marco de la celebraci\u00f3n del D\u00eda del Bombero, el presidente municipal de Huixquilucan, Enrique Vargas del Villar, les hizo entrega de est\u00edmulos econ\u00f3micos, uniformes y una ambulancia de rescate equipada.<\/p>\n<p>\u201cNuestros bomberos son los h\u00e9roes en nuestro municipio, todo mi reconocimiento y el de los ciudadanos para su trabajo, su labor es de h\u00e9roes\u201d, asever\u00f3 el edil.<\/p>\n<p>Vargas del Villar mencion\u00f3 que en cada servicio y en cada vida que salvan, ponen a prueba su valor y su hero\u00edsmo. Record\u00f3 que desde el inicio de esta administraci\u00f3n los vulcanos tienen el respaldo del gobierno para mejorar sus condiciones laborales.<\/p>\n<p>Asegur\u00f3, que gracias a las finanzas sanas con las que cuenta el municipio, se podr\u00e1 seguir mejorando, por ello, se comprometi\u00f3 a resolver las necesidades que tengan.<\/p>\n<p>El jefe del departamento de bomberos en Huixquilucan, Edgar Cisneros Olvera, record\u00f3 que gracias al apoyo permanente del gobierno municipal, su trabajo ha sido dignificado y reconocido por la ciudadan\u00eda.<\/p>\n<p>En tanto, el bombero Jaime Medina S\u00e1nchez, a nombre de sus compa\u00f1eros reiter\u00f3 el compromiso y lealtad para con la instituci\u00f3n.<\/p>\n","protected":false},"excerpt":{"rendered":"<p>En el marco de la celebraci\u00f3n del D\u00eda del Bombero, el presidente municipal de Huixquilucan, Enrique Vargas del Villar, les hizo entrega de est\u00edmulos econ\u00f3micos, uniformes y una ambulancia de rescate equipada.<\/p>\n","protected":false},"author":3,"featured_media":391671,"comment_status":"open","ping_status":"open","sticky":false,"template":"","format":"standard","meta":{"_monsterinsights_skip_tracking":false,"_monsterinsights_sitenote_active":false,"_monsterinsights_sitenote_note":"","_monsterinsights_sitenote_category":0,"footnotes":""},"categories":[35155],"tags":[77464,43675,1097],"class_list":["post-391581","post","type-post","status-publish","format-standard","has-post-thumbnail","hentry","category-estado-de-mexico-estado-de-mexico","tag-dia-del-bombero","tag-estado-de-mexico","tag-huixquilucan"],"_links":{"self":[{"href":"https:\/\/www.diarioimagen.net\/index.php?rest_route=\/wp\/v2\/posts\/391581","targetHints":{"allow":["GET"]}}],"collection":[{"href":"https:\/\/www.diarioimagen.net\/index.php?rest_route=\/wp\/v2\/posts"}],"about":[{"href":"https:\/\/www.diarioimagen.net\/index.php?rest_route=\/wp\/v2\/types\/post"}],"author":[{"embeddable":true,"href":"https:\/\/www.diarioimagen.net\/index.php?rest_route=\/wp\/v2\/users\/3"}],"replies":[{"embeddable":true,"href":"https:\/\/www.diarioimagen.net\/index.php?rest_route=%2Fwp%2Fv2%2Fcomments&post=391581"}],"version-history":[{"count":0,"href":"https:\/\/www.diarioimagen.net\/index.php?rest_route=\/wp\/v2\/posts\/391581\/revisions"}],"wp:featuredmedia":[{"embeddable":true,"href":"https:\/\/www.diarioimagen.net\/index.php?rest_route=\/wp\/v2\/media\/391671"}],"wp:attachment":[{"href":"https:\/\/www.diarioimagen.net\/index.php?rest_route=%2Fwp%2Fv2%2Fmedia&parent=391581"}],"wp:term":[{"taxonomy":"category","embeddable":true,"href":"https:\/\/www.diarioimagen.net\/index.php?rest_route=%2Fwp%2Fv2%2Fcategories&post=391581"},{"taxonomy":"post_tag","embeddable":true,"href":"https:\/\/www.diarioimagen.net\/index.php?rest_route=%2Fwp%2Fv2%2Ftags&post=391581"}],"curies":[{"name":"wp","href":"https:\/\/api.w.org\/{rel}","templated":true}]}}