{"id":391600,"date":"2018-08-24T00:01:15","date_gmt":"2018-08-24T05:01:15","guid":{"rendered":"https:\/\/www.diarioimagen.net\/?p=391600"},"modified":"2018-08-24T03:31:03","modified_gmt":"2018-08-24T08:31:03","slug":"sin-alertas-de-viaje-pero-alarmados","status":"publish","type":"post","link":"https:\/\/www.diarioimagen.net\/?p=391600","title":{"rendered":"Sin alertas de viaje, pero alarmados"},"content":{"rendered":"<h2>Derecho de r\u00e9plica<\/h2>\n<p>&nbsp;<\/p>\n<p>&nbsp;<\/p>\n<p>Como cuete tronado a las seis de la ma\u00f1ana, despu\u00e9s de una noche de copas, cay\u00f3 la noticia que difundi\u00f3 el noticiero de Carlos Loret de Mola, ayer por la ma\u00f1ana, sobre que Estados Unidos emiti\u00f3 una alerta de viaje sobre Quintana Roo, eso, porque, en los \u00faltimos d\u00edas llueven las ejecuciones.<\/p>\n<p>Pero, no, Estados Unidos no ha modificado sus alertas de viaje, y los destinos de la entidad se mantienen en nivel 2 de 4, que tiene la escala; en \u00e9sta, s\u00f3lo se recomienda tener precauciones, al igual que visitar ciudades europeas.<\/p>\n<p>Sin embargo, pese a que los vecinos del norte no emitieron una nueva Alerta de Viaje, s\u00ed es una realidad, que no se puede ocultar que esta semana, Canc\u00fan lleg\u00f3 a ser lo que el actual alcalde, Remberto Estrada prometi\u00f3, \u201cUn Canc\u00fan de 10\u201d, pero, de diez ejecuciones por d\u00eda. \u00a1Que no Mouse Mickey!<\/p>\n<p>Llama la atenci\u00f3n del cinismo, resultado de la impunidad, con la que operan los delincuentes, pues el mi\u00e9rcoles pasado se registr\u00f3 un intento de ejecuci\u00f3n a escasos metros de una base de operaciones de la Polic\u00eda estatal.<\/p>\n<p>Sin embargo, es la SSP del estado la que mayor n\u00famero de detenciones realiza, pero, de delincuentes de poca monta, en apoyo total a la Polic\u00eda municipal que, en Benito Ju\u00e1rez, brilla por si ausencia de presencia y resultados en la prevenci\u00f3n del delito.<\/p>\n<p style=\"text-align: center;\"><strong>Permanencia federal<\/strong><\/p>\n<p>Si bien, el secretario de Gobernaci\u00f3n, Alfonso Navarrete Prida, adelant\u00f3 que se reforzar\u00e1 el Operativo Escudo Tit\u00e1n en las ciudades donde se ha registrado un alza en el \u00edndice delictivo, en Quintana Roo se requiere de apoyo permanente y verdadero por parte de las dependencias federales.<\/p>\n<p>La llegada de m\u00e1s de 3 mil efectivos militares a Canc\u00fan en los pr\u00f3ximos meses, ser\u00e1 la oportunidad de salvar la reputaci\u00f3n del destino, imagen que, no son los medios los que la da\u00f1an, sino, la falta de resultados, pues mientras sea s\u00f3lo la SSP del estado la que se flete el paquete, no habr\u00e1 manera de evitar que los cancunenses perciban la falta de resultados en materia de seguridad y con nostalgia recuerden c\u00f3mo era el destino tur\u00edstico n\u00famero uno del pa\u00eds hace apenas unos a\u00f1itos atr\u00e1s.<\/p>\n<p style=\"text-align: center;\"><strong>Convertir sargazo en biocombustible\u00a0<\/strong><\/p>\n<p>Si el mar te manda sargazo, haz biocombustible, eso es lo que proponen los catedr\u00e1ticos y\u00a0estudiantes del Tecnol\u00f3gico Superior de Felipe Carrillo Puerto, quienes presentaron ante el secretario de Ecolog\u00eda y Medio Ambiente, Alfredo Arellano, un proyecto para producir un energ\u00e9tico a partir del alga.<\/p>\n<p>Utilizando como materia prima \u201csargazo\u201d, se dar\u00eda como resultado la producci\u00f3n de un biodi\u00e9sel de origen vegetal que funciona como reemplazo del gasoil de origen f\u00f3sil. Puede producirse a partir de semillas, plantas, reciclado de aceite empleado para cocinar o de algas marinas. El m\u00e9todo permite tambi\u00e9n aprovechar glicerina para jabones, cremas y shampoo.<\/p>\n<p>El biodi\u00e9sel permite obtener un 5% menos de energ\u00eda que el gasoil, pero posee una gran lubricidad, condici\u00f3n que facilita compensar la menor producci\u00f3n energ\u00e9tica y lograr una eficiencia y un rendimiento id\u00e9ntico al que alcanza el combustible de origen f\u00f3sil. Esta mayor lubricidad que posee el biodi\u00e9sel permite optimizar en gran medida la vida \u00fatil de los propulsores que emplean esta fuente energ\u00e9tica.<\/p>\n<p>Este combustible vegetal reduce los efectos contaminantes desde diversos puntos de vista. Por un lado, elimina completamente (en un 100%) las emisiones de CO2 y reduce la producci\u00f3n de holl\u00edn entre un 40 y un 60%. Tambi\u00e9n lo hace con las emisiones de hidrocarburos, que disminuyen con el biodi\u00e9sel entre un 10 y un 50%. El mon\u00f3xido de carbono tambi\u00e9n desciende en la misma proporci\u00f3n, entre un 10 y un 50%.<\/p>\n<p style=\"text-align: center;\"><strong>\u00a0Inicia entrega-recepci\u00f3n en Cozumel<\/strong><\/p>\n<p>\u00a0Luego de las pasadas elecciones, donde la votaci\u00f3n favoreci\u00f3 a Pedro Joaqu\u00edn, \u00e9ste visit\u00f3 por primera vez como alcalde electo el Palacio Municipal para la entrega-recepci\u00f3n.<\/p>\n<p>El pr\u00f3ximo alcalde coment\u00f3 que se establecieron los equipos que iniciar\u00e1n trabajos el pr\u00f3ximo lunes de manera formal.<\/p>\n<p>El grupo que llevar\u00e1 el proceso est\u00e1 conformado por el coordinador Mario Y\u00e1\u00f1ez, Jessica Pay\u00e1n, Marilyn Rodr\u00edguez, Manolo Cota y Ricardo Espinoza, los cuales estar\u00e1n trabajando con la administraci\u00f3n saliente.<\/p>\n<p>Cabe mencionar que Pedro Joaqu\u00edn muestra por primera vez a quienes ocupar\u00edan un cargo en lo que ser\u00e1 su nuevo gobierno.<\/p>\n<p>Cozumel era el \u00fanico municipio donde el gobierno saliente no se hab\u00eda reunido con el alcalde electo, para iniciar el protocolo.<\/p>\n<p>La edil en funciones, Perla Tun, esper\u00f3 hasta lo \u00faltimo; sin embargo, ya se dio el primer contacto con las autoridades del ayuntamiento.<\/p>\n<p>A su salida, el edil electo agradeci\u00f3 la cordialidad que recibi\u00f3 de la alcaldesa y dijo que esta reuni\u00f3n se debe a los protocolos administrativos que deben seguir.<\/p>\n<p style=\"text-align: center;\"><strong>Proponen \u201cuso mixto\u201d del tren maya<\/strong><\/p>\n<p>El gobernador electo Yucat\u00e1n, Mauricio Vila Dosal, plante\u00f3 que en la formulaci\u00f3n del proyecto del Tren Maya se tomen en cuenta las opiniones y necesidades del sector empresarial y tur\u00edstico, as\u00ed como la posibilidad de que el nuevo tren sea de uso mixto, es decir, para pasajeros y tambi\u00e9n de carga.<\/p>\n<p>Ello permitir\u00eda aprovechar al m\u00e1ximo la nueva log\u00edstica e infraestructura que se desarrollar\u00e1 para hacerlo posible.<\/p>\n<p>Vila tambi\u00e9n pidi\u00f3 que la ruta del nuevo Tren Maya se optimice para que sea Canc\u00fan-Valladolid-Chich\u00e9n-Izamal-M\u00e9rida-Uxmal-Campeche con sus respectivas estaciones en cada una de estos destinos, y una ampliaci\u00f3n para conectar con Puerto Progreso y Hunucm\u00e1 en apoyo al desarrollo industrial de estos dos municipios.<\/p>\n<p>El proyecto ferroviario abarcar\u00e1 mil 500 kil\u00f3metros en la Pen\u00ednsula de Yucat\u00e1n y se espera que detone el desarrollo econ\u00f3mico del sureste de M\u00e9xico, por despertar un gran inter\u00e9s del sector tur\u00edstico en esta regi\u00f3n.<\/p>\n","protected":false},"excerpt":{"rendered":"<p><span style=\"color: #005497;\"><strong>Derecho de r\u00e9plica<\/strong><\/span><\/p>\n","protected":false},"author":3,"featured_media":0,"comment_status":"open","ping_status":"open","sticky":false,"template":"","format":"standard","meta":{"_monsterinsights_skip_tracking":false,"_monsterinsights_sitenote_active":false,"_monsterinsights_sitenote_note":"","_monsterinsights_sitenote_category":0,"footnotes":""},"categories":[62907],"tags":[47840,43674],"class_list":["post-391600","post","type-post","status-publish","format-standard","hentry","category-derecho-de-replica","tag-derecho-de-replica","tag-opinion"],"_links":{"self":[{"href":"https:\/\/www.diarioimagen.net\/index.php?rest_route=\/wp\/v2\/posts\/391600","targetHints":{"allow":["GET"]}}],"collection":[{"href":"https:\/\/www.diarioimagen.net\/index.php?rest_route=\/wp\/v2\/posts"}],"about":[{"href":"https:\/\/www.diarioimagen.net\/index.php?rest_route=\/wp\/v2\/types\/post"}],"author":[{"embeddable":true,"href":"https:\/\/www.diarioimagen.net\/index.php?rest_route=\/wp\/v2\/users\/3"}],"replies":[{"embeddable":true,"href":"https:\/\/www.diarioimagen.net\/index.php?rest_route=%2Fwp%2Fv2%2Fcomments&post=391600"}],"version-history":[{"count":0,"href":"https:\/\/www.diarioimagen.net\/index.php?rest_route=\/wp\/v2\/posts\/391600\/revisions"}],"wp:attachment":[{"href":"https:\/\/www.diarioimagen.net\/index.php?rest_route=%2Fwp%2Fv2%2Fmedia&parent=391600"}],"wp:term":[{"taxonomy":"category","embeddable":true,"href":"https:\/\/www.diarioimagen.net\/index.php?rest_route=%2Fwp%2Fv2%2Fcategories&post=391600"},{"taxonomy":"post_tag","embeddable":true,"href":"https:\/\/www.diarioimagen.net\/index.php?rest_route=%2Fwp%2Fv2%2Ftags&post=391600"}],"curies":[{"name":"wp","href":"https:\/\/api.w.org\/{rel}","templated":true}]}}