{"id":391703,"date":"2018-08-27T00:11:17","date_gmt":"2018-08-27T05:11:17","guid":{"rendered":"https:\/\/www.diarioimagen.net\/?p=391703"},"modified":"2018-08-27T00:40:56","modified_gmt":"2018-08-27T05:40:56","slug":"existen-condiciones-para-generar-un-millon-de-empleos","status":"publish","type":"post","link":"https:\/\/www.diarioimagen.net\/?p=391703","title":{"rendered":"Existen condiciones para generar 1 mill\u00f3n de empleos"},"content":{"rendered":"<ul>\n<li><em><strong>Llegada de inversiones<\/strong><\/em><\/li>\n<li><em><strong>Ampliaci\u00f3n de la planta AYCO para la fabricaci\u00f3n de autobuses<\/strong><\/em><\/li>\n<\/ul>\n<p>&nbsp;<\/p>\n<div id=\"attachment_391704\" style=\"width: 470px\" class=\"wp-caption aligncenter\"><img loading=\"lazy\" decoding=\"async\" aria-describedby=\"caption-attachment-391704\" class=\"wp-image-391704 size-large\" src=\"https:\/\/www.diarioimagen.net\/wp-content\/uploads\/2018\/08\/EMPLEOS27-portal-460x268.jpg\" alt=\"\" width=\"460\" height=\"268\" srcset=\"https:\/\/www.diarioimagen.net\/wp-content\/uploads\/2018\/08\/EMPLEOS27-portal-460x268.jpg 460w, https:\/\/www.diarioimagen.net\/wp-content\/uploads\/2018\/08\/EMPLEOS27-portal-240x140.jpg 240w, https:\/\/www.diarioimagen.net\/wp-content\/uploads\/2018\/08\/EMPLEOS27-portal.jpg 480w\" sizes=\"auto, (max-width: 460px) 100vw, 460px\" \/><p id=\"caption-attachment-391704\" class=\"wp-caption-text\">Inaugura Secretario del Trabajo, Ignacio Rub\u00ed Salazar, planta para la fabricaci\u00f3n de autobuses for\u00e1neos.<\/p><\/div>\n<p>&nbsp;<\/p>\n<p><strong>Huehuetoca, Estado de M\u00e9xico<\/strong>.- En el Estado de M\u00e9xico est\u00e1n dadas las condiciones, para que durante la actual administraci\u00f3n se generen un mill\u00f3n de empleos, ya que la entidad cuenta con las caracter\u00edsticas necesarias para la llegada de m\u00e1s inversiones, extern\u00f3 el secretario del Trabajo, Ignacio Rub\u00ed Salazar.<\/p>\n<p>Esto, durante la inauguraci\u00f3n de la ampliaci\u00f3n de la planta AYCO para la Divisi\u00f3n Autobuses For\u00e1neos, con la que se proyecta crear m\u00e1s empleos de calidad y mejorar las condiciones de vida de los habitantes de la regi\u00f3n.<\/p>\n<p>\u201cEn t\u00e9rminos de competitividad estamos observando que contin\u00faan llegando inversiones al Estado de M\u00e9xico, nacionales y extranjeras, lo que nos permite afirmar que el compromiso del gobernador Alfredo Del Mazo se va cumplir, me refiero al de generar condiciones favorables para que durante su mandato se puedan crear un mill\u00f3n de empleos en territorio estatal\u201d.<\/p>\n<p>Agreg\u00f3 que la ampliaci\u00f3n de la planta de autobuses significa una gran inversi\u00f3n en t\u00e9rminos econ\u00f3micos, pero socialmente se traduce en m\u00e1s empleo para los mexiquenses, en oportunidades para que las empresas proveedoras, que est\u00e1n vinculadas con el proceso productivo de AYCO, puedan tambi\u00e9n expandir sus operaciones y contratar m\u00e1s trabajadores.<\/p>\n<p>En este sentido, destac\u00f3 que esta empresa significa empleo directo para m\u00e1s de 2 mil personas, pues tiene presencia en los municipios de Huehuetoca, Metepec, Tultitl\u00e1n y La Paz.<\/p>\n<p>El titular de la Secretar\u00eda del Trabajo reconoci\u00f3 el esfuerzo que en M\u00e9xico realiza el sector empresarial, como AYCO, la cual es una empresa cien por ciento mexicana, \u201calgo que se debe festejar, que adem\u00e1s acredita la calidad de la mano de obra nacional, misma que puede competir con la de otros pa\u00edses\u201d.<\/p>\n<p>AYCO es la primera empresa mexicana en incursionar en la fabricaci\u00f3n de autobuses for\u00e1neos, adem\u00e1s cuenta con una trayectoria de m\u00e1s de 50 a\u00f1os en la producci\u00f3n de carrocer\u00edas para autobuses urbanos, interurbanos y carrocer\u00edas.<\/p>\n<p>Estuvieron en este evento Fernando Jos\u00e9 Mangino y Urrutia, presidente de Grupo Industrial Mangino (GIM), Fernando Mangino Aparicio, vicepresidente de GIM, Arturo Ch\u00e1vez S\u00e1nchez, director de Industria de la Secretar\u00eda de Desarrollo Econ\u00f3mico del gobierno estatal y Francisco Javier Ben\u00edtez N\u00fa\u00f1ez, director general de AYCO.<\/p>\n","protected":false},"excerpt":{"rendered":"<p>En el Estado de M\u00e9xico est\u00e1n dadas las condiciones para que durante la actual administraci\u00f3n estatal se generen un mill\u00f3n de empleos, ya que la entidad cuenta con las caracter\u00edsticas necesarias para la llegada de m\u00e1s inversiones, extern\u00f3 el Secretario del Trabajo, Ignacio Rub\u00ed Salazar.<\/p>\n","protected":false},"author":5,"featured_media":391704,"comment_status":"open","ping_status":"open","sticky":false,"template":"","format":"standard","meta":{"_monsterinsights_skip_tracking":false,"_monsterinsights_sitenote_active":false,"_monsterinsights_sitenote_note":"","_monsterinsights_sitenote_category":0,"footnotes":""},"categories":[5],"tags":[77479,76609,77477,77478,77476],"class_list":["post-391703","post","type-post","status-publish","format-standard","has-post-thumbnail","hentry","category-estado-de-mexico","tag-division-autobuses-foraneos","tag-ignacio-rubi-salazar","tag-llegada-de-inversiones","tag-planta-ayco","tag-un-millon-de-empleos"],"_links":{"self":[{"href":"https:\/\/www.diarioimagen.net\/index.php?rest_route=\/wp\/v2\/posts\/391703","targetHints":{"allow":["GET"]}}],"collection":[{"href":"https:\/\/www.diarioimagen.net\/index.php?rest_route=\/wp\/v2\/posts"}],"about":[{"href":"https:\/\/www.diarioimagen.net\/index.php?rest_route=\/wp\/v2\/types\/post"}],"author":[{"embeddable":true,"href":"https:\/\/www.diarioimagen.net\/index.php?rest_route=\/wp\/v2\/users\/5"}],"replies":[{"embeddable":true,"href":"https:\/\/www.diarioimagen.net\/index.php?rest_route=%2Fwp%2Fv2%2Fcomments&post=391703"}],"version-history":[{"count":0,"href":"https:\/\/www.diarioimagen.net\/index.php?rest_route=\/wp\/v2\/posts\/391703\/revisions"}],"wp:featuredmedia":[{"embeddable":true,"href":"https:\/\/www.diarioimagen.net\/index.php?rest_route=\/wp\/v2\/media\/391704"}],"wp:attachment":[{"href":"https:\/\/www.diarioimagen.net\/index.php?rest_route=%2Fwp%2Fv2%2Fmedia&parent=391703"}],"wp:term":[{"taxonomy":"category","embeddable":true,"href":"https:\/\/www.diarioimagen.net\/index.php?rest_route=%2Fwp%2Fv2%2Fcategories&post=391703"},{"taxonomy":"post_tag","embeddable":true,"href":"https:\/\/www.diarioimagen.net\/index.php?rest_route=%2Fwp%2Fv2%2Ftags&post=391703"}],"curies":[{"name":"wp","href":"https:\/\/api.w.org\/{rel}","templated":true}]}}