{"id":391709,"date":"2018-08-27T00:08:48","date_gmt":"2018-08-27T05:08:48","guid":{"rendered":"https:\/\/www.diarioimagen.net\/?p=391709"},"modified":"2018-08-28T00:12:32","modified_gmt":"2018-08-28T05:12:32","slug":"inaugura-del-mazo-cineteca-mexiquense","status":"publish","type":"post","link":"https:\/\/www.diarioimagen.net\/?p=391709","title":{"rendered":"Inauguran la Cineteca Mexiquense"},"content":{"rendered":"<h2>Arco Norte<\/h2>\n<h5>Jos\u00e9 Luis Monta\u00f1ez Aguilar<\/h5>\n<p>&nbsp;<\/p>\n<div id=\"attachment_391710\" style=\"width: 470px\" class=\"wp-caption aligncenter\"><img loading=\"lazy\" decoding=\"async\" aria-describedby=\"caption-attachment-391710\" class=\"size-large wp-image-391710\" src=\"https:\/\/www.diarioimagen.net\/wp-content\/uploads\/2018\/08\/DelMazo-27-portal-460x268.jpg\" alt=\"\" width=\"460\" height=\"268\" srcset=\"https:\/\/www.diarioimagen.net\/wp-content\/uploads\/2018\/08\/DelMazo-27-portal-460x268.jpg 460w, https:\/\/www.diarioimagen.net\/wp-content\/uploads\/2018\/08\/DelMazo-27-portal-240x140.jpg 240w, https:\/\/www.diarioimagen.net\/wp-content\/uploads\/2018\/08\/DelMazo-27-portal.jpg 480w\" sizes=\"auto, (max-width: 460px) 100vw, 460px\" \/><p id=\"caption-attachment-391710\" class=\"wp-caption-text\">Destaca Alfredo Del Mazo la calidad tecnol\u00f3gica visual y auditiva con la que cuenta esta cineteca, la n\u00famero 31 del pa\u00eds.<\/p><\/div>\n<p>&nbsp;<\/p>\n<p>Los mexiquenses cuentan con un nuevo espacio para disfrutar del cine, tanto nacional como internacional, con la inauguraci\u00f3n de la Cineteca Mexiquense, espacio que acerca la cultura y el arte a la poblaci\u00f3n, afirm\u00f3 el gobernador Alfredo Del Mazo Maza.<\/p>\n<p>\u201cNos sentimos muy orgullosos de tener, de la mano de la Cineteca Nacional, la mejor cineteca del pa\u00eds, esta Cineteca Mexiquense.<\/p>\n<p>\u201cContar con este extraordinario espacio en el Centro Cultural Mexiquense es un gran orgullo para el estado, un gran orgullo para seguir promoviendo y difundiendo \u00e9ste, nuestro s\u00e9ptimo arte, y para que muchas familias vengan aqu\u00ed a disfrutar\u201d, manifest\u00f3, al inaugurar este espacio que se encuentra en el Centro Cultural Mexiquense, en la ciudad de Toluca.<\/p>\n<p>Acompa\u00f1ado por la secretaria de Cultura federal, Mar\u00eda Cristina Garc\u00eda Cepeda, Alfredo Del Mazo destac\u00f3 que la Cineteca Mexiquense, la n\u00famero 31 a nivel nacional, cuenta con tecnolog\u00eda de calidad, tanto visual como auditiva, lo que la convierte en una de las m\u00e1s profesionales en todo el pa\u00eds.<\/p>\n<p>\u201cSolamente esta cineteca, est\u00e1 a la altura\u00a0 de la Cineteca Nacional; son las \u00fanicas\u00a0 dos cinetecas en todo el pa\u00eds que tienen la calidad, la tecnolog\u00eda, el espacio y las caracter\u00edsticas m\u00e1s profesionales que pueda tener una cineteca a nivel nacional.<\/p>\n<p>Es un orgullo que est\u00e9 aqu\u00ed en el Estado de M\u00e9xico\u201d, resalt\u00f3.<\/p>\n<p>Luego de presenciar la proyecci\u00f3n de \u201cCortometrajes silentes de M\u00e9xico\u201d y un tr\u00e1iler del \u201cCirque du Solei\u201d, que forman parte del acervo de la Cineteca Nacional, Del Mazo Maza detall\u00f3 que la Cineteca Mexiquense brindar\u00e1 dos funciones los jueves y viernes, mientras que los s\u00e1bados y domingos habr\u00e1 tres.<\/p>\n<p>El mandatario estatal agradeci\u00f3 el apoyo otorgado por la Secretar\u00eda de Cultura federal para la realizaci\u00f3n de esta obra, as\u00ed como a la Cineteca Nacional, la cual proporcionar\u00e1 pel\u00edculas de su acervo, para que sean proyectadas en la entidad.<\/p>\n<p>Durante el mes de agosto y septiembre la entrada ser\u00e1 gratuita y a partir de octubre tendr\u00e1 costo de recuperaci\u00f3n.<\/p>\n<p>El gobernador indic\u00f3 que acercar a la ni\u00f1ez y juventud mexiquense el arte y la cultura, con acciones como la realizaci\u00f3n de obras de teatro, exposiciones, eventos musicales, entre otros, promueve que crezcan guiados por el ingenio y los valores, en un ambiente familiar que genere solidaridad y uni\u00f3n comunitaria.<\/p>\n<p><em><a href=\"mailto:montanezaguilar@gmail.com\" target=\"_blank\" rel=\"noopener\">montanezaguilar@gmail.com<\/a><\/em><\/p>\n<p>&nbsp;<\/p>\n","protected":false},"excerpt":{"rendered":"<p><span style=\"color: #005497;\">Jos\u00e9 Luis Monta\u00f1ez Aguilar<\/span><br \/>\n<br \/>\nLos mexiquenses cuentan con un nuevo espacio para disfrutar del cine, tanto nacional como internacional, con la inauguraci\u00f3n de la Cineteca Mexiquense, espacio que acerca la cultura y el arte a la poblaci\u00f3n, afirm\u00f3 el gobernador Alfredo Del Mazo Maza.<\/p>\n","protected":false},"author":5,"featured_media":391710,"comment_status":"open","ping_status":"open","sticky":false,"template":"","format":"standard","meta":{"_monsterinsights_skip_tracking":false,"_monsterinsights_sitenote_active":false,"_monsterinsights_sitenote_note":"","_monsterinsights_sitenote_category":0,"footnotes":""},"categories":[5],"tags":[8813,77486,77487,56862],"class_list":["post-391709","post","type-post","status-publish","format-standard","has-post-thumbnail","hentry","category-estado-de-mexico","tag-centro-cultural-mexiquense","tag-cineteca-mexiquense","tag-cultura-a-la-poblacion","tag-maria-cristina-garcia-cepeda"],"_links":{"self":[{"href":"https:\/\/www.diarioimagen.net\/index.php?rest_route=\/wp\/v2\/posts\/391709","targetHints":{"allow":["GET"]}}],"collection":[{"href":"https:\/\/www.diarioimagen.net\/index.php?rest_route=\/wp\/v2\/posts"}],"about":[{"href":"https:\/\/www.diarioimagen.net\/index.php?rest_route=\/wp\/v2\/types\/post"}],"author":[{"embeddable":true,"href":"https:\/\/www.diarioimagen.net\/index.php?rest_route=\/wp\/v2\/users\/5"}],"replies":[{"embeddable":true,"href":"https:\/\/www.diarioimagen.net\/index.php?rest_route=%2Fwp%2Fv2%2Fcomments&post=391709"}],"version-history":[{"count":0,"href":"https:\/\/www.diarioimagen.net\/index.php?rest_route=\/wp\/v2\/posts\/391709\/revisions"}],"wp:featuredmedia":[{"embeddable":true,"href":"https:\/\/www.diarioimagen.net\/index.php?rest_route=\/wp\/v2\/media\/391710"}],"wp:attachment":[{"href":"https:\/\/www.diarioimagen.net\/index.php?rest_route=%2Fwp%2Fv2%2Fmedia&parent=391709"}],"wp:term":[{"taxonomy":"category","embeddable":true,"href":"https:\/\/www.diarioimagen.net\/index.php?rest_route=%2Fwp%2Fv2%2Fcategories&post=391709"},{"taxonomy":"post_tag","embeddable":true,"href":"https:\/\/www.diarioimagen.net\/index.php?rest_route=%2Fwp%2Fv2%2Ftags&post=391709"}],"curies":[{"name":"wp","href":"https:\/\/api.w.org\/{rel}","templated":true}]}}