{"id":391755,"date":"2018-08-27T00:10:59","date_gmt":"2018-08-27T05:10:59","guid":{"rendered":"https:\/\/www.diarioimagen.net\/?p=391755"},"modified":"2018-08-27T06:40:44","modified_gmt":"2018-08-27T11:40:44","slug":"crecio-6-75-monto-destinado-por-uaem","status":"publish","type":"post","link":"https:\/\/www.diarioimagen.net\/?p=391755","title":{"rendered":"Creci\u00f3 6.75 % monto destinado por UAEM"},"content":{"rendered":"<ul>\n<li><strong><em>Para implementos de trabajo de SUTESUAEM<\/em><\/strong><\/li>\n<\/ul>\n<p>&nbsp;<\/p>\n<div id=\"attachment_391856\" style=\"width: 470px\" class=\"wp-caption aligncenter\"><a href=\"https:\/\/www.diarioimagen.net\/?attachment_id=391856\" rel=\"attachment wp-att-391856\"><img loading=\"lazy\" decoding=\"async\" aria-describedby=\"caption-attachment-391856\" class=\"size-large wp-image-391856\" src=\"https:\/\/www.diarioimagen.net\/wp-content\/uploads\/2018\/08\/UAEM-3441-460x259.jpg\" alt=\"\" width=\"460\" height=\"259\" srcset=\"https:\/\/www.diarioimagen.net\/wp-content\/uploads\/2018\/08\/UAEM-3441-460x259.jpg 460w, https:\/\/www.diarioimagen.net\/wp-content\/uploads\/2018\/08\/UAEM-3441-240x135.jpg 240w, https:\/\/www.diarioimagen.net\/wp-content\/uploads\/2018\/08\/UAEM-3441-235x132.jpg 235w, https:\/\/www.diarioimagen.net\/wp-content\/uploads\/2018\/08\/UAEM-3441-202x114.jpg 202w, https:\/\/www.diarioimagen.net\/wp-content\/uploads\/2018\/08\/UAEM-3441-350x196.jpg 350w, https:\/\/www.diarioimagen.net\/wp-content\/uploads\/2018\/08\/UAEM-3441-220x123.jpg 220w, https:\/\/www.diarioimagen.net\/wp-content\/uploads\/2018\/08\/UAEM-3441-237x132.jpg 237w, https:\/\/www.diarioimagen.net\/wp-content\/uploads\/2018\/08\/UAEM-3441.jpg 480w\" sizes=\"auto, (max-width: 460px) 100vw, 460px\" \/><\/a><p id=\"caption-attachment-391856\" class=\"wp-caption-text\">El rector de la UAEM, Alfredo Barrera, destac\u00f3 la relevancia que para la instituci\u00f3n tienen las actividades que desempe\u00f1an los trabajadores universitarios.<\/p><\/div>\n<p>&nbsp;<\/p>\n<p><strong>Toluca, Estado de M\u00e9xico<\/strong>.\u2013 El monto destinado por la Universidad Aut\u00f3noma del Estado de M\u00e9xico para la entrega de implementos de trabajo para los universitarios afiliados al Sindicato \u00danico de Trabajadores y Empleados al Servicio de la UAEM (SUTESUAEM) creci\u00f3 6.75 por ciento con respecto al a\u00f1o pasado, afirm\u00f3 el rector Alfredo Barrera Baca.<\/p>\n<p>Al realizar la entrega simb\u00f3lica de chamarras, fajas sacrolumbares, impermeables, guantes de alta y m\u00ednima seguridad, mascarillas, caretas, lentes de seguridad industrial, portaherramientas, sombreros, mandiles y otros objetos a los universitarios sindicalizados, el rector indic\u00f3 que durante este a\u00f1o ser\u00e1n adjudicados 18 mil 534 implementos, con una inversi\u00f3n de 5 millones 758 mil 954 pesos.<\/p>\n<p>En la Sala \u201cDr. Gustavo Baz\u201d del Edificio de Rector\u00eda, ante el secretario general del SUTESUAEM, Pedro Rodr\u00edguez Magallanes, destac\u00f3 la relevancia que para la UAEM tienen las actividades que desempe\u00f1an los trabajadores universitarios.<\/p>\n<p>Resalt\u00f3 que en primera instancia, la instituci\u00f3n entrega lo necesario al personal que requiere equipo especial para desempe\u00f1ar sus actividades sin riesgos, con la seguridad e higiene necesaria.<\/p>\n<p>\u201cLos beneficiarios de estos implementos son empleados que afrontan lluvias, fr\u00edo y madrugadas, que demandan condiciones m\u00ednimas para desarrollar su actividad en las mejores condiciones posibles\u201d.<\/p>\n<p>Por su parte, Pedro Rodr\u00edguez Magallanes detall\u00f3 que durante 2018 ser\u00e1n beneficiados con la entrega de este tipo de implementos dos mil 329 trabajadores del SUTESUAEM.<\/p>\n<p>En este evento, al que acudieron el secretario de Administraci\u00f3n de la UAEM, Javier Gonz\u00e1lez Mart\u00ednez; la directora de Recursos Humanos, Mar\u00eda de los \u00c1ngeles Araujo Gonz\u00e1lez, delegados del sindicato y los titulares de las secretar\u00edas de la Administraci\u00f3n Central de la instituci\u00f3n, el l\u00edder sindical enfatiz\u00f3 que para cumplir sus compromisos con los trabajadores la instituci\u00f3n educativa realiza un esfuerzo considerable.<\/p>\n","protected":false},"excerpt":{"rendered":"<p>El monto destinado por la Universidad Aut\u00f3noma del Estado de M\u00e9xico para la entrega de implementos de trabajo para los universitarios afiliados al Sindicato \u00danico de Trabajadores y Empleados al Servicio de la UAEM (SUTESUAEM) creci\u00f3 6.75 por ciento con respecto al a\u00f1o pasado, afirm\u00f3 el rector Alfredo Barrera Baca.<\/p>\n","protected":false},"author":3,"featured_media":391856,"comment_status":"open","ping_status":"open","sticky":false,"template":"","format":"standard","meta":{"_monsterinsights_skip_tracking":false,"_monsterinsights_sitenote_active":false,"_monsterinsights_sitenote_note":"","_monsterinsights_sitenote_category":0,"footnotes":""},"categories":[5],"tags":[43675,452,1491],"class_list":["post-391755","post","type-post","status-publish","format-standard","has-post-thumbnail","hentry","category-estado-de-mexico","tag-estado-de-mexico","tag-toluca","tag-uaem"],"_links":{"self":[{"href":"https:\/\/www.diarioimagen.net\/index.php?rest_route=\/wp\/v2\/posts\/391755","targetHints":{"allow":["GET"]}}],"collection":[{"href":"https:\/\/www.diarioimagen.net\/index.php?rest_route=\/wp\/v2\/posts"}],"about":[{"href":"https:\/\/www.diarioimagen.net\/index.php?rest_route=\/wp\/v2\/types\/post"}],"author":[{"embeddable":true,"href":"https:\/\/www.diarioimagen.net\/index.php?rest_route=\/wp\/v2\/users\/3"}],"replies":[{"embeddable":true,"href":"https:\/\/www.diarioimagen.net\/index.php?rest_route=%2Fwp%2Fv2%2Fcomments&post=391755"}],"version-history":[{"count":0,"href":"https:\/\/www.diarioimagen.net\/index.php?rest_route=\/wp\/v2\/posts\/391755\/revisions"}],"wp:featuredmedia":[{"embeddable":true,"href":"https:\/\/www.diarioimagen.net\/index.php?rest_route=\/wp\/v2\/media\/391856"}],"wp:attachment":[{"href":"https:\/\/www.diarioimagen.net\/index.php?rest_route=%2Fwp%2Fv2%2Fmedia&parent=391755"}],"wp:term":[{"taxonomy":"category","embeddable":true,"href":"https:\/\/www.diarioimagen.net\/index.php?rest_route=%2Fwp%2Fv2%2Fcategories&post=391755"},{"taxonomy":"post_tag","embeddable":true,"href":"https:\/\/www.diarioimagen.net\/index.php?rest_route=%2Fwp%2Fv2%2Ftags&post=391755"}],"curies":[{"name":"wp","href":"https:\/\/api.w.org\/{rel}","templated":true}]}}