{"id":391786,"date":"2018-08-27T00:08:34","date_gmt":"2018-08-27T05:08:34","guid":{"rendered":"https:\/\/www.diarioimagen.net\/?p=391786"},"modified":"2018-08-27T07:39:41","modified_gmt":"2018-08-27T12:39:41","slug":"con-gran-celebracion-dif-metepec-honra-a-los-adultos-mayores-por-su-dia","status":"publish","type":"post","link":"https:\/\/www.diarioimagen.net\/?p=391786","title":{"rendered":"Con gran celebraci\u00f3n, DIF Metepec honra a los adultos mayores por su d\u00eda"},"content":{"rendered":"<p><a href=\"https:\/\/www.diarioimagen.net\/?attachment_id=391884\" rel=\"attachment wp-att-391884\"><img loading=\"lazy\" decoding=\"async\" class=\"aligncenter size-large wp-image-391884\" src=\"https:\/\/www.diarioimagen.net\/wp-content\/uploads\/2018\/08\/METEPEC-3441-460x259.jpg\" alt=\"\" width=\"460\" height=\"259\" srcset=\"https:\/\/www.diarioimagen.net\/wp-content\/uploads\/2018\/08\/METEPEC-3441-460x259.jpg 460w, https:\/\/www.diarioimagen.net\/wp-content\/uploads\/2018\/08\/METEPEC-3441-240x135.jpg 240w, https:\/\/www.diarioimagen.net\/wp-content\/uploads\/2018\/08\/METEPEC-3441-235x132.jpg 235w, https:\/\/www.diarioimagen.net\/wp-content\/uploads\/2018\/08\/METEPEC-3441-202x114.jpg 202w, https:\/\/www.diarioimagen.net\/wp-content\/uploads\/2018\/08\/METEPEC-3441-350x196.jpg 350w, https:\/\/www.diarioimagen.net\/wp-content\/uploads\/2018\/08\/METEPEC-3441-220x123.jpg 220w, https:\/\/www.diarioimagen.net\/wp-content\/uploads\/2018\/08\/METEPEC-3441-237x132.jpg 237w, https:\/\/www.diarioimagen.net\/wp-content\/uploads\/2018\/08\/METEPEC-3441.jpg 480w\" sizes=\"auto, (max-width: 460px) 100vw, 460px\" \/><\/a><\/p>\n<p>&nbsp;<\/p>\n<p><strong>Metepec, Estado de M\u00e9xico.-<\/strong>En reconocimiento a su aportaci\u00f3n para la integraci\u00f3n de las familias, la promoci\u00f3n de valores y el desarrollo del municipio a trav\u00e9s de su trabajo y trayectoria, autoridades de Metepec rindieron homenaje a los adultos mayores con motivo de su d\u00eda.<\/p>\n<p>M\u00e1s de mil personas de la tercera edad que participan en 47 clubes que atiende el DIF Metepec, fueron festejados con una celebraci\u00f3n, donde el baile, convivio, regalos y sorpresas en medio de m\u00fasica y canto, fueron motivo de amplia alegr\u00eda.<\/p>\n<p>En el evento, la presidenta del organismo asistencial, Gabriela Bringas Abarca, se\u00f1al\u00f3 que los retos se han asumido con responsabilidad y, sobre todo, compromiso por el bienestar de este sector de la poblaci\u00f3n.<\/p>\n<p>&nbsp;<\/p>\n","protected":false},"excerpt":{"rendered":"<p>-En reconocimiento a su aportaci\u00f3n para la integraci\u00f3n de las familias, la promoci\u00f3n de valores y el desarrollo del municipio a trav\u00e9s de su trabajo y trayectoria, autoridades de Metepec rindieron homenaje a los adultos mayores con motivo de su d\u00eda.<\/p>\n","protected":false},"author":3,"featured_media":391884,"comment_status":"open","ping_status":"open","sticky":false,"template":"","format":"standard","meta":{"_monsterinsights_skip_tracking":false,"_monsterinsights_sitenote_active":false,"_monsterinsights_sitenote_note":"","_monsterinsights_sitenote_category":0,"footnotes":""},"categories":[35155],"tags":[2954,43675,876],"class_list":["post-391786","post","type-post","status-publish","format-standard","has-post-thumbnail","hentry","category-estado-de-mexico-estado-de-mexico","tag-dif","tag-estado-de-mexico","tag-metepec"],"_links":{"self":[{"href":"https:\/\/www.diarioimagen.net\/index.php?rest_route=\/wp\/v2\/posts\/391786","targetHints":{"allow":["GET"]}}],"collection":[{"href":"https:\/\/www.diarioimagen.net\/index.php?rest_route=\/wp\/v2\/posts"}],"about":[{"href":"https:\/\/www.diarioimagen.net\/index.php?rest_route=\/wp\/v2\/types\/post"}],"author":[{"embeddable":true,"href":"https:\/\/www.diarioimagen.net\/index.php?rest_route=\/wp\/v2\/users\/3"}],"replies":[{"embeddable":true,"href":"https:\/\/www.diarioimagen.net\/index.php?rest_route=%2Fwp%2Fv2%2Fcomments&post=391786"}],"version-history":[{"count":0,"href":"https:\/\/www.diarioimagen.net\/index.php?rest_route=\/wp\/v2\/posts\/391786\/revisions"}],"wp:featuredmedia":[{"embeddable":true,"href":"https:\/\/www.diarioimagen.net\/index.php?rest_route=\/wp\/v2\/media\/391884"}],"wp:attachment":[{"href":"https:\/\/www.diarioimagen.net\/index.php?rest_route=%2Fwp%2Fv2%2Fmedia&parent=391786"}],"wp:term":[{"taxonomy":"category","embeddable":true,"href":"https:\/\/www.diarioimagen.net\/index.php?rest_route=%2Fwp%2Fv2%2Fcategories&post=391786"},{"taxonomy":"post_tag","embeddable":true,"href":"https:\/\/www.diarioimagen.net\/index.php?rest_route=%2Fwp%2Fv2%2Ftags&post=391786"}],"curies":[{"name":"wp","href":"https:\/\/api.w.org\/{rel}","templated":true}]}}