{"id":391788,"date":"2018-08-27T00:07:39","date_gmt":"2018-08-27T05:07:39","guid":{"rendered":"https:\/\/www.diarioimagen.net\/?p=391788"},"modified":"2018-08-27T07:41:26","modified_gmt":"2018-08-27T12:41:26","slug":"anuncia-david-parra-que-no-buscara-la-dirigencia-del-pri-en-naucalpan","status":"publish","type":"post","link":"https:\/\/www.diarioimagen.net\/?p=391788","title":{"rendered":"Anuncia David Parra que no buscar\u00e1 la dirigencia del PRI en Naucalpan"},"content":{"rendered":"<ul>\n<li><strong><em>\u201cHay que darle oportunidad a j\u00f3venes y l\u00edderes de base\u201d<\/em><\/strong><\/li>\n<\/ul>\n<p>&nbsp;<\/p>\n<div id=\"attachment_391887\" style=\"width: 470px\" class=\"wp-caption aligncenter\"><a href=\"https:\/\/www.diarioimagen.net\/?attachment_id=391887\" rel=\"attachment wp-att-391887\"><img loading=\"lazy\" decoding=\"async\" aria-describedby=\"caption-attachment-391887\" class=\"size-large wp-image-391887\" src=\"https:\/\/www.diarioimagen.net\/wp-content\/uploads\/2018\/08\/NAUCALPAN-3441-460x259.jpg\" alt=\"\" width=\"460\" height=\"259\" srcset=\"https:\/\/www.diarioimagen.net\/wp-content\/uploads\/2018\/08\/NAUCALPAN-3441-460x259.jpg 460w, https:\/\/www.diarioimagen.net\/wp-content\/uploads\/2018\/08\/NAUCALPAN-3441-240x135.jpg 240w, https:\/\/www.diarioimagen.net\/wp-content\/uploads\/2018\/08\/NAUCALPAN-3441-235x132.jpg 235w, https:\/\/www.diarioimagen.net\/wp-content\/uploads\/2018\/08\/NAUCALPAN-3441-202x114.jpg 202w, https:\/\/www.diarioimagen.net\/wp-content\/uploads\/2018\/08\/NAUCALPAN-3441-350x196.jpg 350w, https:\/\/www.diarioimagen.net\/wp-content\/uploads\/2018\/08\/NAUCALPAN-3441-220x123.jpg 220w, https:\/\/www.diarioimagen.net\/wp-content\/uploads\/2018\/08\/NAUCALPAN-3441-237x132.jpg 237w, https:\/\/www.diarioimagen.net\/wp-content\/uploads\/2018\/08\/NAUCALPAN-3441.jpg 480w\" sizes=\"auto, (max-width: 460px) 100vw, 460px\" \/><\/a><p id=\"caption-attachment-391887\" class=\"wp-caption-text\">David Parra S\u00e1nchez anunci\u00f3 que no buscar\u00e1 la dirigencia del PRI en la localidad, pues asegur\u00f3 \u201chay que dar oportunidad a j\u00f3venes\u201d.<\/p><\/div>\n<p>&nbsp;<\/p>\n<p><strong>Naucalpan, Estado de M\u00e9xico<\/strong>.- Durante un acto con l\u00edderes sociales y habitantes\u00a0\u00a0de la colonia Florida, el l\u00edder social, David Parra S\u00e1nchez, anunci\u00f3 que no buscar\u00e1 la dirigencia del PRI en la localidad, pues asegur\u00f3 \u201chay que dar oportunidad a j\u00f3venes y l\u00edderes sociales emanados de la base.\u00a0 El Revolucionario Institucional, debe de entender que ya no son tiempos de dedazos ni imposiciones\u201d.<\/p>\n<p>Parra S\u00e1nchez hizo un llamado a las Asociaciones de Colonos y a organizaciones de la sociedad civil, a proteger su patrimonio y actuar con responsabilidad, \u201ccompromiso p\u00fablico y sobre todo, participar de manera franca, critica y propositiva ante los distintos \u00f3rdenes e instancias de gobierno\u201d.<\/p>\n<p>En el marco de la reapertura de las instalaciones de la Asociaci\u00f3n de Colonos de\u201d La Florida\u201d que\u00a0fue clausurada\u00a0\u00a0de manera ilegal por autoridades municipales hace alrededor de dos a\u00f1os, urgi\u00f3 a \u201cconstituir un frente o colectivo que conjunte a estos grupos sociales\u201d.<\/p>\n<p>Acompa\u00f1ado del presidente de Colonos de \u201cLa Florida\u201d, Eduardo Murgu\u00eda Morales, ex presidentes de dicho colectivo, vocales de la mesa directiva, de Galo Blanco Mateos, y otros invitados especiales, inst\u00f3 a seguir desde sus diferentes trincheras con el activismo social.<\/p>\n<p>\u201cS\u00f3lo est\u00e1 muerto el que deja de luchar, a\u00fan y en los peores escenarios\u201d, resalt\u00f3, tras condenar las agresiones de que fueron sujetos con la clausura de estas oficinas.<\/p>\n<p>Por otra parte, Parra manifest\u00f3 la extra\u00f1eza que representa el que las \u00faltimas administraciones no hayan podido elevar la calidad y las condiciones de vida de los naucalpenses.<\/p>\n<p>De igual manera, la imposibilidad de regresar a la actividad econ\u00f3mica y productiva, teniendo en la actualidad, los parques industriales en el abandono total, adem\u00e1s del alto endeudamiento p\u00fablico e inseguridad, entre otros.<\/p>\n<p>Antes, Eduardo Murgu\u00eda Morales agradeci\u00f3 al alcalde sustituto, V\u00edctor G\u00e1lvez Astorga, la voluntad y sensibilidad en este ejercicio de reapertura de las oficinas sede de Colonos de \u201cLa Florida\u201d.<\/p>\n<p>Igualmente, reconoci\u00f3 a David Parra y Tom\u00e1s Palomares, secretario general del Sindicato \u00danico de Trabajadores (Suteym), delegaci\u00f3n Naucalpan, las negociaciones realizadas para alcanzar este importante acuerdo, a la vez de la recuperaci\u00f3n integral del jard\u00edn que les corresponde.<\/p>\n<p>A su vez, Galo Blanco Mateos, miembro de la Comisi\u00f3n de Honor y Justicia de Colonos de Sat\u00e9lite, resalt\u00f3 cada una de las gestiones para rescatar estas oficinas tras dos a\u00f1os de ser confiscadas por la autoridad, y reiter\u00f3 que actos de esta naturaleza no se pueden ya permitir jam\u00e1s..<\/p>\n<p>Luego de convocar a la participaci\u00f3n ciudadana y hacer crecer los grupos de apoyo entre las representaciones vecinales, requiri\u00f3 la inclusi\u00f3n de j\u00f3venes en las distintas asociaciones de colonos.<\/p>\n<p>\u201cNecesitamos sangre nueva y la renovaci\u00f3n constante de nuestros activos sociales\u201d, apunt\u00f3.<\/p>\n","protected":false},"excerpt":{"rendered":"<p>Durante un acto con l\u00edderes sociales y habitantes  de la colonia Florida, el l\u00edder social, David Parra S\u00e1nchez, anunci\u00f3 que no buscar\u00e1 la dirigencia del PRI en la localidad, pues asegur\u00f3 \u201chay que dar oportunidad a j\u00f3venes y l\u00edderes sociales emanados de la base.  El Revolucionario Institucional, debe de entender que ya no son tiempos de dedazos ni imposiciones\u201d.<\/p>\n","protected":false},"author":3,"featured_media":391887,"comment_status":"open","ping_status":"open","sticky":false,"template":"","format":"standard","meta":{"_monsterinsights_skip_tracking":false,"_monsterinsights_sitenote_active":false,"_monsterinsights_sitenote_note":"","_monsterinsights_sitenote_category":0,"footnotes":""},"categories":[35155],"tags":[43675,970,362],"class_list":["post-391788","post","type-post","status-publish","format-standard","has-post-thumbnail","hentry","category-estado-de-mexico-estado-de-mexico","tag-estado-de-mexico","tag-naucalpan","tag-pri"],"_links":{"self":[{"href":"https:\/\/www.diarioimagen.net\/index.php?rest_route=\/wp\/v2\/posts\/391788","targetHints":{"allow":["GET"]}}],"collection":[{"href":"https:\/\/www.diarioimagen.net\/index.php?rest_route=\/wp\/v2\/posts"}],"about":[{"href":"https:\/\/www.diarioimagen.net\/index.php?rest_route=\/wp\/v2\/types\/post"}],"author":[{"embeddable":true,"href":"https:\/\/www.diarioimagen.net\/index.php?rest_route=\/wp\/v2\/users\/3"}],"replies":[{"embeddable":true,"href":"https:\/\/www.diarioimagen.net\/index.php?rest_route=%2Fwp%2Fv2%2Fcomments&post=391788"}],"version-history":[{"count":0,"href":"https:\/\/www.diarioimagen.net\/index.php?rest_route=\/wp\/v2\/posts\/391788\/revisions"}],"wp:featuredmedia":[{"embeddable":true,"href":"https:\/\/www.diarioimagen.net\/index.php?rest_route=\/wp\/v2\/media\/391887"}],"wp:attachment":[{"href":"https:\/\/www.diarioimagen.net\/index.php?rest_route=%2Fwp%2Fv2%2Fmedia&parent=391788"}],"wp:term":[{"taxonomy":"category","embeddable":true,"href":"https:\/\/www.diarioimagen.net\/index.php?rest_route=%2Fwp%2Fv2%2Fcategories&post=391788"},{"taxonomy":"post_tag","embeddable":true,"href":"https:\/\/www.diarioimagen.net\/index.php?rest_route=%2Fwp%2Fv2%2Ftags&post=391788"}],"curies":[{"name":"wp","href":"https:\/\/api.w.org\/{rel}","templated":true}]}}