{"id":391790,"date":"2018-08-27T00:06:40","date_gmt":"2018-08-27T05:06:40","guid":{"rendered":"https:\/\/www.diarioimagen.net\/?p=391790"},"modified":"2018-08-27T07:42:49","modified_gmt":"2018-08-27T12:42:49","slug":"se-confirma-armando-portuguez-como-el-presidente-de-la-educacion-en-tultepec","status":"publish","type":"post","link":"https:\/\/www.diarioimagen.net\/?p=391790","title":{"rendered":"Se confirma Armando Portuguez como el presidente de la educaci\u00f3n en Tultepec"},"content":{"rendered":"<ul>\n<li><strong><em>Inaugura la escuela primaria Benito Ju\u00e1rez Garc\u00eda<\/em><\/strong><\/li>\n<\/ul>\n<p>&nbsp;<\/p>\n<div id=\"attachment_391890\" style=\"width: 470px\" class=\"wp-caption aligncenter\"><a href=\"https:\/\/www.diarioimagen.net\/?attachment_id=391890\" rel=\"attachment wp-att-391890\"><img loading=\"lazy\" decoding=\"async\" aria-describedby=\"caption-attachment-391890\" class=\"size-large wp-image-391890\" src=\"https:\/\/www.diarioimagen.net\/wp-content\/uploads\/2018\/08\/TULTEPEC-3441-460x259.jpg\" alt=\"\" width=\"460\" height=\"259\" srcset=\"https:\/\/www.diarioimagen.net\/wp-content\/uploads\/2018\/08\/TULTEPEC-3441-460x259.jpg 460w, https:\/\/www.diarioimagen.net\/wp-content\/uploads\/2018\/08\/TULTEPEC-3441-240x135.jpg 240w, https:\/\/www.diarioimagen.net\/wp-content\/uploads\/2018\/08\/TULTEPEC-3441-235x132.jpg 235w, https:\/\/www.diarioimagen.net\/wp-content\/uploads\/2018\/08\/TULTEPEC-3441-202x114.jpg 202w, https:\/\/www.diarioimagen.net\/wp-content\/uploads\/2018\/08\/TULTEPEC-3441-350x196.jpg 350w, https:\/\/www.diarioimagen.net\/wp-content\/uploads\/2018\/08\/TULTEPEC-3441-220x123.jpg 220w, https:\/\/www.diarioimagen.net\/wp-content\/uploads\/2018\/08\/TULTEPEC-3441-237x132.jpg 237w, https:\/\/www.diarioimagen.net\/wp-content\/uploads\/2018\/08\/TULTEPEC-3441.jpg 480w\" sizes=\"auto, (max-width: 460px) 100vw, 460px\" \/><\/a><p id=\"caption-attachment-391890\" class=\"wp-caption-text\">El alcalde Armando Portuguez Fuentes, inaugur\u00f3 la escuela primaria Benito Ju\u00e1rez,\u00a0cons-truida por la presente administraci\u00f3n.<\/p><\/div>\n<p>&nbsp;<\/p>\n<p><strong>Tultepec, Estado de M\u00e9xico<\/strong>.- Al inaugurar la nueva\u00a0escuela primaria Benito Ju\u00e1rez Garc\u00eda,\u00a0construida por la presente administraci\u00f3n,\u00a0el alcalde Armando Portuguez Fuentes afirm\u00f3 que \u201cnuestros ni\u00f1os y j\u00f3venes son el motor que mueve a la sociedad y para ellos estamos trabajando, para impulsar su potencial acad\u00e9mico, con espacios m\u00e1s dignos donde sin duda encontrar\u00e1n mejores oportunidades para su desarrollo\u201d.<\/p>\n<p>El nuevo plantel, donde estudian m\u00e1s de 1,400 alumnos en ambos turnos, fue edificado\u00a0en una superficie de casi 4 mil metros cuadrados y m\u00e1s de 2,300 metros de construcci\u00f3n, donde se invirtieron 15 millones de pesos en beneficio de m\u00e1s de 10 mil habitantes de las colonias Emiqu\u00eda, Santa Rita, El Mirador, San Miguel Capilla, La Cantera y La Piedad ,en la parte alta del municipio.<\/p>\n<p>Ante alumnos y cerca de 3 mil vecinos del lugar y acompa\u00f1ado de integrantes del cabildo, directores y jefes de \u00e1rea de la administraci\u00f3n municipal; el edil explic\u00f3 que, \u201ccon espacios educativos dignos, se generan mejores condiciones de vida, que dar\u00e1n como resultado en el futuro inmediato, que Tultepec cuente con excelentes ciudadanos, destacados profesionistas y mejores mexicanos.<\/p>\n<p>Al agradecer a nombre de la comunidad, Abraham Dorado Murillo, presidente del COPACI de Emiqu\u00eda, reconoci\u00f3 al alcalde Armando Portuguez Fuentes, \u201ccomo el presidente de la educaci\u00f3n en Tultepec, porque gracias a \u00e9l se construy\u00f3 la Universidad Mexiquense del Bicentenario (UMB), primera universidad p\u00fablica en el municipio, adem\u00e1s de gestionar tambi\u00e9n la Universidad Pedag\u00f3gica Nacional (UPN)\u201d.<\/p>\n<p>Record\u00f3 adem\u00e1s que hace seis a\u00f1os, en su anterior oportunidad al frente de la administraci\u00f3n, Portuguez Fuentes cumpli\u00f3 tambi\u00e9n el compromiso de construir la\u00a0escuela\u00a0secundaria\u00a0Vicente Lombardo Toledano, a s\u00f3lo tres calles de la primaria que hoy se inaugura en la comunidad de Emiqu\u00eda.<\/p>\n<p>El presidente municipal tambi\u00e9n construy\u00f3 la Escuela Preparatoria Oficial (EPO) 306, en la colonia 10 de Junio, y don\u00f3 el terreno para la construcci\u00f3n del CECYTEM en la unidad CTM, y comprometi\u00f3 la construcci\u00f3n de una preparatoria m\u00e1s en la parte alta del municipio. Adem\u00e1s de la construcci\u00f3n de aulas y obras diversas en cada una de las escuelas de todos los niveles en el territorio municipal.<\/p>\n","protected":false},"excerpt":{"rendered":"<p>Al inaugurar la nueva escuela primaria Benito Ju\u00e1rez Garc\u00eda, construida por la presente administraci\u00f3n, el alcalde Armando Portuguez Fuentes afirm\u00f3 que \u201cnuestros ni\u00f1os y j\u00f3venes son el motor que mueve a la sociedad y para ellos estamos trabajando, para impulsar su potencial acad\u00e9mico, con espacios m\u00e1s dignos donde sin duda encontrar\u00e1n mejores oportunidades para su desarrollo\u201d.<\/p>\n","protected":false},"author":3,"featured_media":391890,"comment_status":"open","ping_status":"open","sticky":false,"template":"","format":"standard","meta":{"_monsterinsights_skip_tracking":false,"_monsterinsights_sitenote_active":false,"_monsterinsights_sitenote_note":"","_monsterinsights_sitenote_category":0,"footnotes":""},"categories":[35155],"tags":[43694,43675,3802],"class_list":["post-391790","post","type-post","status-publish","format-standard","has-post-thumbnail","hentry","category-estado-de-mexico-estado-de-mexico","tag-educacion","tag-estado-de-mexico","tag-tultepec"],"_links":{"self":[{"href":"https:\/\/www.diarioimagen.net\/index.php?rest_route=\/wp\/v2\/posts\/391790","targetHints":{"allow":["GET"]}}],"collection":[{"href":"https:\/\/www.diarioimagen.net\/index.php?rest_route=\/wp\/v2\/posts"}],"about":[{"href":"https:\/\/www.diarioimagen.net\/index.php?rest_route=\/wp\/v2\/types\/post"}],"author":[{"embeddable":true,"href":"https:\/\/www.diarioimagen.net\/index.php?rest_route=\/wp\/v2\/users\/3"}],"replies":[{"embeddable":true,"href":"https:\/\/www.diarioimagen.net\/index.php?rest_route=%2Fwp%2Fv2%2Fcomments&post=391790"}],"version-history":[{"count":0,"href":"https:\/\/www.diarioimagen.net\/index.php?rest_route=\/wp\/v2\/posts\/391790\/revisions"}],"wp:featuredmedia":[{"embeddable":true,"href":"https:\/\/www.diarioimagen.net\/index.php?rest_route=\/wp\/v2\/media\/391890"}],"wp:attachment":[{"href":"https:\/\/www.diarioimagen.net\/index.php?rest_route=%2Fwp%2Fv2%2Fmedia&parent=391790"}],"wp:term":[{"taxonomy":"category","embeddable":true,"href":"https:\/\/www.diarioimagen.net\/index.php?rest_route=%2Fwp%2Fv2%2Fcategories&post=391790"},{"taxonomy":"post_tag","embeddable":true,"href":"https:\/\/www.diarioimagen.net\/index.php?rest_route=%2Fwp%2Fv2%2Ftags&post=391790"}],"curies":[{"name":"wp","href":"https:\/\/api.w.org\/{rel}","templated":true}]}}