{"id":391793,"date":"2018-08-27T00:01:40","date_gmt":"2018-08-27T05:01:40","guid":{"rendered":"https:\/\/www.diarioimagen.net\/?p=391793"},"modified":"2018-08-27T07:43:30","modified_gmt":"2018-08-27T12:43:30","slug":"city-express-abre-su-hotel-133-en-tepic-nayarit-uno-de-los-pocos-estados-donde-la-cadena-no-operaba","status":"publish","type":"post","link":"https:\/\/www.diarioimagen.net\/?p=391793","title":{"rendered":"<em>City Express<\/em> abre su hotel 133 en Tepic, Nayarit, uno de los pocos estados donde la cadena no operaba"},"content":{"rendered":"<h2>De cinco estrellas<\/h2>\n<h5>Victoria Gonz\u00e1lez Prado<\/h5>\n<p>&nbsp;<\/p>\n<ul>\n<li><em><strong>Uruguay trabaja por mantenerse como el \u00fanico pa\u00eds en Latinoam\u00e9rica en superar la cifra de extranjeros, respecto a la cantidad de habitantes en el pa\u00eds<\/strong><\/em><\/li>\n<li><em><strong>La aerol\u00ednea de bandera espa\u00f1ola,<span style=\"text-decoration: underline;\"> Iberia<\/span>, inaugur\u00f3 hace unos d\u00edas su segundo A350-900, bautizado: <\/strong><\/em><strong>Paco de Luc\u00eda<\/strong><\/li>\n<li><strong>PriceTravel Holding<\/strong><em><strong> firm\u00f3 convenio con <\/strong><\/em><strong>RCD Hoteles<\/strong><em><strong> y <\/strong><\/em><strong>Grupo Galer\u00edas<\/strong><em><strong>, as\u00ed los viajeros podr\u00e1n visitar Puerto Vallarta y Riviera Maya<\/strong><\/em><\/li>\n<\/ul>\n<p><em>\u00a0<\/em><\/p>\n<div id=\"attachment_391893\" style=\"width: 470px\" class=\"wp-caption aligncenter\"><a href=\"https:\/\/www.diarioimagen.net\/?attachment_id=391893\" rel=\"attachment wp-att-391893\"><img loading=\"lazy\" decoding=\"async\" aria-describedby=\"caption-attachment-391893\" class=\"size-large wp-image-391893\" src=\"https:\/\/www.diarioimagen.net\/wp-content\/uploads\/2018\/08\/turismo-1877-460x307.jpg\" alt=\"\" width=\"460\" height=\"307\" srcset=\"https:\/\/www.diarioimagen.net\/wp-content\/uploads\/2018\/08\/turismo-1877-460x307.jpg 460w, https:\/\/www.diarioimagen.net\/wp-content\/uploads\/2018\/08\/turismo-1877-240x160.jpg 240w, https:\/\/www.diarioimagen.net\/wp-content\/uploads\/2018\/08\/turismo-1877.jpg 700w\" sizes=\"auto, (max-width: 460px) 100vw, 460px\" \/><\/a><p id=\"caption-attachment-391893\" class=\"wp-caption-text\">Fachada del reci\u00e9n inaugurado hotel en Tepic.<\/p><\/div>\n<p>&nbsp;<\/p>\n<p><em>City Express<\/em> inaugur\u00f3 su hotel n\u00famero 133 en la capital de Nayarit, uno de los pocos estados donde no operaba. Con el nuevo inmueble, la cadena hotelera, que preside <strong>Luis Barrios,<\/strong> se ubica ya en 30 estados. La estrategia de <em>City <\/em>se ha enfocado siempre en cubrir las principales ciudades, rutas de negocios y corredores tur\u00edsticos de todo M\u00e9xico.<\/p>\n<p>Una de las grandes ventajas de <em>City Express Tepic<\/em> es su ubicaci\u00f3n. Se encuentra en el coraz\u00f3n de la zona comercial y tur\u00edstica m\u00e1s importante de la regi\u00f3n.<\/p>\n<p><strong>Carlos Adams<\/strong>, director de Promoci\u00f3n de Franquicias de la cadena hotelera indic\u00f3: \u201cpara Hoteles <em>City Express<\/em> conquistar Tepic representa inversi\u00f3n, confianza de los inversionistas por nuestra cadena y, sobre todo, una econom\u00eda activa\u201d.<\/p>\n<p>A la fecha, la cadena hotelera opera 139 propiedades a trav\u00e9s de cinco marcas que representan m\u00e1s de 15 mil 600 habitaciones.<\/p>\n<p>\u2730\u2730\u2730\u2730\u2730 En 2018, Uruguay trabaja por mantener y seguir consagr\u00e1ndose como el \u00fanico pa\u00eds en Am\u00e9rica Latina en superar la cifra de extranjeros, respecto a la cantidad de habitantes en el pa\u00eds.<\/p>\n<p>En diciembre del a\u00f1o pasado, la Rep\u00fablica Oriental super\u00f3 los 4 millones de turistas, marcando un hito para el turismo uruguayo. Si bien los cambios econ\u00f3micos de pa\u00edses vecinos emisores podr\u00edan afectar al n\u00famero final, el ministro de Turismo trabaja en volver a superar el r\u00e9cord y en el primer semestre ya hubo un incremento interanual del 1.7 por ciento.<\/p>\n<p>En esta primera mitad del a\u00f1o, Montevideo se consolid\u00f3 como el m\u00e1s elegido por los viajeros, con un total alcanzado de 485 mil 432 visitantes, al que le sigui\u00f3 Punta del Este, en segundo lugar.\u00a0Salto y la regi\u00f3n termal, qued\u00f3 por cuarto a\u00f1o consecutivo en el tercer lugar, incrementando en un 1 por ciento la llegada de turistas a la regi\u00f3n.<\/p>\n<p>Este posicionamiento del destino, no s\u00f3lo se debe al turismo recreativo, sino tambi\u00e9n gracias a la llegada de extranjeros por la cantidad de importantes eventos realizados en tierra charr\u00faa. De acuerdo a los datos aportados por el Ministerio de Turismo de Uruguay, se prev\u00e9 que para fines de 2018 se superen las cifras pasadas, ejecutando 246 reuniones, de las cuales 54 ser\u00edan internacionales, 39 regionales y 153 nacionales.<\/p>\n<p>La diversidad de destinos, las cortas distancias, la calidad de los servicios hoteleros y gastron\u00f3micos y los beneficios econ\u00f3micos dedicados especialmente para los extranjeros hacen que Uruguay, frente a todo pron\u00f3stico, contin\u00fae siendo uno de los pa\u00edses m\u00e1s fuertes y competitivos en la regi\u00f3n latinoamericana. De todas formas, desde el Ministerio de Turismo de Uruguay, considera que estar alerta a las situaciones de los pa\u00edses vecinos ser\u00e1 vital al momento de plantear estrategias.<\/p>\n<p><strong>\u00a0<\/strong>\u2730\u2730\u2730\u2730\u2730 La aerol\u00ednea, de bandera espa\u00f1ola, Iberia, inaugur\u00f3 hace unos d\u00edas su segundo <em>A350-900<\/em>, bautizado bajo el nombre de <strong>Paco de Luc\u00eda<\/strong> en homenaje al guitarrista espa\u00f1ol, con un vuelo entre Madrid y la capital brit\u00e1nica. Este avi\u00f3n volar\u00e1 todos los d\u00edas a Londres hasta el 31 de agosto. Adem\u00e1s del 27 al 31 de agosto, el <strong>Paco de Luc\u00eda<\/strong> operar\u00e1 un segundo vuelo de Madrid al aeropuerto de Par\u00eds Orly.<\/p>\n<p>El pr\u00f3ximo 1 de septiembre, este <em>A350-900<\/em> se incorporar\u00e1 a la ruta Madrid-Nueva York, en la que ya opera el <strong>Pl\u00e1cido Domingo<\/strong>, primer avi\u00f3n <em>A350-900<\/em> que recibi\u00f3 la l\u00ednea a\u00e9rea.<\/p>\n<p>Cabe destacar que la compa\u00f1\u00eda a\u00e9rea espa\u00f1ola ha emprendido un ambicioso plan para renovar su flota hasta 2021. Desde 2011, ha pedido 56 aviones: ocho <em>A330-300<\/em>, 12 <em>A330-200,<\/em> 16 <em>A350-900<\/em> y 20 <em>A320N<\/em>eo, de los cuales ya ha recibido 24. Al mismo tiempo, ha renovado por completo las cabinas de sus 17 <em>A340-600.<\/em><\/p>\n<p>Iberia se sit\u00faa en el segundo puesto de puntualidad en la clasificaci\u00f3n entre las mayores compa\u00f1\u00edas en Europa del ranking que elabora <em>Flightstats<\/em>, por detr\u00e1s de la holandesa KLM. Adem\u00e1s, <em>Iberia Express<\/em> repite en julio como la aerol\u00ednea de bajo coste m\u00e1s puntual del mundo.<\/p>\n<p>\u2730\u2730\u2730\u2730\u2730 <em>PriceTravel Holding<\/em> suscribi\u00f3 una alianza comercial con RCD Hoteles y Grupo Galer\u00edas, mediante la cual los viajeros podr\u00e1n visitar las playas de Puerto Vallarta y Riviera Maya.<\/p>\n<p>Desde el pasado 13 de agosto y al 31 de octubre de 2018, a trav\u00e9s de una din\u00e1mica basada en registrar las compras realizadas en alguno de los en 18 Centros Comerciales participantes de Grupo Galer\u00edas a nivel nacional, los visitantes obtendr\u00e1n un boleto para concursar por uno de los viajes dobles todo incluido hacia estos destinos de playa.<\/p>\n<p>Los participantes que resulten ganadores podr\u00e1n hospedarse en los complejos hoteleros de <em>Hard Rock Hotel Vallarta<\/em> y <em>Hard Rock Hotel Riviera Maya<\/em> y as\u00ed vivir una experiencia de viaje completa con la agencia de viajes en l\u00ednea y mayorista l\u00edder en M\u00e9xico y Latinoam\u00e9rica: La <em>online<\/em> incluye vuelos y <em>tours <\/em>para conocer los sitios m\u00e1s representativos del lugar; adem\u00e1s de <em>shows <\/em>nocturnos y fiestas tem\u00e1ticas caracter\u00edsticas de la cadena hotelera.<\/p>\n<p>Gracias a estos acuerdos de cooperaci\u00f3n se ampl\u00edan las posibilidades de que los viajeros conozcan los principales atractivos tur\u00edsticos nacionales, as\u00ed como la oferta gastron\u00f3mica y cultural que \u00e9stos ofrecen.<\/p>\n<p><strong>Celida Puente<\/strong>, gerente de Marketing de la <em>online<\/em> asegur\u00f3: \u201ces fundamental establecer alianzas comerciales que impulsen el desarrollo de la industria tur\u00edstica, ya que \u00e9sta realiza una fuerte contribuci\u00f3n a la econom\u00eda local, siendo uno de los principales generadores de divisas y de empleos de nuestro pa\u00eds. Con este tipo de alianzas <em>PriceTravel<\/em> reafirma su compromiso para que m\u00e1s personas puedan viajar y as\u00ed continuar ofreciendo a sus viajeros un mayor n\u00famero de opciones, con los m\u00e1s altos niveles de calidad en sus destinos para que su experiencia de viaje sea inolvidable.<\/p>\n<p><em><a href=\"mailto:victoriagprado@gmail.com\" target=\"_blank\" rel=\"noopener\">victoriagprado@gmail.com<\/a><\/em><br \/>\n<em> Twitter: <a href=\"https:\/\/twitter.com\/victoriagprado\" target=\"_blank\" rel=\"noopener\">@victoriagprado<\/a><\/em><\/p>\n","protected":false},"excerpt":{"rendered":"<p><em>City Express<\/em> inaugur\u00f3 su hotel n\u00famero 133 en la capital de Nayarit, uno de los pocos estados donde no operaba. Con el nuevo inmueble, la cadena hotelera, que preside <strong>Luis Barrios,<\/strong> se ubica ya en 30 estados. La estrategia de <em>City <\/em>se ha enfocado siempre en cubrir las principales ciudades, rutas de negocios y corredores tur\u00edsticos de todo M\u00e9xico.<\/p>\n","protected":false},"author":3,"featured_media":391893,"comment_status":"open","ping_status":"open","sticky":false,"template":"","format":"standard","meta":{"_monsterinsights_skip_tracking":false,"_monsterinsights_sitenote_active":false,"_monsterinsights_sitenote_note":"","_monsterinsights_sitenote_category":0,"footnotes":""},"categories":[11],"tags":[107,43674,43681,106],"class_list":["post-391793","post","type-post","status-publish","format-standard","has-post-thumbnail","hentry","category-turismo","tag-de-cinco-estrellas","tag-opinion","tag-turismo","tag-victoria-gonzalez-prado"],"_links":{"self":[{"href":"https:\/\/www.diarioimagen.net\/index.php?rest_route=\/wp\/v2\/posts\/391793","targetHints":{"allow":["GET"]}}],"collection":[{"href":"https:\/\/www.diarioimagen.net\/index.php?rest_route=\/wp\/v2\/posts"}],"about":[{"href":"https:\/\/www.diarioimagen.net\/index.php?rest_route=\/wp\/v2\/types\/post"}],"author":[{"embeddable":true,"href":"https:\/\/www.diarioimagen.net\/index.php?rest_route=\/wp\/v2\/users\/3"}],"replies":[{"embeddable":true,"href":"https:\/\/www.diarioimagen.net\/index.php?rest_route=%2Fwp%2Fv2%2Fcomments&post=391793"}],"version-history":[{"count":0,"href":"https:\/\/www.diarioimagen.net\/index.php?rest_route=\/wp\/v2\/posts\/391793\/revisions"}],"wp:featuredmedia":[{"embeddable":true,"href":"https:\/\/www.diarioimagen.net\/index.php?rest_route=\/wp\/v2\/media\/391893"}],"wp:attachment":[{"href":"https:\/\/www.diarioimagen.net\/index.php?rest_route=%2Fwp%2Fv2%2Fmedia&parent=391793"}],"wp:term":[{"taxonomy":"category","embeddable":true,"href":"https:\/\/www.diarioimagen.net\/index.php?rest_route=%2Fwp%2Fv2%2Fcategories&post=391793"},{"taxonomy":"post_tag","embeddable":true,"href":"https:\/\/www.diarioimagen.net\/index.php?rest_route=%2Fwp%2Fv2%2Ftags&post=391793"}],"curies":[{"name":"wp","href":"https:\/\/api.w.org\/{rel}","templated":true}]}}