{"id":392007,"date":"2018-08-28T00:08:21","date_gmt":"2018-08-28T05:08:21","guid":{"rendered":"https:\/\/www.diarioimagen.net\/?p=392007"},"modified":"2018-08-28T03:23:27","modified_gmt":"2018-08-28T08:23:27","slug":"el-edil-adan-barron-elizalde-reconoce-el-trabajo-de-los-bomberos-tultitlenses","status":"publish","type":"post","link":"https:\/\/www.diarioimagen.net\/?p=392007","title":{"rendered":"El edil Ad\u00e1n Barr\u00f3n Elizalde reconoce el trabajo de los bomberos tultitlenses"},"content":{"rendered":"<ul>\n<li><strong><em>Los celebran en su d\u00eda<\/em><\/strong><\/li>\n<\/ul>\n<p>&nbsp;<\/p>\n<div id=\"attachment_392099\" style=\"width: 470px\" class=\"wp-caption aligncenter\"><a href=\"https:\/\/www.diarioimagen.net\/?attachment_id=392099\" rel=\"attachment wp-att-392099\"><img loading=\"lazy\" decoding=\"async\" aria-describedby=\"caption-attachment-392099\" class=\"size-large wp-image-392099\" src=\"https:\/\/www.diarioimagen.net\/wp-content\/uploads\/2018\/08\/TULTITLAN-3442-460x259.jpg\" alt=\"\" width=\"460\" height=\"259\" srcset=\"https:\/\/www.diarioimagen.net\/wp-content\/uploads\/2018\/08\/TULTITLAN-3442-460x259.jpg 460w, https:\/\/www.diarioimagen.net\/wp-content\/uploads\/2018\/08\/TULTITLAN-3442-240x135.jpg 240w, https:\/\/www.diarioimagen.net\/wp-content\/uploads\/2018\/08\/TULTITLAN-3442-235x132.jpg 235w, https:\/\/www.diarioimagen.net\/wp-content\/uploads\/2018\/08\/TULTITLAN-3442-202x114.jpg 202w, https:\/\/www.diarioimagen.net\/wp-content\/uploads\/2018\/08\/TULTITLAN-3442-350x196.jpg 350w, https:\/\/www.diarioimagen.net\/wp-content\/uploads\/2018\/08\/TULTITLAN-3442-220x123.jpg 220w, https:\/\/www.diarioimagen.net\/wp-content\/uploads\/2018\/08\/TULTITLAN-3442-237x132.jpg 237w, https:\/\/www.diarioimagen.net\/wp-content\/uploads\/2018\/08\/TULTITLAN-3442.jpg 480w\" sizes=\"auto, (max-width: 460px) 100vw, 460px\" \/><\/a><p id=\"caption-attachment-392099\" class=\"wp-caption-text\">El alcalde Ad\u00e1n Barr\u00f3n Elizalde manifest\u00f3 su pleno reconocimiento a la labor desinteresada, comprometida y heroica que realizan los bomberos.<\/p><\/div>\n<p>&nbsp;<\/p>\n<p><strong>Tultitl\u00e1n, Estado de M\u00e9xico<\/strong>.- En el marco del D\u00eda Internacional del Bombero, el edil Ad\u00e1n Barr\u00f3n Elizalde y en colaboraci\u00f3n con la Direcci\u00f3n Protecci\u00f3n Civil Bomberos, manifest\u00f3 su pleno reconocimiento a la labor desinteresada, comprometida y heroica que realizan los elementos adscritos a esta dependencia.<\/p>\n<p>Para festejar este d\u00eda, la celebraci\u00f3n dio inicio con una misa en la catedral de San Antonio de Padua y posteriormente un convivio en donde fueron reconocidos\u00a0 en compa\u00f1\u00eda de sus familias en este gran d\u00eda.<\/p>\n<p>En su discurso, el alcalde se\u00f1al\u00f3 que: \u201ccuando de salvar vidas se trata, ellos son los primeros en responder al llamado de auxilio, ya sea por fuego, lluvia o desastres naturales. Los integrantes de Heroico Cuerpo de Bomberos de Tultitl\u00e1n acuden con una sonrisa, profesionalismo y valent\u00eda a donde los tultitlenses los necesiten\u201d.<\/p>\n<p>Por otro lado, el edil reconoci\u00f3 que los bomberos de Tultitl\u00e1n, realizan otros servicios de labor social, como proporcionar servicios a emergencias m\u00e9dica, rescates y educaci\u00f3n a la ciudadan\u00eda en cualquier llamado de emergencia.<\/p>\n<p>Durante la celebraci\u00f3n, varios integrantes del Heroico Cuerpo de Bomberos recibieron reconocimientos por su entrega\u00a0 hacia el municipio, adem\u00e1s les proporcionaron uniformes y se rifaron aparatos electrodom\u00e9sticos como pantallas, salas, l\u00ednea blanca, entre otros.<\/p>\n<p>Por otra parte, el bombero V\u00edctor Joaqu\u00edn Yordi, fue reconocido por la gran labor que desde hace 49 a\u00f1os pertenece a este equipo, en donde ha tenido una vida de servicio y entrega a la sociedad, por lo cual fue ampliamente reconocido por su trayectoria.<\/p>\n<p>Del mismo modo, se\u00a0 reconocio por 10 a\u00f1os de servicio de manera voluntaria a Ra\u00fal Andr\u00e9s, a quien le otorgaron la planta oficial y est\u00edmulo econ\u00f3mico.<\/p>\n<p>Finalmente, el director de Protecci\u00f3n Civil y Bomberos Erick Quiroz reconoci\u00f3 la labor que hombres y mujeres llevan a cabo d\u00eda a d\u00eda en su profesi\u00f3n.<\/p>\n","protected":false},"excerpt":{"rendered":"<p>En el marco del D\u00eda Internacional del Bombero, el edil Ad\u00e1n Barr\u00f3n Elizalde y en colaboraci\u00f3n con la Direcci\u00f3n Protecci\u00f3n Civil Bomberos, manifest\u00f3 su pleno reconocimiento a la labor desinteresada, comprometida y heroica que realizan los elementos adscritos a esta dependencia.<\/p>\n","protected":false},"author":3,"featured_media":392099,"comment_status":"open","ping_status":"open","sticky":false,"template":"","format":"standard","meta":{"_monsterinsights_skip_tracking":false,"_monsterinsights_sitenote_active":false,"_monsterinsights_sitenote_note":"","_monsterinsights_sitenote_category":0,"footnotes":""},"categories":[35155],"tags":[58,43675,48108,578],"class_list":["post-392007","post","type-post","status-publish","format-standard","has-post-thumbnail","hentry","category-estado-de-mexico-estado-de-mexico","tag-bomberos","tag-estado-de-mexico","tag-reconoce","tag-tultitlan"],"_links":{"self":[{"href":"https:\/\/www.diarioimagen.net\/index.php?rest_route=\/wp\/v2\/posts\/392007","targetHints":{"allow":["GET"]}}],"collection":[{"href":"https:\/\/www.diarioimagen.net\/index.php?rest_route=\/wp\/v2\/posts"}],"about":[{"href":"https:\/\/www.diarioimagen.net\/index.php?rest_route=\/wp\/v2\/types\/post"}],"author":[{"embeddable":true,"href":"https:\/\/www.diarioimagen.net\/index.php?rest_route=\/wp\/v2\/users\/3"}],"replies":[{"embeddable":true,"href":"https:\/\/www.diarioimagen.net\/index.php?rest_route=%2Fwp%2Fv2%2Fcomments&post=392007"}],"version-history":[{"count":0,"href":"https:\/\/www.diarioimagen.net\/index.php?rest_route=\/wp\/v2\/posts\/392007\/revisions"}],"wp:featuredmedia":[{"embeddable":true,"href":"https:\/\/www.diarioimagen.net\/index.php?rest_route=\/wp\/v2\/media\/392099"}],"wp:attachment":[{"href":"https:\/\/www.diarioimagen.net\/index.php?rest_route=%2Fwp%2Fv2%2Fmedia&parent=392007"}],"wp:term":[{"taxonomy":"category","embeddable":true,"href":"https:\/\/www.diarioimagen.net\/index.php?rest_route=%2Fwp%2Fv2%2Fcategories&post=392007"},{"taxonomy":"post_tag","embeddable":true,"href":"https:\/\/www.diarioimagen.net\/index.php?rest_route=%2Fwp%2Fv2%2Ftags&post=392007"}],"curies":[{"name":"wp","href":"https:\/\/api.w.org\/{rel}","templated":true}]}}