{"id":392015,"date":"2018-08-28T00:04:54","date_gmt":"2018-08-28T05:04:54","guid":{"rendered":"https:\/\/www.diarioimagen.net\/?p=392015"},"modified":"2018-08-28T03:31:27","modified_gmt":"2018-08-28T08:31:27","slug":"construccion-del-nuevo-aeropuerto-debe-continuar-dice-vargas-del-villar","status":"publish","type":"post","link":"https:\/\/www.diarioimagen.net\/?p=392015","title":{"rendered":"Construcci\u00f3n del nuevo aeropuerto debe continuar, dice Vargas del Villar"},"content":{"rendered":"<ul>\n<li><strong><em>Generaci\u00f3n de empleos en Edomex<\/em><\/strong><\/li>\n<\/ul>\n<p>&nbsp;<\/p>\n<div id=\"attachment_392111\" style=\"width: 470px\" class=\"wp-caption aligncenter\"><a href=\"https:\/\/www.diarioimagen.net\/?attachment_id=392111\" rel=\"attachment wp-att-392111\"><img loading=\"lazy\" decoding=\"async\" aria-describedby=\"caption-attachment-392111\" class=\"size-large wp-image-392111\" src=\"https:\/\/www.diarioimagen.net\/wp-content\/uploads\/2018\/08\/HUIXQUILUCAN-3442-460x259.jpg\" alt=\"\" width=\"460\" height=\"259\" srcset=\"https:\/\/www.diarioimagen.net\/wp-content\/uploads\/2018\/08\/HUIXQUILUCAN-3442-460x259.jpg 460w, https:\/\/www.diarioimagen.net\/wp-content\/uploads\/2018\/08\/HUIXQUILUCAN-3442-240x135.jpg 240w, https:\/\/www.diarioimagen.net\/wp-content\/uploads\/2018\/08\/HUIXQUILUCAN-3442-235x132.jpg 235w, https:\/\/www.diarioimagen.net\/wp-content\/uploads\/2018\/08\/HUIXQUILUCAN-3442-202x114.jpg 202w, https:\/\/www.diarioimagen.net\/wp-content\/uploads\/2018\/08\/HUIXQUILUCAN-3442-350x196.jpg 350w, https:\/\/www.diarioimagen.net\/wp-content\/uploads\/2018\/08\/HUIXQUILUCAN-3442-220x123.jpg 220w, https:\/\/www.diarioimagen.net\/wp-content\/uploads\/2018\/08\/HUIXQUILUCAN-3442-237x132.jpg 237w, https:\/\/www.diarioimagen.net\/wp-content\/uploads\/2018\/08\/HUIXQUILUCAN-3442.jpg 480w\" sizes=\"auto, (max-width: 460px) 100vw, 460px\" \/><\/a><p id=\"caption-attachment-392111\" class=\"wp-caption-text\">Enrique Vargas destac\u00f3 que debe continuar obra del nuevo aeropuerto.<\/p><\/div>\n<p>&nbsp;<\/p>\n<p><strong>Huixquilucan, Estado de M\u00e9xico<\/strong>.- El alcalde, Enrique Vargas del Villar, llam\u00f3 al Presidente electo Andr\u00e9s Manuel L\u00f3pez Obrador, para que su administraci\u00f3n contin\u00fae y concluya la construcci\u00f3n del Nuevo Aeropuerto Internacional de la Ciudad de M\u00e9xico (NAICM), toda vez que se trata de un proyecto de marcado impacto para el pa\u00eds.<\/p>\n<p>Record\u00f3, que el turismo es la tercera fuente de ingresos para el pa\u00eds, por lo que es indispensable contar con una terminal a\u00e9rea de primer nivel, que permita que M\u00e9xico se consolide como un destino comunicado y atractivo para los m\u00e1s de 40 millones de pasajeros que recibe al a\u00f1o el actual aeropuerto.<\/p>\n<p>En sesi\u00f3n de cabildo, el tambi\u00e9n presidente de la Asociaci\u00f3n Nacional de Alcaldes, destac\u00f3 que al t\u00e9rmino de su construcci\u00f3n, el aeropuerto va a beneficiar a m\u00e1s de 450 mil personas del Estado de M\u00e9xico y el pa\u00eds en empleos directos e indirectos.<\/p>\n<p>El edil mencion\u00f3 que la construcci\u00f3n de la terminal a\u00e9rea no puede ser un tema de contentillo, para ver si la ciudadan\u00eda lo quiere o no, sino es un asunto en el que el Presidente electo, Andr\u00e9s Manuel L\u00f3pez Obrador,\u00a0debe asumir su responsabilidad. \u201cHacemos un respetuoso llamado para que como mandatario electo, le d\u00e9 para adelante al proyecto del Aeropuerto Internacional de la Ciudad de M\u00e9xico\u201d.<\/p>\n<p>Record\u00f3 que M\u00e9xico se ubica en el sexto lugar de los pa\u00edses que m\u00e1s visitantes extranjeros recibe, por ello, la importancia de contar con una terminal acorde al flujo de usuarios que al a\u00f1o se reciben.<\/p>\n","protected":false},"excerpt":{"rendered":"<p>El alcalde, Enrique Vargas del Villar, llam\u00f3 al Presidente electo Andr\u00e9s Manuel L\u00f3pez Obrador, para que su administraci\u00f3n contin\u00fae y concluya la construcci\u00f3n del Nuevo Aeropuerto Internacional de la Ciudad de M\u00e9xico (NAICM), toda vez que se trata de un proyecto de marcado impacto para el pa\u00eds.<\/p>\n","protected":false},"author":3,"featured_media":392111,"comment_status":"open","ping_status":"open","sticky":false,"template":"","format":"standard","meta":{"_monsterinsights_skip_tracking":false,"_monsterinsights_sitenote_active":false,"_monsterinsights_sitenote_note":"","_monsterinsights_sitenote_category":0,"footnotes":""},"categories":[35155],"tags":[43675,1097,77594],"class_list":["post-392015","post","type-post","status-publish","format-standard","has-post-thumbnail","hentry","category-estado-de-mexico-estado-de-mexico","tag-estado-de-mexico","tag-huixquilucan","tag-vargas-del-villar"],"_links":{"self":[{"href":"https:\/\/www.diarioimagen.net\/index.php?rest_route=\/wp\/v2\/posts\/392015","targetHints":{"allow":["GET"]}}],"collection":[{"href":"https:\/\/www.diarioimagen.net\/index.php?rest_route=\/wp\/v2\/posts"}],"about":[{"href":"https:\/\/www.diarioimagen.net\/index.php?rest_route=\/wp\/v2\/types\/post"}],"author":[{"embeddable":true,"href":"https:\/\/www.diarioimagen.net\/index.php?rest_route=\/wp\/v2\/users\/3"}],"replies":[{"embeddable":true,"href":"https:\/\/www.diarioimagen.net\/index.php?rest_route=%2Fwp%2Fv2%2Fcomments&post=392015"}],"version-history":[{"count":0,"href":"https:\/\/www.diarioimagen.net\/index.php?rest_route=\/wp\/v2\/posts\/392015\/revisions"}],"wp:featuredmedia":[{"embeddable":true,"href":"https:\/\/www.diarioimagen.net\/index.php?rest_route=\/wp\/v2\/media\/392111"}],"wp:attachment":[{"href":"https:\/\/www.diarioimagen.net\/index.php?rest_route=%2Fwp%2Fv2%2Fmedia&parent=392015"}],"wp:term":[{"taxonomy":"category","embeddable":true,"href":"https:\/\/www.diarioimagen.net\/index.php?rest_route=%2Fwp%2Fv2%2Fcategories&post=392015"},{"taxonomy":"post_tag","embeddable":true,"href":"https:\/\/www.diarioimagen.net\/index.php?rest_route=%2Fwp%2Fv2%2Ftags&post=392015"}],"curies":[{"name":"wp","href":"https:\/\/api.w.org\/{rel}","templated":true}]}}