{"id":392150,"date":"2018-08-29T00:11:35","date_gmt":"2018-08-29T05:11:35","guid":{"rendered":"https:\/\/www.diarioimagen.net\/?p=392150"},"modified":"2018-08-29T00:26:44","modified_gmt":"2018-08-29T05:26:44","slug":"esperan-productores-mexiquenses-mejorar-la-comercializacion-del-mezcal","status":"publish","type":"post","link":"https:\/\/www.diarioimagen.net\/?p=392150","title":{"rendered":"Mayor venta de mezcal con la denominaci\u00f3n de origen"},"content":{"rendered":"<h2>Arco Norte<\/h2>\n<h5>Jos\u00e9 Luis Monta\u00f1ez Aguilar<\/h5>\n<p>&nbsp;<\/p>\n<div id=\"attachment_392151\" style=\"width: 470px\" class=\"wp-caption aligncenter\"><img loading=\"lazy\" decoding=\"async\" aria-describedby=\"caption-attachment-392151\" class=\"size-large wp-image-392151\" src=\"https:\/\/www.diarioimagen.net\/wp-content\/uploads\/2018\/08\/MEZCAL29-PORTAL-460x268.jpg\" alt=\"\" width=\"460\" height=\"268\" srcset=\"https:\/\/www.diarioimagen.net\/wp-content\/uploads\/2018\/08\/MEZCAL29-PORTAL-460x268.jpg 460w, https:\/\/www.diarioimagen.net\/wp-content\/uploads\/2018\/08\/MEZCAL29-PORTAL-240x140.jpg 240w, https:\/\/www.diarioimagen.net\/wp-content\/uploads\/2018\/08\/MEZCAL29-PORTAL.jpg 480w\" sizes=\"auto, (max-width: 460px) 100vw, 460px\" \/><p id=\"caption-attachment-392151\" class=\"wp-caption-text\">Son casi 700 mezcaleros mexiquenses que viven de la producci\u00f3n de esta bebida ancestral.<\/p><\/div>\n<p>&nbsp;<\/p>\n<p>Tras el anuncio de la denominaci\u00f3n de origen del mezcal en 15 municipios del Estado de M\u00e9xico, los productores mexiquenses de esta ancestral bebida mexicana esperan que \u00e9sta pueda venderse a un mejor precio y con ello mejorar las condiciones de vida de sus familias.<\/p>\n<p>Los municipios mexiquenses que lograron esta denominaci\u00f3n que les otorg\u00f3 el Instituto Mexicano de la Propiedad Industrial (IMPI) son Almoloya de Alquisiras, Amatepec, Coatepec Harinas, Ixtapan de la Sal, Luvianos, Malinalco, Ocuilan, Sultepec, Tejupilco, Tenancingo, Tlatlaya, Tonatico, Villa Guerrero, Zacualpan y Zumpahuac\u00e1n.<\/p>\n<p>Son casi 700 productores en toda la entidad cuya tradici\u00f3n mezcalera data de hace m\u00e1s de un siglo, por lo que las familias que se dedican a esta actividad han logrado mantenerla en el estatus de artesanal, factor que le brinda a los productores del Estado de M\u00e9xico un atractivo adicional que atrae a los compradores del, hasta hace poco, destilado de agave y hoy mezcal mexiquense.<\/p>\n<p>Tal es el caso de la destiladora El Palmar, cuyo propietario Don Ignacio y su familia han dedicado 20 a\u00f1os de su vida a producir la bebida que \u201ccura todo mal\u201d, \u00e9l asegura que esta denominaci\u00f3n de origen, aunque los tom\u00f3 por sorpresa fue una gran noticia para todos los productores de la regi\u00f3n.<\/p>\n<p>\u201cEn todo el territorio mexiquense son alrededor de 2 mil 800 personas directamente beneficiadas de la producci\u00f3n de mezcal y m\u00e1s de 20 mil quienes obtienen un beneficio indirecto por el cultivo de agave, producci\u00f3n, destilado, embotellado y venta de la bebida que se usa \u201cpara todo bien tambi\u00e9n\u201d.<\/p>\n<p>\u201cGracias al gobierno del Estado de M\u00e9xico los mezcaleros hemos tenido apoyos importantes para la construcci\u00f3n de nuestras techumbres, tan s\u00f3lo en esta comunidad se benefici\u00f3 a casi 10 destiladoras a quienes nos apoyaron con el material para la construcci\u00f3n y nosotros pusimos la mano de obra, eso nos trajo un ahorro de casi 300 mil pesos por productor\u201d, enfatiz\u00f3 el due\u00f1o de El Palmar.<\/p>\n<p>Cabe destacar que como un apoyo a los mezcaleros mexiquenses, exhibieron sus productos en la Expo M\u00e9xico Alimentaria Food Show 2018, con el objetivo de generar citas de negocios que los ayuden a vender su producci\u00f3n en otros estados de la Rep\u00fablica y eventualmente conseguir calidad de exportaci\u00f3n.<\/p>\n<p><em><a href=\"mailto:montanezaguilar@gmail.com\" target=\"_blank\" rel=\"noopener\">montanezaguilar@gmail.com<\/a><\/em><\/p>\n","protected":false},"excerpt":{"rendered":"<p><span style=\"color: #005497;\">Jos\u00e9 Luis Monta\u00f1ez Aguilar<\/span><br \/>\n<br \/>\nTras el anuncio de la denominaci\u00f3n de origen del mezcal en 15 municipios del Estado de M\u00e9xico, los productores mexiquenses de esta ancestral bebida mexicana esperan que \u00e9sta pueda venderse a un mejor precio y con ello mejorar las condiciones de vida de sus familias.<\/p>\n","protected":false},"author":5,"featured_media":392151,"comment_status":"open","ping_status":"open","sticky":false,"template":"","format":"standard","meta":{"_monsterinsights_skip_tracking":false,"_monsterinsights_sitenote_active":false,"_monsterinsights_sitenote_note":"","_monsterinsights_sitenote_category":0,"footnotes":""},"categories":[5],"tags":[74077,13284,3724,77604,250,43704,3254,4975,47391,43674,77605,4170,6987,14859],"class_list":["post-392150","post","type-post","status-publish","format-standard","has-post-thumbnail","hentry","category-estado-de-mexico","tag-amatepec","tag-arco-norte","tag-coatepec-harinas","tag-comercializacion-del-mezcal","tag-ixtapan-de-la-sal","tag-jose-luis-montanez-aguilar","tag-luvianos","tag-malinalco","tag-ocuilan","tag-opinion","tag-productores-mexiquenses","tag-sultepec","tag-tejupilco","tag-tenancingo"],"_links":{"self":[{"href":"https:\/\/www.diarioimagen.net\/index.php?rest_route=\/wp\/v2\/posts\/392150","targetHints":{"allow":["GET"]}}],"collection":[{"href":"https:\/\/www.diarioimagen.net\/index.php?rest_route=\/wp\/v2\/posts"}],"about":[{"href":"https:\/\/www.diarioimagen.net\/index.php?rest_route=\/wp\/v2\/types\/post"}],"author":[{"embeddable":true,"href":"https:\/\/www.diarioimagen.net\/index.php?rest_route=\/wp\/v2\/users\/5"}],"replies":[{"embeddable":true,"href":"https:\/\/www.diarioimagen.net\/index.php?rest_route=%2Fwp%2Fv2%2Fcomments&post=392150"}],"version-history":[{"count":0,"href":"https:\/\/www.diarioimagen.net\/index.php?rest_route=\/wp\/v2\/posts\/392150\/revisions"}],"wp:featuredmedia":[{"embeddable":true,"href":"https:\/\/www.diarioimagen.net\/index.php?rest_route=\/wp\/v2\/media\/392151"}],"wp:attachment":[{"href":"https:\/\/www.diarioimagen.net\/index.php?rest_route=%2Fwp%2Fv2%2Fmedia&parent=392150"}],"wp:term":[{"taxonomy":"category","embeddable":true,"href":"https:\/\/www.diarioimagen.net\/index.php?rest_route=%2Fwp%2Fv2%2Fcategories&post=392150"},{"taxonomy":"post_tag","embeddable":true,"href":"https:\/\/www.diarioimagen.net\/index.php?rest_route=%2Fwp%2Fv2%2Ftags&post=392150"}],"curies":[{"name":"wp","href":"https:\/\/api.w.org\/{rel}","templated":true}]}}