{"id":392153,"date":"2018-08-29T00:05:09","date_gmt":"2018-08-29T05:05:09","guid":{"rendered":"https:\/\/www.diarioimagen.net\/?p=392153"},"modified":"2018-08-29T02:16:41","modified_gmt":"2018-08-29T07:16:41","slug":"promueve-edomex-programa-de-atencion-al-envejecimiento","status":"publish","type":"post","link":"https:\/\/www.diarioimagen.net\/?p=392153","title":{"rendered":"Promueve Edomex programa de atenci\u00f3n al envejecimiento"},"content":{"rendered":"<ul>\n<li><em><strong>Otorgan m\u00e1s de 1.4 millones de consultas en Cl\u00ednicas Geri\u00e1tricas<\/strong><\/em><\/li>\n<\/ul>\n<p>&nbsp;<\/p>\n<div id=\"attachment_392154\" style=\"width: 470px\" class=\"wp-caption aligncenter\"><img loading=\"lazy\" decoding=\"async\" aria-describedby=\"caption-attachment-392154\" class=\"size-large wp-image-392154\" src=\"https:\/\/www.diarioimagen.net\/wp-content\/uploads\/2018\/08\/SALUD29-PORTAL-460x268.jpg\" alt=\"\" width=\"460\" height=\"268\" srcset=\"https:\/\/www.diarioimagen.net\/wp-content\/uploads\/2018\/08\/SALUD29-PORTAL-460x268.jpg 460w, https:\/\/www.diarioimagen.net\/wp-content\/uploads\/2018\/08\/SALUD29-PORTAL-240x140.jpg 240w, https:\/\/www.diarioimagen.net\/wp-content\/uploads\/2018\/08\/SALUD29-PORTAL.jpg 480w\" sizes=\"auto, (max-width: 460px) 100vw, 460px\" \/><p id=\"caption-attachment-392154\" class=\"wp-caption-text\">En esta administraci\u00f3n se ha beneficiado a m\u00e1s de 433 mil personas de la tercera edad, a trav\u00e9s del Programa de Atenci\u00f3n al Envejecimiento.<\/p><\/div>\n<p>&nbsp;<\/p>\n<p><strong>Toluca, Estado de M\u00e9xico<\/strong>.- En lo que va de la administraci\u00f3n del Gobernador Alfredo Del Mazo Maza, se ha beneficiado a m\u00e1s de 433 mil personas de la tercera edad, a trav\u00e9s del Programa de Atenci\u00f3n al Envejecimiento, inform\u00f3 la Secretar\u00eda de Salud del Estado de M\u00e9xico.<\/p>\n<p>En el marco del D\u00eda del Adulto Mayor agreg\u00f3 que en nuestra entidad existe un padr\u00f3n de 1.7 millones de personas mayores de 60 a\u00f1os, a quienes se les han brindado m\u00e1s de un mill\u00f3n 420 mil consultas, lo que permite elevar la calidad de vida de este sector de la poblaci\u00f3n.<\/p>\n<p>Mediante diversas acciones de fomento y atenci\u00f3n a la salud, en las unidades m\u00e9dicas de primer nivel y en las 15 Cl\u00ednicas de Atenci\u00f3n Geri\u00e1trica con que cuenta la entidad, se realiza la detecci\u00f3n de enfermedades cr\u00f3nicas no transmisibles como diabetes, hipertensi\u00f3n arterial, obesidad, depresi\u00f3n, alteraciones de la memoria, incontinencia urinaria, s\u00edndrome de ca\u00eddas, crecimiento prost\u00e1tico benigno (hiperplasia prost\u00e1tica) y riesgo de fracturas por osteoporosis.<\/p>\n<p>La dependencia agreg\u00f3 que de manera permanente se busca la prevenci\u00f3n mediante la aplicaci\u00f3n de vacuna antineumoc\u00f3ccica, contra la influenza y toxoide tet\u00e1nico dift\u00e9rico a todos los adultos mayores.<\/p>\n<p>Detall\u00f3 que en las 15 Cl\u00ednicas de Atenci\u00f3n Geri\u00e1trica se brindan consultas de medicina general, gerontolog\u00eda y de especialidad, nutrici\u00f3n, psicolog\u00eda, estudios de laboratorio y Rayos X, odontolog\u00eda, quiropr\u00e1ctica y acupuntura.<\/p>\n<p>Adem\u00e1s reciben talleres de inclusi\u00f3n social como grupos de coro, clases de baile, risoterapia, alfabetizaci\u00f3n, manualidades y gerontogimnasia.<\/p>\n<p>Finalmente, la Secretar\u00eda de Salud estatal hace un llamado a este sector de la poblaci\u00f3n para recibir atenci\u00f3n oportuna y reducir su vulnerabilidad, ya que debido a la transformaci\u00f3n de la pir\u00e1mide poblacional y del perfil epidemiol\u00f3gico, las enfermedades cr\u00f3nicas son m\u00e1s frecuentes y la meta es acabar con la creencia de que ser adulto mayor es sin\u00f3nimo de enfermedad.<\/p>\n","protected":false},"excerpt":{"rendered":"<p>En lo que va de la administraci\u00f3n del Gobernador Alfredo Del Mazo Maza, se ha beneficiado a m\u00e1s de 433 mil personas de la tercera edad, a trav\u00e9s del Programa de Atenci\u00f3n al Envejecimiento, inform\u00f3 la Secretar\u00eda de Salud del Estado de M\u00e9xico.<\/p>\n","protected":false},"author":5,"featured_media":392154,"comment_status":"open","ping_status":"open","sticky":false,"template":"","format":"standard","meta":{"_monsterinsights_skip_tracking":false,"_monsterinsights_sitenote_active":false,"_monsterinsights_sitenote_note":"","_monsterinsights_sitenote_category":0,"footnotes":""},"categories":[35155],"tags":[2505,77607,77608,77606,43675,452],"class_list":["post-392153","post","type-post","status-publish","format-standard","has-post-thumbnail","hentry","category-estado-de-mexico-estado-de-mexico","tag-alfredo-del-mazo-maza","tag-atencion-al-envejecimiento","tag-clinicas-geriatricas","tag-edomex-programa","tag-estado-de-mexico","tag-toluca"],"_links":{"self":[{"href":"https:\/\/www.diarioimagen.net\/index.php?rest_route=\/wp\/v2\/posts\/392153","targetHints":{"allow":["GET"]}}],"collection":[{"href":"https:\/\/www.diarioimagen.net\/index.php?rest_route=\/wp\/v2\/posts"}],"about":[{"href":"https:\/\/www.diarioimagen.net\/index.php?rest_route=\/wp\/v2\/types\/post"}],"author":[{"embeddable":true,"href":"https:\/\/www.diarioimagen.net\/index.php?rest_route=\/wp\/v2\/users\/5"}],"replies":[{"embeddable":true,"href":"https:\/\/www.diarioimagen.net\/index.php?rest_route=%2Fwp%2Fv2%2Fcomments&post=392153"}],"version-history":[{"count":0,"href":"https:\/\/www.diarioimagen.net\/index.php?rest_route=\/wp\/v2\/posts\/392153\/revisions"}],"wp:featuredmedia":[{"embeddable":true,"href":"https:\/\/www.diarioimagen.net\/index.php?rest_route=\/wp\/v2\/media\/392154"}],"wp:attachment":[{"href":"https:\/\/www.diarioimagen.net\/index.php?rest_route=%2Fwp%2Fv2%2Fmedia&parent=392153"}],"wp:term":[{"taxonomy":"category","embeddable":true,"href":"https:\/\/www.diarioimagen.net\/index.php?rest_route=%2Fwp%2Fv2%2Fcategories&post=392153"},{"taxonomy":"post_tag","embeddable":true,"href":"https:\/\/www.diarioimagen.net\/index.php?rest_route=%2Fwp%2Fv2%2Ftags&post=392153"}],"curies":[{"name":"wp","href":"https:\/\/api.w.org\/{rel}","templated":true}]}}