{"id":392181,"date":"2018-08-29T00:03:41","date_gmt":"2018-08-29T05:03:41","guid":{"rendered":"https:\/\/www.diarioimagen.net\/?p=392181"},"modified":"2018-08-30T01:12:40","modified_gmt":"2018-08-30T06:12:40","slug":"mariana-garza-y-benny-ibarra-develan-placa-de-vaselina","status":"publish","type":"post","link":"https:\/\/www.diarioimagen.net\/?p=392181","title":{"rendered":"Mariana Garza y Benny Ibarra develan placa de \u201cVaselina\u201d"},"content":{"rendered":"<ul>\n<li><em><strong><sub>El musical cont\u00f3 con la supervisi\u00f3n de Julissa, como productora honoraria, quien en 1973 estren\u00f3 por primera vez este musical<\/sub><\/strong><\/em><\/li>\n<\/ul>\n<h6>\u00a0Asael Grande<\/h6>\n<p>&nbsp;<\/p>\n<div id=\"attachment_392182\" style=\"width: 470px\" class=\"wp-caption aligncenter\"><img loading=\"lazy\" decoding=\"async\" aria-describedby=\"caption-attachment-392182\" class=\"size-large wp-image-392182\" src=\"https:\/\/www.diarioimagen.net\/wp-content\/uploads\/2018\/08\/vaselina-1-POORTAL-460x345.jpg\" alt=\"\" width=\"460\" height=\"345\" srcset=\"https:\/\/www.diarioimagen.net\/wp-content\/uploads\/2018\/08\/vaselina-1-POORTAL-460x345.jpg 460w, https:\/\/www.diarioimagen.net\/wp-content\/uploads\/2018\/08\/vaselina-1-POORTAL-240x180.jpg 240w, https:\/\/www.diarioimagen.net\/wp-content\/uploads\/2018\/08\/vaselina-1-POORTAL.jpg 700w\" sizes=\"auto, (max-width: 460px) 100vw, 460px\" \/><p id=\"caption-attachment-392182\" class=\"wp-caption-text\">En medio de aplausos, gritos de euforia y agradecimientos a todo el elenco y equipo de trabajo, Mariana y Benny develaron la placa conmemorativa. <em>(Fotos: Asael Grande)<\/em><\/p><\/div>\n<p>&nbsp;<\/p>\n<p>Cuarenta a\u00f1os despu\u00e9s de que la pel\u00edcula de culto protagonizada por John Travolta y Olivia Newton-John fuera un \u00e9xito, regres\u00f3 a M\u00e9xico el musical \u201cVaselina\u201d, m\u00e1s rebelde que nunca, y que ahora lleg\u00f3 a sus primeras representaciones ininterrumpidas en el Teatro San Rafael, y la producci\u00f3n lo festej\u00f3 con invitados de honor para develar la placa conmemorativa de 100 funciones de \u201cVaselina\u201d: Mariana Garza, y Benny Ibarra.<\/p>\n<p>Al finalizar la funci\u00f3n n\u00famero 100, el productor de la obra \u201cVaselina\u201d, Morris Gilbert, invit\u00f3 a los padrinos a develar la placa: \u201cgracias de coraz\u00f3n Morris, por apoyar nuevamente esta puesta en escena, esta historia que nos ha dado tanto a todos, al teatro en M\u00e9xico, una de las fotos m\u00e1s entra\u00f1ables que tengo, es yo de peque\u00f1o, \u2018gateando\u2019, a punto de caerme al foso de los m\u00fasicos, y mi\u00a0madre en ensayos generales, con una panza gigante, porque mi hermano Alejandro estaba por nacer, y poco despu\u00e9s empezaron las funciones de \u2018Vaselina\u2019, con Julissa, y Benny Ibarra; es una obra que es parte de mi vida, de mi historia personal, de la de mi hermano Alejandro, de mi madre, de mi padre, nosotros la hicimos ya hace un rato, en el 84-85, tuvimos la fortuna de hacer 600 representaciones, y yo siempre dije que en Timbiriche nos profesionalizamos cuando empezamos a hacer \u2018Vaselina\u2019, cuando tuvimos la oportunidad de sentir la disciplina, el rigor de pisar un teatro, un escenario, y de tenerle el respeto que le tenemos a esta hermosa obra, gracias madre por tus hermosas letras, \u201cVaselina\u201d es de los musicales que todo mundo viene\u00a0 a ver, y lo cantan, de principio a fin , como si fuera un concierto, eso es gracias a ti, madre hermosa\u201d, expres\u00f3 Benny Ibarra a su madre Julissa, durante la develaci\u00f3n de la placa por las 100 representaciones del musical\u00a0 \u201cVaselina\u201d.<\/p>\n<div id=\"attachment_392183\" style=\"width: 281px\" class=\"wp-caption alignleft\"><img loading=\"lazy\" decoding=\"async\" aria-describedby=\"caption-attachment-392183\" class=\" wp-image-392183\" src=\"https:\/\/www.diarioimagen.net\/wp-content\/uploads\/2018\/08\/vaselina-2-PORTAL-460x432.jpg\" alt=\"\" width=\"271\" height=\"255\" srcset=\"https:\/\/www.diarioimagen.net\/wp-content\/uploads\/2018\/08\/vaselina-2-PORTAL-460x432.jpg 460w, https:\/\/www.diarioimagen.net\/wp-content\/uploads\/2018\/08\/vaselina-2-PORTAL-240x226.jpg 240w, https:\/\/www.diarioimagen.net\/wp-content\/uploads\/2018\/08\/vaselina-2-PORTAL.jpg 700w\" sizes=\"auto, (max-width: 271px) 100vw, 271px\" \/><p id=\"caption-attachment-392183\" class=\"wp-caption-text\">La producci\u00f3n fue dirigida por Rafa Maza, quien tambi\u00e9n estrenaba junto al elenco por ser su primera direcci\u00f3n, tratando de \u201crefrescar todo\u201d con nuevos vestuarios, coreograf\u00edas y un elenco joven.<\/p><\/div>\n<p>Por su parte, Mariana Garza, se sum\u00f3 a las felicitaciones al equipo del musical a: \u201cencantados, felices de estar aqu\u00ed, con tanta gente que queremos y admiramos, muchas felicidades a toda la compa\u00f1\u00eda, gracias a Julissa, por permitir que \u2018Vaselina\u2019 est\u00e9 nuevamente en escena, gracias a toda la gente que hace posible, en todas la \u00e1reas, este musical; me encant\u00f3 la puesta en escena, que tengan la oportunidad, toda la gente que creci\u00f3 con nosotros y todas las nuevas generaciones, de empaparse de esta historia, de estos personajes, de esta manera de interactuar, de bailar, y que sigan las fiestas del rocanrol\u201d.<\/p>\n<p>\u201cVaselina\u201d, con su m\u00fasica electrizante y espectacular coreograf\u00eda, llena de ritmo y energ\u00eda, es una verdadera fiesta para compartir con amigos, familias enteras y enamorados que no podr\u00e1n quedarse sentados y querr\u00e1n bailar el rock &amp; roll. El elenco lo conforman: Sol Madrigal, Carlos Fonseca, Mar\u00eda Elisa Gallegos, Mois\u00e9s Araiza, Jimena Cornejo, Jerry Vel\u00e1zquez, Ivonne Garza, Pepe Navarrete, Sof\u00eda Monta\u00f1o, Jacobo Flores, Natalia Moguel, Iker Paredes, Fernanda Ostos, Samantha Salgado, Efra\u00edn Berry, Mario Sep\u00falveda y Rodrigo Llamas. Completan el reparto del musical Miranda Labardini, Natalia Leal, Martha Garibay, Javier Emmanuel, Rhen\u00e9 Liceaga, Salvador Gonz\u00e1lez, \u00c1ngel Garc\u00eda y Mar\u00eda Fernanda Caballero.<\/p>\n","protected":false},"excerpt":{"rendered":"<p>Cuarenta a\u00f1os despu\u00e9s de que la pel\u00edcula de culto protagonizada por John Travolta y Olivia Newton-John fuera un \u00e9xito, regres\u00f3 a M\u00e9xico el musical \u201cVaselina\u201d, m\u00e1s rebelde que nunca, y que ahora lleg\u00f3 a sus primeras representaciones ininterrumpidas en el Teatro San Rafael, y la producci\u00f3n lo festej\u00f3 con invitados de honor para develar la placa conmemorativa de 100 funciones de \u201cVaselina\u201d: Mariana Garza, y Benny Ibarra.<\/p>\n","protected":false},"author":5,"featured_media":392184,"comment_status":"open","ping_status":"open","sticky":false,"template":"","format":"standard","meta":{"_monsterinsights_skip_tracking":false,"_monsterinsights_sitenote_active":false,"_monsterinsights_sitenote_note":"","_monsterinsights_sitenote_category":0,"footnotes":""},"categories":[12],"tags":[9441,77628,43682,8006,3982,69244],"class_list":["post-392181","post","type-post","status-publish","format-standard","has-post-thumbnail","hentry","category-espectaculos","tag-benny-ibarra","tag-de-julissa","tag-espectaculos","tag-mariana-garza","tag-teatro-san-rafael","tag-vaselina"],"_links":{"self":[{"href":"https:\/\/www.diarioimagen.net\/index.php?rest_route=\/wp\/v2\/posts\/392181","targetHints":{"allow":["GET"]}}],"collection":[{"href":"https:\/\/www.diarioimagen.net\/index.php?rest_route=\/wp\/v2\/posts"}],"about":[{"href":"https:\/\/www.diarioimagen.net\/index.php?rest_route=\/wp\/v2\/types\/post"}],"author":[{"embeddable":true,"href":"https:\/\/www.diarioimagen.net\/index.php?rest_route=\/wp\/v2\/users\/5"}],"replies":[{"embeddable":true,"href":"https:\/\/www.diarioimagen.net\/index.php?rest_route=%2Fwp%2Fv2%2Fcomments&post=392181"}],"version-history":[{"count":0,"href":"https:\/\/www.diarioimagen.net\/index.php?rest_route=\/wp\/v2\/posts\/392181\/revisions"}],"wp:featuredmedia":[{"embeddable":true,"href":"https:\/\/www.diarioimagen.net\/index.php?rest_route=\/wp\/v2\/media\/392184"}],"wp:attachment":[{"href":"https:\/\/www.diarioimagen.net\/index.php?rest_route=%2Fwp%2Fv2%2Fmedia&parent=392181"}],"wp:term":[{"taxonomy":"category","embeddable":true,"href":"https:\/\/www.diarioimagen.net\/index.php?rest_route=%2Fwp%2Fv2%2Fcategories&post=392181"},{"taxonomy":"post_tag","embeddable":true,"href":"https:\/\/www.diarioimagen.net\/index.php?rest_route=%2Fwp%2Fv2%2Ftags&post=392181"}],"curies":[{"name":"wp","href":"https:\/\/api.w.org\/{rel}","templated":true}]}}