{"id":392207,"date":"2018-08-29T00:10:26","date_gmt":"2018-08-29T05:10:26","guid":{"rendered":"https:\/\/www.diarioimagen.net\/?p=392207"},"modified":"2018-08-29T05:06:36","modified_gmt":"2018-08-29T10:06:36","slug":"fundacion-uaemex-entrego-49-becas-de-titulacion-y-manutencion","status":"publish","type":"post","link":"https:\/\/www.diarioimagen.net\/?p=392207","title":{"rendered":"Fundaci\u00f3n UAEM\u00e9x entreg\u00f3 49 becas de Titulaci\u00f3n y Manutenci\u00f3n"},"content":{"rendered":"<ul>\n<li><strong><em>Estrategia para formar adultos capaces de reflexionar sobre la realidad en que viven<\/em><\/strong><\/li>\n<\/ul>\n<p>&nbsp;<\/p>\n<div id=\"attachment_392323\" style=\"width: 470px\" class=\"wp-caption aligncenter\"><a href=\"https:\/\/www.diarioimagen.net\/?attachment_id=392323\" rel=\"attachment wp-att-392323\"><img loading=\"lazy\" decoding=\"async\" aria-describedby=\"caption-attachment-392323\" class=\"size-large wp-image-392323\" src=\"https:\/\/www.diarioimagen.net\/wp-content\/uploads\/2018\/08\/UAEM-3443-460x307.jpg\" alt=\"\" width=\"460\" height=\"307\" srcset=\"https:\/\/www.diarioimagen.net\/wp-content\/uploads\/2018\/08\/UAEM-3443-460x307.jpg 460w, https:\/\/www.diarioimagen.net\/wp-content\/uploads\/2018\/08\/UAEM-3443-240x160.jpg 240w, https:\/\/www.diarioimagen.net\/wp-content\/uploads\/2018\/08\/UAEM-3443.jpg 700w\" sizes=\"auto, (max-width: 460px) 100vw, 460px\" \/><\/a><p id=\"caption-attachment-392323\" class=\"wp-caption-text\">El rector de la UAEM, Alfredo Barrera, puntualiz\u00f3 que la entrega de estas becas forma parte de una estrategia para formar adultos capaces de reflexionar sobre la realidad en que viven.<\/p><\/div>\n<p>&nbsp;<\/p>\n<p><strong>Toluca, Estado de M\u00e9xico<\/strong>.\u2013 El rector de la Universidad Aut\u00f3noma del Estado de M\u00e9xico, Alfredo Barrera Baca, y el presidente del Consejo Directivo de la Fundaci\u00f3n UAEM\u00e9x, Emilio Chuayffet Chemor, entregaron 33 becas de Titulaci\u00f3n y 16 becas de Manutenci\u00f3n \u201cLic. Adolfo L\u00f3pez Mateos\u201d.<\/p>\n<p>Al dirigirse a los alumnos beneficiados con estos apoyos, el rector afirm\u00f3 que los universitarios est\u00e1n llamados a ser ciudadanos cosmopolitas, profesionistas competentes y personas reflexivas, imaginativas, solidarias, justas, tolerantes y comprometidas con las mejores causas de la humanidad.<\/p>\n<p>En la Sala \u201cDr. Gustavo Baz Prada\u201d del Edificio de Rector\u00eda, donde se dieron cita la directora ejecutiva de la Fundaci\u00f3n UAEM\u00e9x, Aurora L\u00f3pez Ovando, y la secretaria de Extensi\u00f3n y Vinculaci\u00f3n, Jannet Valero Vilchis, puntualiz\u00f3 que la entrega de estas becas forma parte de una estrategia para formar adultos capaces de reflexionar sobre la realidad en que viven y cambiarla para bien de la naci\u00f3n.<\/p>\n<p>Sostuvo que \u201cquienes nos formamos en una universidad p\u00fablica sabemos lo que significa aprender m\u00e1s all\u00e1 los contenidos que se ofrecen, ejercer la libertad de pensamiento y de expresi\u00f3n, cultivar la curiosidad hacia el mundo y la solidaridad con los compa\u00f1eros\u201d.<\/p>\n<p>\u201cEstudiar en una universidad p\u00fablica significa vivir la autonom\u00eda e incorporarla a nuestra personalidad como un rasgo de madurez humana que exige responsabilidad con nuestro entorno, con la naci\u00f3n y la sustentabilidad del planeta\u201d, concluy\u00f3 Alfredo Barrera Baca.<\/p>\n<p>En su oportunidad, Emilio Chuayffet Chemor puntualiz\u00f3 que \u201cno existe mejor manera de igualar oportunidades en la sociedad que la educaci\u00f3n, que tiene dos dimensiones: la justicia y la inclusi\u00f3n\u201d.<\/p>\n<p>\u201cEducaci\u00f3n de calidad es pensar en la pertinencia de la formaci\u00f3n en el contexto del mundo que enfrentan los j\u00f3venes egresados. Ellos necesitan las herramientas t\u00e9cnicas, los conocimientos y las habilidades que faciliten su inserci\u00f3n exitosa en el mercado laboral\u201d.<\/p>\n<p>Emilio Chuayffet Chemor detall\u00f3 que desde septiembre de 2010, la Fundaci\u00f3n UAEM\u00e9x ha entregado mil 232 becas de Titulaci\u00f3n y desde febrero de 2016 un total de 27 alumnos han sido beneficiados con la Beca de Manutenci\u00f3n \u201cLic. Adolfo L\u00f3pez Mateos\u201d.<\/p>\n","protected":false},"excerpt":{"rendered":"<p>El rector de la Universidad Aut\u00f3noma del Estado de M\u00e9xico, Alfredo Barrera Baca, y el presidente del Consejo Directivo de la Fundaci\u00f3n UAEM\u00e9x, Emilio Chuayffet Chemor, entregaron 33 becas de Titulaci\u00f3n y 16 becas de Manutenci\u00f3n \u201cLic. Adolfo L\u00f3pez Mateos\u201d.<\/p>\n","protected":false},"author":3,"featured_media":392323,"comment_status":"open","ping_status":"open","sticky":false,"template":"","format":"standard","meta":{"_monsterinsights_skip_tracking":false,"_monsterinsights_sitenote_active":false,"_monsterinsights_sitenote_note":"","_monsterinsights_sitenote_category":0,"footnotes":""},"categories":[5],"tags":[43675,77640,452,67878],"class_list":["post-392207","post","type-post","status-publish","format-standard","has-post-thumbnail","hentry","category-estado-de-mexico","tag-estado-de-mexico","tag-titulacion-y-manutencion","tag-toluca","tag-uaemex"],"_links":{"self":[{"href":"https:\/\/www.diarioimagen.net\/index.php?rest_route=\/wp\/v2\/posts\/392207","targetHints":{"allow":["GET"]}}],"collection":[{"href":"https:\/\/www.diarioimagen.net\/index.php?rest_route=\/wp\/v2\/posts"}],"about":[{"href":"https:\/\/www.diarioimagen.net\/index.php?rest_route=\/wp\/v2\/types\/post"}],"author":[{"embeddable":true,"href":"https:\/\/www.diarioimagen.net\/index.php?rest_route=\/wp\/v2\/users\/3"}],"replies":[{"embeddable":true,"href":"https:\/\/www.diarioimagen.net\/index.php?rest_route=%2Fwp%2Fv2%2Fcomments&post=392207"}],"version-history":[{"count":0,"href":"https:\/\/www.diarioimagen.net\/index.php?rest_route=\/wp\/v2\/posts\/392207\/revisions"}],"wp:featuredmedia":[{"embeddable":true,"href":"https:\/\/www.diarioimagen.net\/index.php?rest_route=\/wp\/v2\/media\/392323"}],"wp:attachment":[{"href":"https:\/\/www.diarioimagen.net\/index.php?rest_route=%2Fwp%2Fv2%2Fmedia&parent=392207"}],"wp:term":[{"taxonomy":"category","embeddable":true,"href":"https:\/\/www.diarioimagen.net\/index.php?rest_route=%2Fwp%2Fv2%2Fcategories&post=392207"},{"taxonomy":"post_tag","embeddable":true,"href":"https:\/\/www.diarioimagen.net\/index.php?rest_route=%2Fwp%2Fv2%2Ftags&post=392207"}],"curies":[{"name":"wp","href":"https:\/\/api.w.org\/{rel}","templated":true}]}}