{"id":392235,"date":"2018-08-29T00:07:38","date_gmt":"2018-08-29T05:07:38","guid":{"rendered":"https:\/\/www.diarioimagen.net\/?p=392235"},"modified":"2018-08-30T01:12:58","modified_gmt":"2018-08-30T06:12:58","slug":"mexico-nunca-pagara-por-el-muro-videgaray","status":"publish","type":"post","link":"https:\/\/www.diarioimagen.net\/?p=392235","title":{"rendered":"M\u00e9xico nunca pagar\u00e1 por el muro: Videgaray"},"content":{"rendered":"<ul>\n<li><em><strong>Trump reitera que s\u00ed lo har\u00e1<\/strong><\/em><\/li>\n<li><em><strong>Dice el canciller que la decisi\u00f3n nunca ha estado a discusi\u00f3n<\/strong><\/em><\/li>\n<\/ul>\n<p>&nbsp;<\/p>\n<div id=\"attachment_392330\" style=\"width: 470px\" class=\"wp-caption aligncenter\"><a href=\"https:\/\/www.diarioimagen.net\/?attachment_id=392330\" rel=\"attachment wp-att-392330\"><img loading=\"lazy\" decoding=\"async\" aria-describedby=\"caption-attachment-392330\" class=\"size-large wp-image-392330\" src=\"https:\/\/www.diarioimagen.net\/wp-content\/uploads\/2018\/08\/VIDEGARAY-3443--460x259.jpg\" alt=\"\" width=\"460\" height=\"259\" srcset=\"https:\/\/www.diarioimagen.net\/wp-content\/uploads\/2018\/08\/VIDEGARAY-3443--460x259.jpg 460w, https:\/\/www.diarioimagen.net\/wp-content\/uploads\/2018\/08\/VIDEGARAY-3443--240x135.jpg 240w, https:\/\/www.diarioimagen.net\/wp-content\/uploads\/2018\/08\/VIDEGARAY-3443--235x132.jpg 235w, https:\/\/www.diarioimagen.net\/wp-content\/uploads\/2018\/08\/VIDEGARAY-3443--202x114.jpg 202w, https:\/\/www.diarioimagen.net\/wp-content\/uploads\/2018\/08\/VIDEGARAY-3443--350x196.jpg 350w, https:\/\/www.diarioimagen.net\/wp-content\/uploads\/2018\/08\/VIDEGARAY-3443--220x123.jpg 220w, https:\/\/www.diarioimagen.net\/wp-content\/uploads\/2018\/08\/VIDEGARAY-3443--237x132.jpg 237w, https:\/\/www.diarioimagen.net\/wp-content\/uploads\/2018\/08\/VIDEGARAY-3443-.jpg 480w\" sizes=\"auto, (max-width: 460px) 100vw, 460px\" \/><\/a><p id=\"caption-attachment-392330\" class=\"wp-caption-text\">El canciller Luis Videgaray Caso dej\u00f3 claro que el gobierno mexicano nunca pagar\u00e1 por la construcci\u00f3n del muro en la frontera.<\/p><\/div>\n<p>&nbsp;<\/p>\n<p>El secretario de Relaciones Exteriores, Luis Videgaray Caso, dej\u00f3 claro que el gobierno mexicano nunca pagar\u00e1 por la construcci\u00f3n del muro en la frontera con Estados Unidos, como lo ha planteado el presidente de aquel pa\u00eds, Donald Trump.<\/p>\n<p>A trav\u00e9s de su cuenta de Twitter @LVidegaray, el canciller mexicano sostuvo que la decisi\u00f3n de no pagar por dicho muro fronterizo nunca ha estado a discusi\u00f3n.<\/p>\n<p>Record\u00f3 que la v\u00edspera, se logr\u00f3 un entendimiento comercial con Estados Unidos, y hay perspectivas alentadoras para la relaci\u00f3n entre ambos pa\u00edses, sin embargo lo que nunca suceder\u00e1 es que M\u00e9xico pague por el muro.<\/p>\n<p>\u201cCon Estados Unidos hemos alcanzado un entendimiento comercial, y hoy hay perspectivas alentadoras para la relaci\u00f3n entre ambos pa\u00edses. Lo que simplemente NUNCA va a suceder es que M\u00e9xico pague por un muro. Eso nunca ha estado a discusi\u00f3n\u201d, escribi\u00f3 en la red social.<\/p>\n<p>La v\u00edspera los equipos negociadores de M\u00e9xico y Estados Unidos para el Tratado de Libre Comercio de Am\u00e9rica del Norte (TLCAN) alcanzaron un acuerdo comercial y ahora solo falta que Canad\u00e1 decida integrarse para cerrar el pacto de manera trilateral.<\/p>\n<p style=\"text-align: center;\"><strong>Trump reitera que <\/strong><strong>M\u00e9xico pagar\u00e1 el muro<\/strong><\/p>\n<p>El presidente de Estados Unidos, Donald Trump, reiter\u00f3 ayer martes que M\u00e9xico pagar\u00e1 por el muro en la frontera.<\/p>\n<p>Durante una reuni\u00f3n con el presidente de la FIFA en la Casa Blanca, y a pregunta expresa, dijo \u201cS\u00ed, el muro ser\u00e1 pagado muy f\u00e1cilmente por M\u00e9xico; al final de cuentas, ser\u00e1 pagado por M\u00e9xico\u201d.<\/p>\n<p>Sus declaraciones se producen un d\u00eda despu\u00e9s de que M\u00e9xico y Estados Unidos lograron un entendimiento comercial bilateral.<\/p>\n","protected":false},"excerpt":{"rendered":"<p>El secretario de Relaciones Exteriores, Luis Videgaray Caso, dej\u00f3 claro que el gobierno mexicano nunca pagar\u00e1 por la construcci\u00f3n del muro en la frontera con Estados Unidos, como lo ha planteado el presidente de aquel pa\u00eds, Donald Trump.<\/p>\n","protected":false},"author":3,"featured_media":392330,"comment_status":"open","ping_status":"open","sticky":false,"template":"","format":"standard","meta":{"_monsterinsights_skip_tracking":false,"_monsterinsights_sitenote_active":false,"_monsterinsights_sitenote_note":"","_monsterinsights_sitenote_category":0,"footnotes":""},"categories":[3],"tags":[177,4043,7517,49003],"class_list":["post-392235","post","type-post","status-publish","format-standard","has-post-thumbnail","hentry","category-nacional","tag-estados-unidos","tag-frontera","tag-luis-videgaray-caso","tag-muro"],"_links":{"self":[{"href":"https:\/\/www.diarioimagen.net\/index.php?rest_route=\/wp\/v2\/posts\/392235","targetHints":{"allow":["GET"]}}],"collection":[{"href":"https:\/\/www.diarioimagen.net\/index.php?rest_route=\/wp\/v2\/posts"}],"about":[{"href":"https:\/\/www.diarioimagen.net\/index.php?rest_route=\/wp\/v2\/types\/post"}],"author":[{"embeddable":true,"href":"https:\/\/www.diarioimagen.net\/index.php?rest_route=\/wp\/v2\/users\/3"}],"replies":[{"embeddable":true,"href":"https:\/\/www.diarioimagen.net\/index.php?rest_route=%2Fwp%2Fv2%2Fcomments&post=392235"}],"version-history":[{"count":0,"href":"https:\/\/www.diarioimagen.net\/index.php?rest_route=\/wp\/v2\/posts\/392235\/revisions"}],"wp:featuredmedia":[{"embeddable":true,"href":"https:\/\/www.diarioimagen.net\/index.php?rest_route=\/wp\/v2\/media\/392330"}],"wp:attachment":[{"href":"https:\/\/www.diarioimagen.net\/index.php?rest_route=%2Fwp%2Fv2%2Fmedia&parent=392235"}],"wp:term":[{"taxonomy":"category","embeddable":true,"href":"https:\/\/www.diarioimagen.net\/index.php?rest_route=%2Fwp%2Fv2%2Fcategories&post=392235"},{"taxonomy":"post_tag","embeddable":true,"href":"https:\/\/www.diarioimagen.net\/index.php?rest_route=%2Fwp%2Fv2%2Ftags&post=392235"}],"curies":[{"name":"wp","href":"https:\/\/api.w.org\/{rel}","templated":true}]}}