{"id":392268,"date":"2018-08-29T00:08:24","date_gmt":"2018-08-29T05:08:24","guid":{"rendered":"https:\/\/www.diarioimagen.net\/?p=392268"},"modified":"2018-08-29T07:45:41","modified_gmt":"2018-08-29T12:45:41","slug":"cerca-de-5-mil-adultos-mayores-festejaron-su-dia-en-tlalnepantla","status":"publish","type":"post","link":"https:\/\/www.diarioimagen.net\/?p=392268","title":{"rendered":"Cerca de 5 mil adultos mayores festejaron su d\u00eda, en Tlalnepantla"},"content":{"rendered":"<ul>\n<li><strong><em>Los celebra el DIF municipal<\/em><\/strong><\/li>\n<\/ul>\n<p>&nbsp;<\/p>\n<div id=\"attachment_392356\" style=\"width: 470px\" class=\"wp-caption aligncenter\"><a href=\"https:\/\/www.diarioimagen.net\/?attachment_id=392356\" rel=\"attachment wp-att-392356\"><img loading=\"lazy\" decoding=\"async\" aria-describedby=\"caption-attachment-392356\" class=\"size-large wp-image-392356\" src=\"https:\/\/www.diarioimagen.net\/wp-content\/uploads\/2018\/08\/TLALNEPANTLA-3443-460x259.jpg\" alt=\"\" width=\"460\" height=\"259\" srcset=\"https:\/\/www.diarioimagen.net\/wp-content\/uploads\/2018\/08\/TLALNEPANTLA-3443-460x259.jpg 460w, https:\/\/www.diarioimagen.net\/wp-content\/uploads\/2018\/08\/TLALNEPANTLA-3443-240x135.jpg 240w, https:\/\/www.diarioimagen.net\/wp-content\/uploads\/2018\/08\/TLALNEPANTLA-3443-235x132.jpg 235w, https:\/\/www.diarioimagen.net\/wp-content\/uploads\/2018\/08\/TLALNEPANTLA-3443-202x114.jpg 202w, https:\/\/www.diarioimagen.net\/wp-content\/uploads\/2018\/08\/TLALNEPANTLA-3443-350x196.jpg 350w, https:\/\/www.diarioimagen.net\/wp-content\/uploads\/2018\/08\/TLALNEPANTLA-3443-220x123.jpg 220w, https:\/\/www.diarioimagen.net\/wp-content\/uploads\/2018\/08\/TLALNEPANTLA-3443-237x132.jpg 237w, https:\/\/www.diarioimagen.net\/wp-content\/uploads\/2018\/08\/TLALNEPANTLA-3443.jpg 480w\" sizes=\"auto, (max-width: 460px) 100vw, 460px\" \/><\/a><p id=\"caption-attachment-392356\" class=\"wp-caption-text\">Cerca de 5 mil tlalnepantlenses disfrutaron del magno festejo, que el Sistema Municipal DIF organiz\u00f3 para celebrar el D\u00eda del Adulto Mayor.<\/p><\/div>\n<p>&nbsp;<\/p>\n<p><strong>Tlalnepantla, Estado de M\u00e9xico<\/strong>.- Con m\u00fasica, regalos y pastel, cerca de 5 mil tlalnepantlenses disfrutaron del magno festejo que el Sistema Municipal DIF organiz\u00f3 para celebrar el D\u00eda del Adulto Mayor.<\/p>\n<p>Luego de felicitar a los asistentes, la presidenta municipal, Denisse Ugalde Alegr\u00eda, reiter\u00f3 que en Tlalnepantla se trabajar\u00e1 hasta el \u00faltimo d\u00eda de administraci\u00f3n para generar acciones, programas y pol\u00edticas p\u00fablicas que les garanticen una mejor calidad de vida.<\/p>\n<p>\u201cHoy quiero decirles que los quiero mucho. Agradezco su cari\u00f1o y apoyo durante estos ya casi tres a\u00f1os de gobierno; nuestro deseo es que ustedes vivan estos a\u00f1os en armon\u00eda y tranquilos. Sepan que tanto en el DIF como en el Gobierno Municipal tienen aliados para atender sus principales necesidades\u201d, afirm\u00f3.<\/p>\n<p>Anunci\u00f3 que con el apoyo del DIF Nacional, en breve comenzar\u00e1 el equipamiento de las casas del adulto mayor que se tienen en este municipio, lo que permitir\u00e1 que quienes diariamente asisten a realizar alguna actividad, lo hagan en un ambiente m\u00e1s confortable.<\/p>\n<p>En esta celebraci\u00f3n, en la que tambi\u00e9n se festej\u00f3 el cumplea\u00f1os de la se\u00f1ora Carmen Vega Hern\u00e1ndez, quien cumpli\u00f3 112 a\u00f1os de edad, Denisse Ugalde convivi\u00f3 con los adultos mayores y los exhort\u00f3 a acercarse tanto a las casas que est\u00e1n abiertas para ellos como a la Unidad de Desarrollo y Educaci\u00f3n para la tercera edad (UNIDE).<\/p>\n<p>A su vez, el presidente del Sistema Municipal DIF, Abraham Trejo Molina, anunci\u00f3 que se entregar\u00e1n diversos apoyos funcionales en las casas del adulto mayor para las personas que m\u00e1s lo requieren.<\/p>\n<p>En representaci\u00f3n del DIFEM, Ana Aurora Mu\u00f1iz, coordinadora de Atenci\u00f3n a los Adultos Mayores, reconoci\u00f3 a Tlalnepantla como el municipio que a nivel estatal, brinda m\u00e1s apoyo a las personas de la tercera edad, propiciando as\u00ed una cultura del envejecimiento digno.<\/p>\n<p>Luego de hacer un recuento de los distintos programas que el DIF estatal tiene para este sector de la poblaci\u00f3n, la funcionaria hizo un llamado a las nuevas generaciones para promover el respeto hacia quienes son el pilar de las familias y de la sociedad.<\/p>\n<p>En esta celebraci\u00f3n, las autoridades encabezaron la rifa de regalos que fueron donados tanto por las \u00e1reas de la administraci\u00f3n local, como por el Voluntariado del Sistema DIF Tlalnepantla.<\/p>\n","protected":false},"excerpt":{"rendered":"<p>Con m\u00fasica, regalos y pastel, cerca de 5 mil tlalnepantlenses disfrutaron del magno festejo que el Sistema Municipal DIF organiz\u00f3 para celebrar el D\u00eda del Adulto Mayor.<\/p>\n","protected":false},"author":3,"featured_media":392356,"comment_status":"open","ping_status":"open","sticky":false,"template":"","format":"standard","meta":{"_monsterinsights_skip_tracking":false,"_monsterinsights_sitenote_active":false,"_monsterinsights_sitenote_note":"","_monsterinsights_sitenote_category":0,"footnotes":""},"categories":[5],"tags":[77645,43675,20602,169],"class_list":["post-392268","post","type-post","status-publish","format-standard","has-post-thumbnail","hentry","category-estado-de-mexico","tag-aduto-mayor","tag-estado-de-mexico","tag-festejo","tag-tlalnepantla"],"_links":{"self":[{"href":"https:\/\/www.diarioimagen.net\/index.php?rest_route=\/wp\/v2\/posts\/392268","targetHints":{"allow":["GET"]}}],"collection":[{"href":"https:\/\/www.diarioimagen.net\/index.php?rest_route=\/wp\/v2\/posts"}],"about":[{"href":"https:\/\/www.diarioimagen.net\/index.php?rest_route=\/wp\/v2\/types\/post"}],"author":[{"embeddable":true,"href":"https:\/\/www.diarioimagen.net\/index.php?rest_route=\/wp\/v2\/users\/3"}],"replies":[{"embeddable":true,"href":"https:\/\/www.diarioimagen.net\/index.php?rest_route=%2Fwp%2Fv2%2Fcomments&post=392268"}],"version-history":[{"count":0,"href":"https:\/\/www.diarioimagen.net\/index.php?rest_route=\/wp\/v2\/posts\/392268\/revisions"}],"wp:featuredmedia":[{"embeddable":true,"href":"https:\/\/www.diarioimagen.net\/index.php?rest_route=\/wp\/v2\/media\/392356"}],"wp:attachment":[{"href":"https:\/\/www.diarioimagen.net\/index.php?rest_route=%2Fwp%2Fv2%2Fmedia&parent=392268"}],"wp:term":[{"taxonomy":"category","embeddable":true,"href":"https:\/\/www.diarioimagen.net\/index.php?rest_route=%2Fwp%2Fv2%2Fcategories&post=392268"},{"taxonomy":"post_tag","embeddable":true,"href":"https:\/\/www.diarioimagen.net\/index.php?rest_route=%2Fwp%2Fv2%2Ftags&post=392268"}],"curies":[{"name":"wp","href":"https:\/\/api.w.org\/{rel}","templated":true}]}}