{"id":392271,"date":"2018-08-29T00:06:20","date_gmt":"2018-08-29T05:06:20","guid":{"rendered":"https:\/\/www.diarioimagen.net\/?p=392271"},"modified":"2018-08-29T07:54:37","modified_gmt":"2018-08-29T12:54:37","slug":"se-ha-triplicado-la-infraestructura-hidraulica-en-huixquilucan-alcalde","status":"publish","type":"post","link":"https:\/\/www.diarioimagen.net\/?p=392271","title":{"rendered":"Se ha triplicado la infraestructura hidr\u00e1ulica en Huixquilucan: alcalde"},"content":{"rendered":"<ul>\n<li><strong><em>Inaugura los tanques de agua \u201cLa Vista\u201d<\/em><\/strong><\/li>\n<\/ul>\n<p>&nbsp;<\/p>\n<div id=\"attachment_392362\" style=\"width: 470px\" class=\"wp-caption aligncenter\"><a href=\"https:\/\/www.diarioimagen.net\/?attachment_id=392362\" rel=\"attachment wp-att-392362\"><img loading=\"lazy\" decoding=\"async\" aria-describedby=\"caption-attachment-392362\" class=\"size-large wp-image-392362\" src=\"https:\/\/www.diarioimagen.net\/wp-content\/uploads\/2018\/08\/HUIXQUILUCAN-3443-460x259.jpg\" alt=\"\" width=\"460\" height=\"259\" srcset=\"https:\/\/www.diarioimagen.net\/wp-content\/uploads\/2018\/08\/HUIXQUILUCAN-3443-460x259.jpg 460w, https:\/\/www.diarioimagen.net\/wp-content\/uploads\/2018\/08\/HUIXQUILUCAN-3443-240x135.jpg 240w, https:\/\/www.diarioimagen.net\/wp-content\/uploads\/2018\/08\/HUIXQUILUCAN-3443-235x132.jpg 235w, https:\/\/www.diarioimagen.net\/wp-content\/uploads\/2018\/08\/HUIXQUILUCAN-3443-202x114.jpg 202w, https:\/\/www.diarioimagen.net\/wp-content\/uploads\/2018\/08\/HUIXQUILUCAN-3443-350x196.jpg 350w, https:\/\/www.diarioimagen.net\/wp-content\/uploads\/2018\/08\/HUIXQUILUCAN-3443-220x123.jpg 220w, https:\/\/www.diarioimagen.net\/wp-content\/uploads\/2018\/08\/HUIXQUILUCAN-3443-237x132.jpg 237w, https:\/\/www.diarioimagen.net\/wp-content\/uploads\/2018\/08\/HUIXQUILUCAN-3443.jpg 480w\" sizes=\"auto, (max-width: 460px) 100vw, 460px\" \/><\/a><p id=\"caption-attachment-392362\" class=\"wp-caption-text\">Enrique Vargas del Villar inaugur\u00f3 los tanques de agua \u201cLa Vista\u201d, con los que se abastecer\u00e1 a m\u00e1s de 8 mil habitantes de las comunidades de San Crist\u00f3bal y El Mirador.<\/p><\/div>\n<p>&nbsp;<\/p>\n<p><strong>Huixquilucan, Estado de M\u00e9xico<\/strong>.- El presidente municipal, Enrique Vargas del Villar, inaugur\u00f3 los tanques de agua \u201cLa Vista\u201d, con los que se abastecer\u00e1 a m\u00e1s de 8 mil habitantes de las comunidades de San Crist\u00f3bal y El Mirador, instalaciones que desde hace dos d\u00e9cadas estaban abandonadas.<\/p>\n<p>Acompa\u00f1ado por el director del Sistema Aguas de Huixquilucan (SAH), V\u00edctor B\u00e1ez Melo e integrantes del cabildo, el alcalde resalt\u00f3 que durante su administraci\u00f3n, la obra en infraestructura hidr\u00e1ulica se ha triplicado y se seguir\u00e1 trabajando para mejorar la calidad de vida de los habitantes.<\/p>\n<p>\u201cHace m\u00e1s de 20 a\u00f1os que no funcionaban estas instalaciones, y ahora ya tenemos estos tanques con nueva tecnolog\u00eda para atender a los habitantes de San Crist\u00f3bal y El Mirador\u201d, coment\u00f3 Vargas del Villar.<\/p>\n<p>Felicit\u00f3 al personal del organismo de agua por el trabajo realizado en el municipio y en especial en las zonas donde anteriormente se registraban severas\u00a0\u00a0inundaciones, que en la actualidad ya no se presentan problemas graves.<\/p>\n<p>Por su parte,\u00a0\u00a0el director del SAH, V\u00edctor B\u00e1ez Melo, inform\u00f3 que antes se ten\u00eda un tanque fracturado y de baja capacidad y hoy se tienen dos tanques de almacenamiento de acero inoxidable con una capacidad de 400 mil litros, en los que se invirtieron cerca de dos millones de pesos.<\/p>\n<p>Adem\u00e1s, anunci\u00f3 la conclusi\u00f3n del drenaje sanitario y pluvial en la comunidad de Magdalena Chichicaspa y en avenida Jes\u00fas del Monte, respectivamente. Abund\u00f3 que en lo que resta del a\u00f1o, se rehabilitar\u00e1 la planta de tratamiento de El Guarda, los tanques trillizos y el Anc\u00f3n en Jes\u00fas del Monte, adem\u00e1s la construcci\u00f3n del tanque de agua en La Ca\u00f1ada y el drenaje de la calle Fresno, en El Olivo.<\/p>\n<p>V\u00edctor B\u00e1ez enfatiz\u00f3 que durante la presente administraci\u00f3n, se ha tenido un importante crecimiento en infraestructura hidr\u00e1ulica con m\u00e1s pozos, redes de drenaje y abastecimiento, lo que demuestra el compromiso que tiene el Presidente Municipal, Enrique Vargas del Villar, con los huixquiluquenses.<\/p>\n<p>A nombre de los beneficiados, \u00c1ngel Valdez, presidente del Consejo de Participaci\u00f3n Ciudadana de San Crist\u00f3bal, agradeci\u00f3 a las autoridades por esta obra, ya que ahora no sufrir\u00e1n por falta de agua.<\/p>\n","protected":false},"excerpt":{"rendered":"<p>El presidente municipal, Enrique Vargas del Villar, inaugur\u00f3 los tanques de agua \u201cLa Vista\u201d, con los que se abastecer\u00e1 a m\u00e1s de 8 mil habitantes de las comunidades de San Crist\u00f3bal y El Mirador, instalaciones que desde hace dos d\u00e9cadas estaban abandonadas.<\/p>\n","protected":false},"author":3,"featured_media":392362,"comment_status":"open","ping_status":"open","sticky":false,"template":"","format":"standard","meta":{"_monsterinsights_skip_tracking":false,"_monsterinsights_sitenote_active":false,"_monsterinsights_sitenote_note":"","_monsterinsights_sitenote_category":0,"footnotes":""},"categories":[35155],"tags":[43675,77646,1097,18394],"class_list":["post-392271","post","type-post","status-publish","format-standard","has-post-thumbnail","hentry","category-estado-de-mexico-estado-de-mexico","tag-estado-de-mexico","tag-hidraulica","tag-huixquilucan","tag-infraestructura"],"_links":{"self":[{"href":"https:\/\/www.diarioimagen.net\/index.php?rest_route=\/wp\/v2\/posts\/392271","targetHints":{"allow":["GET"]}}],"collection":[{"href":"https:\/\/www.diarioimagen.net\/index.php?rest_route=\/wp\/v2\/posts"}],"about":[{"href":"https:\/\/www.diarioimagen.net\/index.php?rest_route=\/wp\/v2\/types\/post"}],"author":[{"embeddable":true,"href":"https:\/\/www.diarioimagen.net\/index.php?rest_route=\/wp\/v2\/users\/3"}],"replies":[{"embeddable":true,"href":"https:\/\/www.diarioimagen.net\/index.php?rest_route=%2Fwp%2Fv2%2Fcomments&post=392271"}],"version-history":[{"count":0,"href":"https:\/\/www.diarioimagen.net\/index.php?rest_route=\/wp\/v2\/posts\/392271\/revisions"}],"wp:featuredmedia":[{"embeddable":true,"href":"https:\/\/www.diarioimagen.net\/index.php?rest_route=\/wp\/v2\/media\/392362"}],"wp:attachment":[{"href":"https:\/\/www.diarioimagen.net\/index.php?rest_route=%2Fwp%2Fv2%2Fmedia&parent=392271"}],"wp:term":[{"taxonomy":"category","embeddable":true,"href":"https:\/\/www.diarioimagen.net\/index.php?rest_route=%2Fwp%2Fv2%2Fcategories&post=392271"},{"taxonomy":"post_tag","embeddable":true,"href":"https:\/\/www.diarioimagen.net\/index.php?rest_route=%2Fwp%2Fv2%2Ftags&post=392271"}],"curies":[{"name":"wp","href":"https:\/\/api.w.org\/{rel}","templated":true}]}}