{"id":392312,"date":"2018-08-29T00:10:36","date_gmt":"2018-08-29T05:10:36","guid":{"rendered":"https:\/\/www.diarioimagen.net\/?p=392312"},"modified":"2018-08-29T08:01:14","modified_gmt":"2018-08-29T13:01:14","slug":"critico-marko-cortes-afirma-que-fox-calderon-y-anaya-hundieron-al-pan","status":"publish","type":"post","link":"https:\/\/www.diarioimagen.net\/?p=392312","title":{"rendered":"Cr\u00edtico, Marko Cort\u00e9s afirma que Fox, Calder\u00f3n y Anaya hundieron al PAN"},"content":{"rendered":"<h2>Tras la puerta del poder<\/h2>\n<h5>Roberto Vizca\u00edno<\/h5>\n<p>&nbsp;<\/p>\n<div id=\"attachment_392370\" style=\"width: 470px\" class=\"wp-caption aligncenter\"><a href=\"https:\/\/www.diarioimagen.net\/?attachment_id=392370\" rel=\"attachment wp-att-392370\"><img loading=\"lazy\" decoding=\"async\" aria-describedby=\"caption-attachment-392370\" class=\"size-large wp-image-392370\" src=\"https:\/\/www.diarioimagen.net\/wp-content\/uploads\/2018\/08\/mas-LUIS-XAVIER-3443-460x353.jpg\" alt=\"\" width=\"460\" height=\"353\" srcset=\"https:\/\/www.diarioimagen.net\/wp-content\/uploads\/2018\/08\/mas-LUIS-XAVIER-3443-460x353.jpg 460w, https:\/\/www.diarioimagen.net\/wp-content\/uploads\/2018\/08\/mas-LUIS-XAVIER-3443-240x184.jpg 240w, https:\/\/www.diarioimagen.net\/wp-content\/uploads\/2018\/08\/mas-LUIS-XAVIER-3443-768x589.jpg 768w, https:\/\/www.diarioimagen.net\/wp-content\/uploads\/2018\/08\/mas-LUIS-XAVIER-3443.jpg 1200w\" sizes=\"auto, (max-width: 460px) 100vw, 460px\" \/><\/a><p id=\"caption-attachment-392370\" class=\"wp-caption-text\">\u00bfM\u00e1s..? | Luis Xavier<\/p><\/div>\n<p>&nbsp;<\/p>\n<p>En plena campa\u00f1a interna por la presidencia del PAN, el michoacano anayista <strong>Marko Cort\u00e9s<\/strong> no se guarda ya nada y en su an\u00e1lisis advierte que al final <strong>Carlos Castillo Peraza <\/strong>tuvo raz\u00f3n: por ganar el gobierno los panistas perdieron el partido.<\/p>\n<p>\u201cDig\u00e1moslo con claridad: el Partido Acci\u00f3n Nacional, su mejor momento fue en el 2000, donde tuvimos el 42 por ciento de los votos; de 2000 a la fecha, 18 a\u00f1os de ca\u00edda en las votaciones en el PAN\u2026<\/p>\n<p>\u201cEn el 2000, 42 por ciento; en el 2006, 36 por ciento; en el 2012, 25 por ciento; en el 2018, 22 por ciento, es una ca\u00edda permanente en la votaci\u00f3n, porque no se estuvo a la altura de las expectativas de la sociedad.<\/p>\n<p>\u201cEl gobierno que ofreci\u00f3 el cambio (el de Vicente Fox), el gobierno que ofreci\u00f3 la generaci\u00f3n de empleos (el de Calder\u00f3n), no estuvo a la altura de la sociedad y el Partido Acci\u00f3n Nacional debe reconocer que se pudo hacer m\u00e1s y no se hizo.<\/p>\n<p>\u00bfCu\u00e1les eran los cambios Marko?<\/p>\n<p>\u201cBueno, los cambios que en su momento ofreci\u00f3 <strong>Vicente Fox<\/strong> de sacar al PRI de Los Pinos y, efectivamente, lo sacamos, pero nos falt\u00f3 en ese momento, sacar al PRI de todas las estructuras de gobierno, esos son los temas que faltaron. No logramos sacar el quiste de lo que significaba el PRI en todos estos gobiernos, siguieron operando, siguieron fortaleci\u00e9ndose y siguieron, por lo tanto, muchas ma\u00f1as del viejo sistema.<\/p>\n<p>\u201cPor eso, Acci\u00f3n Nacional s\u00ed debe darse una sacudida de muchas de las pr\u00e1cticas que no funcionan, debemos retomar la ideolog\u00eda de la dignidad de la persona, del bien com\u00fan, de la solidaridad, de la subsidiariedad.<\/p>\n<p>\u201cDebemos retomar causas y banderas que hicieron al PAN llegar a la Presidencia de la Rep\u00fablica y debemos estar listos para recibir a millones de mexicanos que en breve estar\u00e1n desencantados por el desempe\u00f1o del gobierno de <strong>Andr\u00e9s Manuel L\u00f3pez Obrador\u201d.<\/strong><\/p>\n<p>\u00bfEl PAN con <strong>Calder\u00f3n<\/strong> y <strong>Fox,<\/strong> se acerc\u00f3 al PRI, lleg\u00f3 Elba Esther y le entregaron una parte del poder?<\/p>\n<p>\u201cYo estoy convencido de que se pudo hacer mucho m\u00e1s y, por eso, es que la sociedad decidi\u00f3 no votar ahora por el proyecto de Acci\u00f3n Nacional porque ya hab\u00eda tenido dos oportunidades, por supuesto, no votar por el proyecto del PRI, porque decepcion\u00f3 a propios y extra\u00f1os y decidi\u00f3 la mayor\u00eda de los mexicanos votar por un proyecto que llevaba 18 a\u00f1os intent\u00e1ndolo.<\/p>\n<p>\u201cPor ello es que nosotros debemos entender la nueva realidad de M\u00e9xico.<\/p>\n<p>\u201cLlega un Presidente con mucha legitimidad, llega un Presidente con mayor\u00eda en las C\u00e1maras, llega un Presidente con mayor\u00eda en 20 Congresos locales, llega un Presidente con anuncios con visos populistas y Acci\u00f3n Nacional como fuerza de oposici\u00f3n tiene que estar preparado, s\u00f3lido, fuerte, para poder\u00a0 contener cambios que le pueden afectar a M\u00e9xico, sus instituciones, la democracia o el equilibrio de poderes; pero tambi\u00e9n tenemos que estar listos para generar una propuesta y oferta\u00a0 que vuelva a enamorar y a convencer a millones de mexicanos, ese es\u00a0 el reto de Acci\u00f3n Nacional y, por eso, busco la Presidencia del Partido\u201d.<\/p>\n<p><strong>Marko Cort\u00e9s<\/strong> hace su autocr\u00edtica y recuento luego de que ayer entreg\u00f3 en San L\u00e1zaro oficinas y activos, propuestas y pendientes al senador y diputado electo <strong>Juan Carlos Romero Hicks, <\/strong>quien ser\u00e1 coordinador de los nuevos diputados federales del PAN.<\/p>\n<p>Considerado como el ariete del anayismo para que el ex candidato presidencial perdedor, <strong>Ricardo Anaya<\/strong> contin\u00fae en el control de Acci\u00f3n Nacional y sus fracciones legislativas, <strong>Cort\u00e9s<\/strong> advierte que s\u00ed, que es amigo de Anaya y que nunca lo va a negar.<\/p>\n<p>Del surgimiento de un bloque de 9 gobernadores panistas que postulan y promueven al senador <strong>H\u00e9ctor Larios<\/strong> y al ex gobernador de Puebla <strong>Rafael Moreno Valle<\/strong> para que ocupen la presidencia y la secretar\u00eda general del PAN, <strong>Marko<\/strong> advierte que ese movimiento le favorece porque los militantes panistas repudian de siempre las imposiciones desde el poder.<\/p>\n<p>\u201cYo te dir\u00eda que a los militantes no les gusta que se d\u00e9 el apoyo desde el poder gubernamental. Es algo que no ha gustado hist\u00f3ricamente en el Partido Acci\u00f3n Nacional, te pongo ejemplos: <strong>Vicente Fox<\/strong> ve\u00eda con muy buenos ojos a <strong>Santiago Creel; Felipe Calder\u00f3n <\/strong>ve\u00eda con excelentes ojos a <strong>Ernesto Cordero<\/strong> y as\u00ed tenemos m\u00faltiples ejemplos en muchos lugares del pa\u00eds.<\/p>\n<p>\u201cEn el partido somos oposici\u00f3n, rebeldes por naturaleza, nos formamos en la oposici\u00f3n y creemos en esos ideales y hoy M\u00e9xico, m\u00e1s que nunca, obliga a que tengamos un Partido Acci\u00f3n Nacional que\u00a0 entienda la sana distancia que debe\u00a0 haber entre el partido\u00a0 y el gobierno, para ser\u00a0 una\u00a0 verdadera oposici\u00f3n que le sirva a M\u00e9xico, que tienda puentes, que dialogue, que construya, pero que no se desdibuje como oposici\u00f3n.<\/p>\n<p>\u201cPor eso debe haber una sana distancia, entre el partido y el propio gobierno, para poder ser una fuerte oposici\u00f3n y debe haber tambi\u00e9n\u00a0 todo el di\u00e1logo y todo el apoyo\u00a0 a nuestros gobiernos\u00a0 para que puedan hacer su funci\u00f3n\u00a0 y puedan cumplir la expectativa de los ciudadanos\u201d.<\/p>\n<p>Por lo dem\u00e1s afirma que quien salga electo presidente del PAN lo har\u00e1 con los votos de los 280 mil militantes inscritos en el padr\u00f3n panista y no con los apoyos de los gobernadores.<\/p>\n<p>\u201cYo s\u00f3lo estoy en espera de que se emita la convocatoria para iniciar en el proceso de recaudar las firmas, de buscar los apoyos de los militantes.<\/p>\n<p>\u201cSe necesita al menos el diez por ciento del padr\u00f3n. Unas 28 mil. Yo estoy seguro que tendremos mucho m\u00e1s de ese porcentaje y estamos listos, puestos, preparados, para ir a dirigir al Partido Acci\u00f3n Nacional en una l\u00f3gica de buscar el reencuentro, de buscar el c\u00f3mo sumamos, c\u00f3mo nos integramos, c\u00f3mo nos hacemos todos necesarios en un PAN que deben caber todos.<\/p>\n<p>\u201cLo digo con total convicci\u00f3n: el Partido Acci\u00f3n Nacional debe estar a la altura de las nuevas circunstancias de M\u00e9xico, un M\u00e9xico que ya cambi\u00f3, que tiene hegemon\u00eda el gobierno federal en ambas c\u00e1maras, un M\u00e9xico que tiene visos autoritarios y que Acci\u00f3n Nacional debe convertirse en la alternativa de seria oposici\u00f3n, de congruente oposici\u00f3n y tambi\u00e9n, de ser ese contrapeso de poder que se requiere en M\u00e9xico.<\/p>\n<p>\u201c\u2026 la contienda a\u00fan no inicia. Lo que yo les puedo decir es que traemos bastante respaldo de los militantes en todo M\u00e9xico y de que no tengo duda de que vamos a ganar la dirigencia nacional del Partido, y que ganando la dirigencia nacional del partido yo har\u00e9 todos los esfuerzos para buscar que tengamos un solo PAN. Una visi\u00f3n consensuada con nuestros gobiernos, con nuestros municipios, con nuestros diputados, con nuestros senadores y con nuestras estructuras dentro del Partido Acci\u00f3n Nacional.<\/p>\n<p>\u201cEl reto hoy es unificar al PAN y nosotros en Acci\u00f3n Nacional estamos listos para ir a una contienda. Yo conf\u00edo que \u00e9sta sea de altura, que sea una contienda de propuestas, de soluci\u00f3n de los retos que tenemos y de esa manera, que los panistas voten y de forma contundente decidan por un candidato.<\/p>\n<p>\u201cSon 18 a\u00f1os en los que el Partido Acci\u00f3n Nacional ha venido cayendo en su votaci\u00f3n presidencial.<\/p>\n<p>\u201cEs necesario que se corrijan muchos temas del partido, de nuestra democracia interna, de la afiliaci\u00f3n, de la forma de inclusi\u00f3n de las minor\u00edas.<\/p>\n<p>\u201cEs necesario que en el Partido Acci\u00f3n Nacional se reconozca que se esperaba m\u00e1s de nuestro nuestros gobiernos y que por eso tambi\u00e9n la sociedad decidi\u00f3 votar por otras opciones.<\/p>\n<p>\u201cNadie puede negar que desde el 2000 a la fecha, en Acci\u00f3n Nacional hemos vivido una ca\u00edda, elecci\u00f3n presidencial tras elecci\u00f3n presidencial y esto nos obliga a corregir y a que todos asumamos nuestra responsabilidad.<\/p>\n<p>\u201cNuestra responsabilidad con base en las tareas que ten\u00edamos y por ello, es que tom\u00e9 la decisi\u00f3n de ir a la dirigencia del Partido Acci\u00f3n Nacional porque conozco al PAN en sus entra\u00f1as, desde la formaci\u00f3n juvenil hasta el Comit\u00e9 Ejecutivo Nacional, en los consejos estatales y el Consejo Nacional\u201d.<\/p>\n<p>En fin, un aspirante decidido a ganar.<\/p>\n<p><em><a href=\"mailto:rvizcainoa@gmail.com\" target=\"_blank\" rel=\"noopener\">rvizcainoa@gmail.com<\/a><\/em><br \/>\n<em><a href=\"http:\/\/www.endirecto.com.mx\/\" target=\"_blank\" rel=\"noopener\">www.endirecto.com.mx<\/a><\/em><br \/>\n<em><a href=\"https:\/\/twitter.com\/_rvizcaino\" target=\"_blank\" rel=\"noopener\">@_RVizcaino<\/a><\/em><br \/>\n<a href=\"https:\/\/www.facebook.com\/rvizcainoa\" target=\"_blank\" rel=\"noopener\">f<em>acebook.com\/rvizcainoa<\/em><\/a><\/p>\n","protected":false},"excerpt":{"rendered":"<p><span style=\"color: #005497;\"><strong>Roberto Vizca\u00edno<\/strong><\/span><br \/>\n<br \/>\nEn plena campa\u00f1a interna por la presidencia del PAN, el michoacano anayista <strong>Marko Cort\u00e9s<\/strong> no se guarda ya nada y en su an\u00e1lisis advierte que al final <strong>Carlos Castillo Peraza <\/strong>tuvo raz\u00f3n: por ganar el gobierno los panistas perdieron el partido.<\/p>\n","protected":false},"author":3,"featured_media":392370,"comment_status":"open","ping_status":"open","sticky":false,"template":"","format":"standard","meta":{"_monsterinsights_skip_tracking":false,"_monsterinsights_sitenote_active":false,"_monsterinsights_sitenote_note":"","_monsterinsights_sitenote_category":0,"footnotes":""},"categories":[136],"tags":[43674,93,94],"class_list":["post-392312","post","type-post","status-publish","format-standard","has-post-thumbnail","hentry","category-roberto-vizcaino-opinion","tag-opinion","tag-roberto-vizcaino","tag-tras-la-puerta-del-poder"],"_links":{"self":[{"href":"https:\/\/www.diarioimagen.net\/index.php?rest_route=\/wp\/v2\/posts\/392312","targetHints":{"allow":["GET"]}}],"collection":[{"href":"https:\/\/www.diarioimagen.net\/index.php?rest_route=\/wp\/v2\/posts"}],"about":[{"href":"https:\/\/www.diarioimagen.net\/index.php?rest_route=\/wp\/v2\/types\/post"}],"author":[{"embeddable":true,"href":"https:\/\/www.diarioimagen.net\/index.php?rest_route=\/wp\/v2\/users\/3"}],"replies":[{"embeddable":true,"href":"https:\/\/www.diarioimagen.net\/index.php?rest_route=%2Fwp%2Fv2%2Fcomments&post=392312"}],"version-history":[{"count":0,"href":"https:\/\/www.diarioimagen.net\/index.php?rest_route=\/wp\/v2\/posts\/392312\/revisions"}],"wp:featuredmedia":[{"embeddable":true,"href":"https:\/\/www.diarioimagen.net\/index.php?rest_route=\/wp\/v2\/media\/392370"}],"wp:attachment":[{"href":"https:\/\/www.diarioimagen.net\/index.php?rest_route=%2Fwp%2Fv2%2Fmedia&parent=392312"}],"wp:term":[{"taxonomy":"category","embeddable":true,"href":"https:\/\/www.diarioimagen.net\/index.php?rest_route=%2Fwp%2Fv2%2Fcategories&post=392312"},{"taxonomy":"post_tag","embeddable":true,"href":"https:\/\/www.diarioimagen.net\/index.php?rest_route=%2Fwp%2Fv2%2Ftags&post=392312"}],"curies":[{"name":"wp","href":"https:\/\/api.w.org\/{rel}","templated":true}]}}