{"id":392315,"date":"2018-08-29T00:08:32","date_gmt":"2018-08-29T05:08:32","guid":{"rendered":"https:\/\/www.diarioimagen.net\/?p=392315"},"modified":"2018-08-29T08:02:30","modified_gmt":"2018-08-29T13:02:30","slug":"enfrentan-a-ricardo-anaya","status":"publish","type":"post","link":"https:\/\/www.diarioimagen.net\/?p=392315","title":{"rendered":"Enfrentan a Ricardo Anaya"},"content":{"rendered":"<h2>Punto por punto<\/h2>\n<h5>Augusto Corro<\/h5>\n<p>&nbsp;<\/p>\n<div id=\"attachment_392376\" style=\"width: 470px\" class=\"wp-caption aligncenter\"><a href=\"https:\/\/www.diarioimagen.net\/?attachment_id=392376\" rel=\"attachment wp-att-392376\"><img loading=\"lazy\" decoding=\"async\" aria-describedby=\"caption-attachment-392376\" class=\"size-large wp-image-392376\" src=\"https:\/\/www.diarioimagen.net\/wp-content\/uploads\/2018\/08\/MEXICO-jose-luis-3443-460x384.jpg\" alt=\"\" width=\"460\" height=\"384\" srcset=\"https:\/\/www.diarioimagen.net\/wp-content\/uploads\/2018\/08\/MEXICO-jose-luis-3443-460x384.jpg 460w, https:\/\/www.diarioimagen.net\/wp-content\/uploads\/2018\/08\/MEXICO-jose-luis-3443-240x200.jpg 240w, https:\/\/www.diarioimagen.net\/wp-content\/uploads\/2018\/08\/MEXICO-jose-luis-3443-768x641.jpg 768w, https:\/\/www.diarioimagen.net\/wp-content\/uploads\/2018\/08\/MEXICO-jose-luis-3443.jpg 1200w\" sizes=\"auto, (max-width: 460px) 100vw, 460px\" \/><\/a><p id=\"caption-attachment-392376\" class=\"wp-caption-text\">\u00a1M\u00e9xico, M\u00e9xico, M\u00e9xico..! | Jos\u00e9 Luis<\/p><\/div>\n<p>&nbsp;<\/p>\n<p>El ex candidato presidencial panista, Ricardo Anaya, ya tiene una oposici\u00f3n fuerte en su partido encabezada por el senador H\u00e9ctor Larios y el ex gobernador poblano, Rafael Moreno Valle.<\/p>\n<p>Se contempla, pues, una lucha intensa en el interior del Partido Acci\u00f3n Nacional (PAN) que terminar\u00e1, no lo dude usted, con un divisionismo may\u00fasculo.<\/p>\n<p>A pesar de la derrota estrepitosa en las elecciones presidenciales, el joven maravilla Ricardo Anaya a\u00fan cuenta con el apoyo de algunos jerarcas blanquiazules, qui\u00e9nes no le exigieron cuentas de su aventura electoral.<\/p>\n<p>Entre otros, el actual l\u00edder del PAN, Dami\u00e1n Zepeda, es uno de sus incondicionales.<\/p>\n<p>Ante esa situaci\u00f3n de borr\u00f3n y cuenta nueva, el ex abanderado blanquiazul tiene m\u00e1s de dos meses para posicionar a su sucesor en la presidencia de Acci\u00f3n Nacional. Las elecciones para renovar la dirigencia se efectuar\u00e1n en octubre.<\/p>\n<p>El senador H\u00e9ctor Larios y el ex gobernador Moreno Valle no perdieron el tiempo y en el cabildeo a su favor ya lograron el respaldo de nueve de los doce gobernadores, para ganar el liderazgo panista.<\/p>\n<p>Los mandatarios antianayistas son: Antonio Echavarr\u00eda, de Nayarit; Carlos Joaqu\u00edn Gonz\u00e1lez, de Quintana Roo; Carlos Mendoza Davis, de Baja California Sur; Francisco Garc\u00eda Cabeza de Vaca, de Tamaulipas; Francisco Dom\u00ednguez, de Quer\u00e9taro; Jos\u00e9 Rosas Aispuro, de Durango; Mart\u00edn Orozco, de Aguascalientes; Antonio Gali, de Puebla; y el gobernador electo de Yucat\u00e1n, Mauricio Vila.<\/p>\n<p>Se esperan d\u00edas de intensa pugna partidista para evitar la continuidad del grupo de Ricardo Anaya en el PAN.<\/p>\n<p style=\"text-align: center;\"><strong>Coordinador parlamentario<\/strong><\/p>\n<p>Los diputados morenistas eligieron al todav\u00eda senador Mario Delgado Carrillo como coordinador parlamentario.<\/p>\n<p>El diputado Delgado Carrillo obtuvo 175 votos; Alfonso Ram\u00edrez Cu\u00e9llar y la senadora Dolores Padierna, 26 sufragios cada uno, mientras que Pablo G\u00f3mez sum\u00f3 cinco a su favor. El partido Movimiento de Regeneraci\u00f3n Nacional (Morena) ser\u00e1 mayor\u00eda en la C\u00e1mara de Diputados, decidi\u00f3 que el legislador Porfirio Mu\u00f1oz Ledo sea el presidente de la Mesa Directiva, durante un a\u00f1o. En esa condici\u00f3n, Porfirio Mu\u00f1oz Ledo ser\u00e1 quien tome protesta y ponga la banda presidencial al presidente electo, Andr\u00e9s Manuel L\u00f3pez Obrador, el 1 de diciembre.<\/p>\n<p>En el caso de Delgado Carrillo, este diputado es una persona cercana a Marcelo Ebrard, pr\u00f3ximo secretario de Relaciones Exteriores, que estuvo a punto de contender por el gobierno capitalino en el sexenio pasado.<\/p>\n<p>Las condiciones pol\u00edticas le resultaron adversas y no avanz\u00f3 en su proyecto pol\u00edtico. El ganador fue Miguel Angel Mancera, quien tuvo la confianza y el apoyo de Ebrard, para despu\u00e9s traicionarlo.<\/p>\n<p>El ex mandatario capitalino ocupar\u00e1 un esca\u00f1o en la C\u00e1mara de Senadores gracias a una gesti\u00f3n en la que intervino el Partido Acci\u00f3n Nacional (PAN). Cabe se\u00f1alar que Mancera no se registr\u00f3 como militante de alg\u00fan partido pol\u00edtico.<\/p>\n<p style=\"text-align: center;\"><strong>Pacto Bilateral<\/strong><\/p>\n<p>M\u00e9xico y Estados Unidos llegaron a un acuerdo bilateral preliminar como parte de la renegociaci\u00f3n del Tratado de Libre Comercio de Am\u00e9rica del Norte (TLCAN). Fue bilateral porque no incluyeron a Canad\u00e1, como s\u00ed ocurri\u00f3 en el tratado anterior.<\/p>\n<p>Bueno, ahora falta saber cu\u00e1ndo hay que echar las campanas al vuelo. Sin duda se trata de un nuevo pacto comercial muy importante, que hubo momentos en que se pens\u00f3 en su cancelaci\u00f3n o desaparici\u00f3n.<\/p>\n<p>Claro no todos los convenios son favorables cuando participa en ellos el presidente de Estados Unidos, Donald Trump, un mandatario acostumbrado a ganar en los negocios.<\/p>\n<p>Ahora, con m\u00e1s tiempo se debe analizar cu\u00e1les son los beneficios que obtendr\u00e1 M\u00e9xico como consecuencia del nuevo convenio, que seg\u00fan el propio Trump podr\u00eda llamarse \u201cel Acuerdo Comercial Estados Unidos-M\u00e9xico\u201d.<\/p>\n<p>Entre los puntos importantes del pacto se encuentran los siguientes:<\/p>\n<p>La representaci\u00f3n mexicana evit\u00f3 la cl\u00e1usula sunset, propuesta estadounidense que buscaba terminar el acuerdo al quinto a\u00f1o de vigencia. En su lugar se acord\u00f3 que el citado convenio dure 16 a\u00f1os, aunque con una revisi\u00f3n a partir del sexto a\u00f1o.<\/p>\n<p>En el pacto se estableci\u00f3 que 75% de los veh\u00edculos deben manufacturarse en Estados Unidos y en M\u00e9xico; pero entre 40% y 45% del contenido de las unidades debe hacer en lugares donde los trabajadores ganen 16 d\u00f3lares por hora.<\/p>\n<p>En fin, vamos a esperar los resultados del acuerdo. \u00bfNo qued\u00f3 nada pendiente? Ya tendremos la respuesta.<\/p>\n<p><em><a href=\"mailto:aco2742@hotmail.com\" target=\"_blank\" rel=\"noopener\">aco2742@hotmail.com<\/a><\/em><\/p>\n","protected":false},"excerpt":{"rendered":"<p><span style=\"color: #005497;\"><strong>Augusto Corro<\/strong><\/span><br \/>\n<br \/>\nEl ex candidato presidencial panista, Ricardo Anaya, ya tiene una oposici\u00f3n fuerte en su partido encabezada por el senador H\u00e9ctor Larios y el ex gobernador poblano, Rafael Moreno Valle.<\/p>\n","protected":false},"author":3,"featured_media":392376,"comment_status":"open","ping_status":"open","sticky":false,"template":"","format":"standard","meta":{"_monsterinsights_skip_tracking":false,"_monsterinsights_sitenote_active":false,"_monsterinsights_sitenote_note":"","_monsterinsights_sitenote_category":0,"footnotes":""},"categories":[157],"tags":[43686,43674,11515],"class_list":["post-392315","post","type-post","status-publish","format-standard","has-post-thumbnail","hentry","category-augusto-corro","tag-augusto-corro","tag-opinion","tag-punto-por-punto"],"_links":{"self":[{"href":"https:\/\/www.diarioimagen.net\/index.php?rest_route=\/wp\/v2\/posts\/392315","targetHints":{"allow":["GET"]}}],"collection":[{"href":"https:\/\/www.diarioimagen.net\/index.php?rest_route=\/wp\/v2\/posts"}],"about":[{"href":"https:\/\/www.diarioimagen.net\/index.php?rest_route=\/wp\/v2\/types\/post"}],"author":[{"embeddable":true,"href":"https:\/\/www.diarioimagen.net\/index.php?rest_route=\/wp\/v2\/users\/3"}],"replies":[{"embeddable":true,"href":"https:\/\/www.diarioimagen.net\/index.php?rest_route=%2Fwp%2Fv2%2Fcomments&post=392315"}],"version-history":[{"count":0,"href":"https:\/\/www.diarioimagen.net\/index.php?rest_route=\/wp\/v2\/posts\/392315\/revisions"}],"wp:featuredmedia":[{"embeddable":true,"href":"https:\/\/www.diarioimagen.net\/index.php?rest_route=\/wp\/v2\/media\/392376"}],"wp:attachment":[{"href":"https:\/\/www.diarioimagen.net\/index.php?rest_route=%2Fwp%2Fv2%2Fmedia&parent=392315"}],"wp:term":[{"taxonomy":"category","embeddable":true,"href":"https:\/\/www.diarioimagen.net\/index.php?rest_route=%2Fwp%2Fv2%2Fcategories&post=392315"},{"taxonomy":"post_tag","embeddable":true,"href":"https:\/\/www.diarioimagen.net\/index.php?rest_route=%2Fwp%2Fv2%2Ftags&post=392315"}],"curies":[{"name":"wp","href":"https:\/\/api.w.org\/{rel}","templated":true}]}}