{"id":392382,"date":"2018-08-30T00:08:14","date_gmt":"2018-08-30T05:08:14","guid":{"rendered":"https:\/\/www.diarioimagen.net\/?p=392382"},"modified":"2018-08-31T02:20:16","modified_gmt":"2018-08-31T07:20:16","slug":"lopez-obrador-ofrece-unidad-y-cooperacion-a-paises-de-america-latina","status":"publish","type":"post","link":"https:\/\/www.diarioimagen.net\/?p=392382","title":{"rendered":"AMLO ofrece cooperaci\u00f3n a pa\u00edses de Am\u00e9rica Latina"},"content":{"rendered":"<ul>\n<li><em><strong>Reuni\u00f3n con embajadores<\/strong><\/em><\/li>\n<li><em><strong>Le piden \u201cmigraci\u00f3n ordenada con responsabilidad\u201d compartida\u201d<\/strong><\/em><\/li>\n<\/ul>\n<p>&nbsp;<\/p>\n<div id=\"attachment_392383\" style=\"width: 470px\" class=\"wp-caption aligncenter\"><img loading=\"lazy\" decoding=\"async\" aria-describedby=\"caption-attachment-392383\" class=\"wp-image-392383 size-large\" src=\"https:\/\/www.diarioimagen.net\/wp-content\/uploads\/2018\/08\/AMLO30-portal-460x268.jpg\" alt=\"\" width=\"460\" height=\"268\" srcset=\"https:\/\/www.diarioimagen.net\/wp-content\/uploads\/2018\/08\/AMLO30-portal-460x268.jpg 460w, https:\/\/www.diarioimagen.net\/wp-content\/uploads\/2018\/08\/AMLO30-portal-240x140.jpg 240w, https:\/\/www.diarioimagen.net\/wp-content\/uploads\/2018\/08\/AMLO30-portal.jpg 480w\" sizes=\"auto, (max-width: 460px) 100vw, 460px\" \/><p id=\"caption-attachment-392383\" class=\"wp-caption-text\">Andr\u00e9s Manuel L\u00f3pez Obrador se reuni\u00f3 con embajadores de Am\u00e9rica Latina y el Caribe.<\/p><\/div>\n<p>&nbsp;<\/p>\n<p>El Presidente electo de M\u00e9xico, Andr\u00e9s Manuel L\u00f3pez Obrador, asegur\u00f3 que su gobierno siempre buscar\u00e1 la unidad y la cooperaci\u00f3n con los pa\u00edses de Am\u00e9rica Latina y el Caribe, con una pol\u00edtica exterior basada en la soluci\u00f3n pac\u00edfica de las controversias y autodeterminaci\u00f3n de los pueblos.<\/p>\n<p>Tras reunirse con los representantes diplom\u00e1ticos de la regi\u00f3n, encabezados por el embajador decano de la Rep\u00fablica de Hait\u00ed, Marie Joseph Guy, L\u00f3pez Obrador asegur\u00f3 que se trat\u00f3 de un encuentro fraterno. A trav\u00e9s de su cuenta @lopezobrador_ de Twitter, el presidente electo dio a conocer un video donde acompa\u00f1ado de los embajadores afirm\u00f3 que \u201cnosotros siempre vamos a buscar la unidad, la cooperaci\u00f3n con los pa\u00edses de Am\u00e9rica Latina y del Caribe\u201d mediante una pol\u00edtica exterior guiada por el principio de no intervenci\u00f3n.<\/p>\n<p style=\"text-align: center;\"><strong>Le solicitan migraci\u00f3n ordenada<\/strong><\/p>\n<p>Los pa\u00edses de Am\u00e9rica Latina solicitaron al presidente electo, Andr\u00e9s Manuel L\u00f3pez Obrador, m\u00e1s inversiones y una \u201cmigraci\u00f3n ordenada con responsabilidad compartida\u201d.<\/p>\n<p>\u201cMigraci\u00f3n es un tema importante para todos los pa\u00edses, incluyendo el m\u00edo, y tambi\u00e9n para M\u00e9xico porque es importador y exportador de migrantes y una tierra de cruce. Con esos tres par\u00e1metros M\u00e9xico ha hecho mucho trabajo\u201d, dijo el embajador de Hait\u00ed, Guy Lamothe, a nombre de los representantes de Am\u00e9rica Latina.<\/p>\n<p>Tras la reuni\u00f3n, Guy Lamothe dijo que \u201cM\u00e9xico est\u00e1 abierto y tenemos que cooperar para que tengamos y podamos construir nuestra Am\u00e9rica\u201d. \u201cHemos visto en Andr\u00e9s Manuel L\u00f3pez Obrador un \u00e1nimo, una voluntad de acercarse al sur, al Caribe, para que M\u00e9xico sea m\u00e1s global y durante su administraci\u00f3n M\u00e9xico sea un faro de acercamiento\u201d,\u00a0 Guy Lamothe, que calific\u00f3 el encuentro como una \u201creuni\u00f3n de familia\u201d, dijo que fueron invitados a la toma de posesi\u00f3n de Andr\u00e9s Manuel L\u00f3pez Obrador.<\/p>\n","protected":false},"excerpt":{"rendered":"<p>El Presidente electo de M\u00e9xico, Andr\u00e9s Manuel L\u00f3pez Obrador, asegur\u00f3 que su gobierno siempre buscar\u00e1 la unidad y la cooperaci\u00f3n con los pa\u00edses de Am\u00e9rica Latina y el Caribe, con una pol\u00edtica exterior basada en la soluci\u00f3n pac\u00edfica de las controversias y autodeterminaci\u00f3n de los pueblos.<\/p>\n","protected":false},"author":5,"featured_media":392383,"comment_status":"open","ping_status":"open","sticky":false,"template":"","format":"standard","meta":{"_monsterinsights_skip_tracking":false,"_monsterinsights_sitenote_active":false,"_monsterinsights_sitenote_note":"","_monsterinsights_sitenote_category":0,"footnotes":""},"categories":[3],"tags":[77689,63,2545,22371,77651],"class_list":["post-392382","post","type-post","status-publish","format-standard","has-post-thumbnail","hentry","category-nacional","tag-americ-latina","tag-america-latina","tag-amlo","tag-reunion","tag-reunion-con-embajadores"],"_links":{"self":[{"href":"https:\/\/www.diarioimagen.net\/index.php?rest_route=\/wp\/v2\/posts\/392382","targetHints":{"allow":["GET"]}}],"collection":[{"href":"https:\/\/www.diarioimagen.net\/index.php?rest_route=\/wp\/v2\/posts"}],"about":[{"href":"https:\/\/www.diarioimagen.net\/index.php?rest_route=\/wp\/v2\/types\/post"}],"author":[{"embeddable":true,"href":"https:\/\/www.diarioimagen.net\/index.php?rest_route=\/wp\/v2\/users\/5"}],"replies":[{"embeddable":true,"href":"https:\/\/www.diarioimagen.net\/index.php?rest_route=%2Fwp%2Fv2%2Fcomments&post=392382"}],"version-history":[{"count":0,"href":"https:\/\/www.diarioimagen.net\/index.php?rest_route=\/wp\/v2\/posts\/392382\/revisions"}],"wp:featuredmedia":[{"embeddable":true,"href":"https:\/\/www.diarioimagen.net\/index.php?rest_route=\/wp\/v2\/media\/392383"}],"wp:attachment":[{"href":"https:\/\/www.diarioimagen.net\/index.php?rest_route=%2Fwp%2Fv2%2Fmedia&parent=392382"}],"wp:term":[{"taxonomy":"category","embeddable":true,"href":"https:\/\/www.diarioimagen.net\/index.php?rest_route=%2Fwp%2Fv2%2Fcategories&post=392382"},{"taxonomy":"post_tag","embeddable":true,"href":"https:\/\/www.diarioimagen.net\/index.php?rest_route=%2Fwp%2Fv2%2Ftags&post=392382"}],"curies":[{"name":"wp","href":"https:\/\/api.w.org\/{rel}","templated":true}]}}