{"id":392413,"date":"2018-08-30T00:06:28","date_gmt":"2018-08-30T05:06:28","guid":{"rendered":"https:\/\/www.diarioimagen.net\/?p=392413"},"modified":"2018-08-30T02:04:23","modified_gmt":"2018-08-30T07:04:23","slug":"el-latin-grammy-otorgara-a-yuri-y-napoleon-el-premio-a-la-excelencia-musical","status":"publish","type":"post","link":"https:\/\/www.diarioimagen.net\/?p=392413","title":{"rendered":"El Latin Grammy otorgar\u00e1 a Yuri y Napole\u00f3n el Premio a la Excelencia Musical"},"content":{"rendered":"<ul>\n<li><em><strong><sub>Horacio Malvicino y Tom\u00e1s Mu\u00f1oz recibir\u00e1n el Premio del Consejo Directivo<\/sub><\/strong><\/em><\/li>\n<\/ul>\n<p>&nbsp;<\/p>\n<div id=\"attachment_392414\" style=\"width: 470px\" class=\"wp-caption aligncenter\"><img loading=\"lazy\" decoding=\"async\" aria-describedby=\"caption-attachment-392414\" class=\"size-large wp-image-392414\" src=\"https:\/\/www.diarioimagen.net\/wp-content\/uploads\/2018\/08\/DOS-PORTAL-1-460x268.jpg\" alt=\"\" width=\"460\" height=\"268\" srcset=\"https:\/\/www.diarioimagen.net\/wp-content\/uploads\/2018\/08\/DOS-PORTAL-1-460x268.jpg 460w, https:\/\/www.diarioimagen.net\/wp-content\/uploads\/2018\/08\/DOS-PORTAL-1-240x140.jpg 240w, https:\/\/www.diarioimagen.net\/wp-content\/uploads\/2018\/08\/DOS-PORTAL-1.jpg 480w\" sizes=\"auto, (max-width: 460px) 100vw, 460px\" \/><p id=\"caption-attachment-392414\" class=\"wp-caption-text\">El Premio a la Excelencia Musical se entrega a los artistas que han hecho contribuciones sin precedentes de extraordinaria importancia art\u00edstica a la m\u00fasica latina y en esta ocasi\u00f3n les corresponde a los famosos cantantes, Yuri y Napole\u00f3n.<\/p><\/div>\n<p>&nbsp;<\/p>\n<p>La Academia Latina de la Grabaci\u00f3n anunci\u00f3 que Erasmo Carlos, Dyango, Andy Monta\u00f1ez, Jos\u00e9 Mar\u00eda Napole\u00f3n, Chucho Vald\u00e9s, Wilfrido Vargas y Yuri recibir\u00e1n este a\u00f1o el Premio a la Excelencia Musical. Igualmente, Horacio Malvicino y Tom\u00e1s Mu\u00f1oz recibir\u00e1n el Premio del Consejo Directivo. Los homenajeados ser\u00e1n reconocidos en una ceremonia privada el 13 de noviembre en el Four Seasons Hotel de Las Vegas, como parte de la semana del Latin Grammy.<\/p>\n<p>\u201cNos enorgullece rendir homenaje a este extraordinario grupo de talentosos artistas y profesionales de la m\u00fasica con los Premios a la Excelencia Musical y los Premios del Consejo Directivo de este a\u00f1o\u201d, dijo Gabriel Abaroa Jr., presidente\/CEO de La Academia Latina de la Grabaci\u00f3n. \u201cEl grupo al que estamos reconociendo en este 2018, ha realizado contribuciones excepcionales, beneficiando a la m\u00fasica de Iberoam\u00e9rica, brindando innovaci\u00f3n, y una singular visi\u00f3n en pro de los amantes de la m\u00fasica\u201d.<\/p>\n<p>El Premio a la Excelencia Musical se entrega a los artistas que han hecho contribuciones sin precedentes de extraordinaria importancia art\u00edstica a la m\u00fasica latina.<\/p>\n<p>El Premio del Consejo Directivo se otorga tras una votaci\u00f3n del Consejo Directivo de La Academia Latina de la Grabaci\u00f3n en la que se selecciona a las personas que, a\u00fan sin ser int\u00e9rpretes musicales, han contribuido significativamente a la m\u00fasica durante sus carreras.<\/p>\n","protected":false},"excerpt":{"rendered":"<p>La Academia Latina de la Grabaci\u00f3n anunci\u00f3 que Erasmo Carlos, Dyango, Andy Monta\u00f1ez, Jos\u00e9 Mar\u00eda Napole\u00f3n, Chucho Vald\u00e9s, Wilfrido Vargas y Yuri recibir\u00e1n este a\u00f1o el Premio a la Excelencia Musical. Igualmente, Horacio Malvicino y Tom\u00e1s Mu\u00f1oz recibir\u00e1n el Premio del Consejo Directivo. <\/p>\n","protected":false},"author":5,"featured_media":392414,"comment_status":"open","ping_status":"open","sticky":false,"template":"","format":"standard","meta":{"_monsterinsights_skip_tracking":false,"_monsterinsights_sitenote_active":false,"_monsterinsights_sitenote_note":"","_monsterinsights_sitenote_category":0,"footnotes":""},"categories":[12],"tags":[77680,68760,77678,43682,77676,64460,68914,77675,77677,77681,77674],"class_list":["post-392413","post","type-post","status-publish","format-standard","has-post-thumbnail","hentry","category-espectaculos","tag-chucho-valdes","tag-dyango","tag-erasmo-carlos","tag-espectaculos","tag-horacio-malvicino","tag-jose-maria-napoleon","tag-latin-grammy","tag-premio-a-la-excelencia-musical","tag-tomas-munoz","tag-wilfrido-vargas","tag-yuri-y-napoleon"],"_links":{"self":[{"href":"https:\/\/www.diarioimagen.net\/index.php?rest_route=\/wp\/v2\/posts\/392413","targetHints":{"allow":["GET"]}}],"collection":[{"href":"https:\/\/www.diarioimagen.net\/index.php?rest_route=\/wp\/v2\/posts"}],"about":[{"href":"https:\/\/www.diarioimagen.net\/index.php?rest_route=\/wp\/v2\/types\/post"}],"author":[{"embeddable":true,"href":"https:\/\/www.diarioimagen.net\/index.php?rest_route=\/wp\/v2\/users\/5"}],"replies":[{"embeddable":true,"href":"https:\/\/www.diarioimagen.net\/index.php?rest_route=%2Fwp%2Fv2%2Fcomments&post=392413"}],"version-history":[{"count":0,"href":"https:\/\/www.diarioimagen.net\/index.php?rest_route=\/wp\/v2\/posts\/392413\/revisions"}],"wp:featuredmedia":[{"embeddable":true,"href":"https:\/\/www.diarioimagen.net\/index.php?rest_route=\/wp\/v2\/media\/392414"}],"wp:attachment":[{"href":"https:\/\/www.diarioimagen.net\/index.php?rest_route=%2Fwp%2Fv2%2Fmedia&parent=392413"}],"wp:term":[{"taxonomy":"category","embeddable":true,"href":"https:\/\/www.diarioimagen.net\/index.php?rest_route=%2Fwp%2Fv2%2Fcategories&post=392413"},{"taxonomy":"post_tag","embeddable":true,"href":"https:\/\/www.diarioimagen.net\/index.php?rest_route=%2Fwp%2Fv2%2Ftags&post=392413"}],"curies":[{"name":"wp","href":"https:\/\/api.w.org\/{rel}","templated":true}]}}