{"id":392472,"date":"2018-08-30T00:07:33","date_gmt":"2018-08-30T05:07:33","guid":{"rendered":"https:\/\/www.diarioimagen.net\/?p=392472"},"modified":"2018-08-31T02:20:00","modified_gmt":"2018-08-31T07:20:00","slug":"fallamos-a-los-mexicanos-en-dar-paz-reconoce-epn","status":"publish","type":"post","link":"https:\/\/www.diarioimagen.net\/?p=392472","title":{"rendered":"Fallamos a los mexicanos en dar paz, reconoce EPN"},"content":{"rendered":"<ul>\n<li><em><strong>Mensaje por \u00faltimo Informe de Gobierno<\/strong><\/em><\/li>\n<li><em><strong>\u201cInseguridad,un gran reto para la pr\u00f3xima administraci\u00f3n\u201d<\/strong><\/em><\/li>\n<\/ul>\n<p>&nbsp;<\/p>\n<div id=\"attachment_392579\" style=\"width: 470px\" class=\"wp-caption aligncenter\"><a href=\"https:\/\/www.diarioimagen.net\/?attachment_id=392579\" rel=\"attachment wp-att-392579\"><img loading=\"lazy\" decoding=\"async\" aria-describedby=\"caption-attachment-392579\" class=\"size-large wp-image-392579\" src=\"https:\/\/www.diarioimagen.net\/wp-content\/uploads\/2018\/08\/epn-3444-460x259.jpg\" alt=\"\" width=\"460\" height=\"259\" srcset=\"https:\/\/www.diarioimagen.net\/wp-content\/uploads\/2018\/08\/epn-3444-460x259.jpg 460w, https:\/\/www.diarioimagen.net\/wp-content\/uploads\/2018\/08\/epn-3444-240x135.jpg 240w, https:\/\/www.diarioimagen.net\/wp-content\/uploads\/2018\/08\/epn-3444-235x132.jpg 235w, https:\/\/www.diarioimagen.net\/wp-content\/uploads\/2018\/08\/epn-3444-202x114.jpg 202w, https:\/\/www.diarioimagen.net\/wp-content\/uploads\/2018\/08\/epn-3444-350x196.jpg 350w, https:\/\/www.diarioimagen.net\/wp-content\/uploads\/2018\/08\/epn-3444-220x123.jpg 220w, https:\/\/www.diarioimagen.net\/wp-content\/uploads\/2018\/08\/epn-3444-237x132.jpg 237w, https:\/\/www.diarioimagen.net\/wp-content\/uploads\/2018\/08\/epn-3444.jpg 480w\" sizes=\"auto, (max-width: 460px) 100vw, 460px\" \/><\/a><p id=\"caption-attachment-392579\" class=\"wp-caption-text\">Enrique Pe\u00f1a Nieto reconoci\u00f3 que no se alcanz\u00f3 el objetivo de darle a los mexicanos paz y tranquilidad.<\/p><\/div>\n<p>&nbsp;<\/p>\n<p>El presidente Enrique Pe\u00f1a Nieto reconoci\u00f3 que no se alcanz\u00f3 el objetivo de darle a los mexicanos paz y tranquilidad, un pendiente en el \u00e1mbito de seguridad, que ser\u00e1 un gran reto para la pr\u00f3xima administraci\u00f3n.<\/p>\n<p>\u201cMe quedo con la insatisfacci\u00f3n de aquello que no se logr\u00f3 atender suficientemente y ser\u00e1 un gran reto para la pr\u00f3xima administraci\u00f3n, es en el \u00e1mbito de la seguridad. No hemos alcanzado el objetivo de darle a los mexicanos paz y tranquilidad en cualquier parte de la geograf\u00eda nacional\u201d, dijo en un mensaje con motivo de su \u00faltimo Informe de Gobierno.<\/p>\n<p>Pe\u00f1a Nieto arranc\u00f3 su mensaje\u00a0 recordando el caso de los 43 normalistas de Ayotzinapa desaparecidos y defendi\u00f3 las conclusiones a las que lleg\u00f3 la Procuradur\u00eda General de la Rep\u00fablica (PGR) en su investigaci\u00f3n.<\/p>\n<p>El Presidente de la Rep\u00fablica relata que en su administraci\u00f3n se suscita el evento de Ayotzinapa, con la desaparici\u00f3n de 43 j\u00f3venes, un 26 de septiembre de 2014.<\/p>\n<p>\u201cLa PGR atrajo lo que era un tema del orden local en el estado de Guerrero, para ver qu\u00e9 hab\u00eda ocurrido con los j\u00f3venes que estaban desaparecidos. De ah\u00ed vino una investigaci\u00f3n profunda y amplia, y m\u00e1s cuando, evidentemente, se gener\u00f3 un eco ante la demanda muy sentida y justa de los padres de familia por saber qu\u00e9 hab\u00eda pasado con sus hijos\u201d, precis\u00f3.<\/p>\n<p>En su mensaje asegur\u00f3 que la investigaci\u00f3n ah\u00ed est\u00e1; sin embargo, ante la negativa y el rechazo de los padres de familia por aceptar los alcances de la investigaci\u00f3n que realiz\u00f3 la Procuradur\u00eda General de la Rep\u00fablica (PGR), \u201cen donde hab\u00eda evidencias claras y contundentes de que muy lamentablemente los 43 j\u00f3venes hab\u00edan sido incinerados por un grupo delincuencial que operaba en el estado de Guerrero, fue necesario incluso abrir la investigaci\u00f3n a una Comisi\u00f3n Interamericana de Derechos Humanos (CIDH)\u201d.<\/p>\n<p>El mandatario subray\u00f3 que integrantes de esa comisi\u00f3n interamericana pudieron conocer la investigaci\u00f3n que hab\u00eda realizado la PGR y reiter\u00f3 que en lo personal, y con el dolor que le causa, y con lo que significa la pena para los padres de familia, el presidente Pe\u00f1a Nieto est\u00e1 \u201cen la convicci\u00f3n que lamentablemente, pas\u00f3 justamente lo que la investigaci\u00f3n arroj\u00f3\u201d.<\/p>\n<p>\u201cSe que lamentablemente, la p\u00e9rdida de un hijo no hay forma de repararla. Son hechos que nunca m\u00e1s se deben repetir en nuestro pa\u00eds. Me quedo con la insatisfacci\u00f3n de aquello que no se logr\u00f3 atender suficientemente y ser\u00e1 un gran reto para la pr\u00f3xima administraci\u00f3n, es en el \u00e1mbito de la seguridad\u201d.<\/p>\n<p>El presidente Pe\u00f1a Nieto detalla que \u201cno obstante que en los primeros a\u00f1os de esta administraci\u00f3n viene una reducci\u00f3n notable y significativa en los \u00edndices de criminalidad, lamentablemente al cierre de este sexenio, nuevamente hubo un repunte en los \u00edndices de criminalidad.<\/p>\n","protected":false},"excerpt":{"rendered":"<p>El presidente Enrique Pe\u00f1a Nieto reconoci\u00f3 que no se alcanz\u00f3 el objetivo de darle a los mexicanos paz y tranquilidad, un pendiente en el \u00e1mbito de seguridad, que ser\u00e1 un gran reto para la pr\u00f3xima administraci\u00f3n.<\/p>\n","protected":false},"author":3,"featured_media":392579,"comment_status":"open","ping_status":"open","sticky":false,"template":"","format":"standard","meta":{"_monsterinsights_skip_tracking":false,"_monsterinsights_sitenote_active":false,"_monsterinsights_sitenote_note":"","_monsterinsights_sitenote_category":0,"footnotes":""},"categories":[3],"tags":[18,1716,43673,4470,43677],"class_list":["post-392472","post","type-post","status-publish","format-standard","has-post-thumbnail","hentry","category-nacional","tag-enrique-pena-nieto","tag-epn","tag-nacional","tag-paz","tag-seguridad"],"_links":{"self":[{"href":"https:\/\/www.diarioimagen.net\/index.php?rest_route=\/wp\/v2\/posts\/392472","targetHints":{"allow":["GET"]}}],"collection":[{"href":"https:\/\/www.diarioimagen.net\/index.php?rest_route=\/wp\/v2\/posts"}],"about":[{"href":"https:\/\/www.diarioimagen.net\/index.php?rest_route=\/wp\/v2\/types\/post"}],"author":[{"embeddable":true,"href":"https:\/\/www.diarioimagen.net\/index.php?rest_route=\/wp\/v2\/users\/3"}],"replies":[{"embeddable":true,"href":"https:\/\/www.diarioimagen.net\/index.php?rest_route=%2Fwp%2Fv2%2Fcomments&post=392472"}],"version-history":[{"count":0,"href":"https:\/\/www.diarioimagen.net\/index.php?rest_route=\/wp\/v2\/posts\/392472\/revisions"}],"wp:featuredmedia":[{"embeddable":true,"href":"https:\/\/www.diarioimagen.net\/index.php?rest_route=\/wp\/v2\/media\/392579"}],"wp:attachment":[{"href":"https:\/\/www.diarioimagen.net\/index.php?rest_route=%2Fwp%2Fv2%2Fmedia&parent=392472"}],"wp:term":[{"taxonomy":"category","embeddable":true,"href":"https:\/\/www.diarioimagen.net\/index.php?rest_route=%2Fwp%2Fv2%2Fcategories&post=392472"},{"taxonomy":"post_tag","embeddable":true,"href":"https:\/\/www.diarioimagen.net\/index.php?rest_route=%2Fwp%2Fv2%2Ftags&post=392472"}],"curies":[{"name":"wp","href":"https:\/\/api.w.org\/{rel}","templated":true}]}}