{"id":392486,"date":"2018-08-30T00:04:06","date_gmt":"2018-08-30T05:04:06","guid":{"rendered":"https:\/\/www.diarioimagen.net\/?p=392486"},"modified":"2018-08-30T06:40:24","modified_gmt":"2018-08-30T11:40:24","slug":"escuchan-propuestas-ciudadanas-para-inclusion-de-personas-con-discapacidad","status":"publish","type":"post","link":"https:\/\/www.diarioimagen.net\/?p=392486","title":{"rendered":"Escuchan propuestas ciudadanas para inclusi\u00f3n de personas con discapacidad"},"content":{"rendered":"<ul>\n<li><strong><em>El cabildo de Tlalnepantla<\/em><\/strong><\/li>\n<\/ul>\n<p>&nbsp;<\/p>\n<div id=\"attachment_392567\" style=\"width: 470px\" class=\"wp-caption aligncenter\"><a href=\"https:\/\/www.diarioimagen.net\/?attachment_id=392567\" rel=\"attachment wp-att-392567\"><img loading=\"lazy\" decoding=\"async\" aria-describedby=\"caption-attachment-392567\" class=\"size-large wp-image-392567\" src=\"https:\/\/www.diarioimagen.net\/wp-content\/uploads\/2018\/08\/TLALNEPANTLA-3444-460x259.jpg\" alt=\"\" width=\"460\" height=\"259\" srcset=\"https:\/\/www.diarioimagen.net\/wp-content\/uploads\/2018\/08\/TLALNEPANTLA-3444-460x259.jpg 460w, https:\/\/www.diarioimagen.net\/wp-content\/uploads\/2018\/08\/TLALNEPANTLA-3444-240x135.jpg 240w, https:\/\/www.diarioimagen.net\/wp-content\/uploads\/2018\/08\/TLALNEPANTLA-3444-235x132.jpg 235w, https:\/\/www.diarioimagen.net\/wp-content\/uploads\/2018\/08\/TLALNEPANTLA-3444-202x114.jpg 202w, https:\/\/www.diarioimagen.net\/wp-content\/uploads\/2018\/08\/TLALNEPANTLA-3444-350x196.jpg 350w, https:\/\/www.diarioimagen.net\/wp-content\/uploads\/2018\/08\/TLALNEPANTLA-3444-220x123.jpg 220w, https:\/\/www.diarioimagen.net\/wp-content\/uploads\/2018\/08\/TLALNEPANTLA-3444-237x132.jpg 237w, https:\/\/www.diarioimagen.net\/wp-content\/uploads\/2018\/08\/TLALNEPANTLA-3444.jpg 480w\" sizes=\"auto, (max-width: 460px) 100vw, 460px\" \/><\/a><p id=\"caption-attachment-392567\" class=\"wp-caption-text\">A la fecha se ha logrado colocar a 138 personas en un empleo formal y 220 se autoemplearon, derivado de los cursos de capacitaci\u00f3n que se ofrecen, tanto en el CECAIN, como en los subsistemas del DIF Municipal.<\/p><\/div>\n<p>&nbsp;<\/p>\n<p><strong>Tlalnepantla, Estado de M\u00e9xico<\/strong>.- Vecinos de este municipio plantean propuestas que permitan la inclusi\u00f3n de personas con alguna discapacidad, durante la sesi\u00f3n de cabildo abierto, muchas de las cuales ya se llevan a cabo por parte del gobierno local.<\/p>\n<p>Luego de escuchar las propuestas de las participantes, la presidenta municipal, Denisse Ugalde Alegr\u00eda, record\u00f3 que una de las pol\u00edticas p\u00fablicas planteadas por esta administraci\u00f3n fue impulsar el desarrollo de las personas con discapacidad, a trav\u00e9s de diversos programas y acciones.<\/p>\n<p>Muestra de ello, dijo, es el Centro de Capacitaci\u00f3n e Inclusi\u00f3n Laboral para Personas con Discapacidad (CECAIN), instituci\u00f3n que trabaja con un enfoque multifactorial, mediante el cual, primero se atiende el aspecto psicol\u00f3gico y posteriormente se capacita, para as\u00ed lograr su incorporaci\u00f3n en diversos \u00e1mbitos.<\/p>\n<p>Inform\u00f3 que a la fecha se ha logrado colocar a 138 personas en un empleo formal y 220 se autoemplearon, derivado de los cursos de capacitaci\u00f3n que se ofrecen tanto en el CECAIN como en los subsistemas del DIF Municipal.<\/p>\n<p>\u201cLo primero que debemos entender es que la discapacidad est\u00e1 en las barreras sociales que diariamente enfrentan quienes padecen alg\u00fan problema f\u00edsico o mental, de ah\u00ed que sea fundamental la participaci\u00f3n de todos para construir comunidad y apoyar a quienes lo requieren\u201d, a\u00f1adi\u00f3 la alcaldesa.<\/p>\n<p>Refiri\u00f3 que en el 2017 se realiz\u00f3 una encuesta municipal, en la que se detectaron alrededor de ocho mil tlalnepantlenses con discapacidad, a quienes se les procura acercar programas como Salud en tu Hogar o los distintos servicios que ofrece el DIF local.<\/p>\n<p>En esta sesi\u00f3n de Cabildo, Guadalupe Cristal Quintana, Laura Elena Crist\u00f3bal, Mar\u00eda Leticia Maldonado, Elizabeth Santiago y Ang\u00e9lica Pacheco, coincidieron en la necesidad de promover el respeto hacia las personas con discapacidad, ya que muchas veces se les bloquean las rampas de acceso o los lugares de estacionamiento destinados para ellos.<\/p>\n<p>Reconocieron tambi\u00e9n la necesidad de generar mayores oportunidades de crecimiento personal, as\u00ed como terapias de rehabilitaci\u00f3n y cursos que les permitan desarrollarse, acciones que se realizan ya en el Sistema DIF.<\/p>\n","protected":false},"excerpt":{"rendered":"<p>Vecinos de este municipio plantean propuestas que permitan la inclusi\u00f3n de personas con alguna discapacidad, durante la sesi\u00f3n de cabildo abierto, muchas de las cuales ya se llevan a cabo por parte del gobierno local.<\/p>\n","protected":false},"author":3,"featured_media":392567,"comment_status":"open","ping_status":"open","sticky":false,"template":"","format":"standard","meta":{"_monsterinsights_skip_tracking":false,"_monsterinsights_sitenote_active":false,"_monsterinsights_sitenote_note":"","_monsterinsights_sitenote_category":0,"footnotes":""},"categories":[35155],"tags":[24566,43675,169],"class_list":["post-392486","post","type-post","status-publish","format-standard","has-post-thumbnail","hentry","category-estado-de-mexico-estado-de-mexico","tag-discapacidad","tag-estado-de-mexico","tag-tlalnepantla"],"_links":{"self":[{"href":"https:\/\/www.diarioimagen.net\/index.php?rest_route=\/wp\/v2\/posts\/392486","targetHints":{"allow":["GET"]}}],"collection":[{"href":"https:\/\/www.diarioimagen.net\/index.php?rest_route=\/wp\/v2\/posts"}],"about":[{"href":"https:\/\/www.diarioimagen.net\/index.php?rest_route=\/wp\/v2\/types\/post"}],"author":[{"embeddable":true,"href":"https:\/\/www.diarioimagen.net\/index.php?rest_route=\/wp\/v2\/users\/3"}],"replies":[{"embeddable":true,"href":"https:\/\/www.diarioimagen.net\/index.php?rest_route=%2Fwp%2Fv2%2Fcomments&post=392486"}],"version-history":[{"count":0,"href":"https:\/\/www.diarioimagen.net\/index.php?rest_route=\/wp\/v2\/posts\/392486\/revisions"}],"wp:featuredmedia":[{"embeddable":true,"href":"https:\/\/www.diarioimagen.net\/index.php?rest_route=\/wp\/v2\/media\/392567"}],"wp:attachment":[{"href":"https:\/\/www.diarioimagen.net\/index.php?rest_route=%2Fwp%2Fv2%2Fmedia&parent=392486"}],"wp:term":[{"taxonomy":"category","embeddable":true,"href":"https:\/\/www.diarioimagen.net\/index.php?rest_route=%2Fwp%2Fv2%2Fcategories&post=392486"},{"taxonomy":"post_tag","embeddable":true,"href":"https:\/\/www.diarioimagen.net\/index.php?rest_route=%2Fwp%2Fv2%2Ftags&post=392486"}],"curies":[{"name":"wp","href":"https:\/\/api.w.org\/{rel}","templated":true}]}}