{"id":392488,"date":"2018-08-30T00:02:11","date_gmt":"2018-08-30T05:02:11","guid":{"rendered":"https:\/\/www.diarioimagen.net\/?p=392488"},"modified":"2018-08-30T06:38:52","modified_gmt":"2018-08-30T11:38:52","slug":"programa-de-cambio-de-armas-por-juguetes-en-cuautitlan-izcalli","status":"publish","type":"post","link":"https:\/\/www.diarioimagen.net\/?p=392488","title":{"rendered":"Programa de cambio de armas por juguetes en Cuautitl\u00e1n Izcalli"},"content":{"rendered":"<ul>\n<li><strong><em>Los b\u00e9licos ser\u00e1n canjeados por pedag\u00f3gicos<\/em><\/strong><\/li>\n<\/ul>\n<p>&nbsp;<\/p>\n<div id=\"attachment_392564\" style=\"width: 470px\" class=\"wp-caption aligncenter\"><a href=\"https:\/\/www.diarioimagen.net\/?attachment_id=392564\" rel=\"attachment wp-att-392564\"><img loading=\"lazy\" decoding=\"async\" aria-describedby=\"caption-attachment-392564\" class=\"size-large wp-image-392564\" src=\"https:\/\/www.diarioimagen.net\/wp-content\/uploads\/2018\/08\/CUAUTI-3444-460x259.jpg\" alt=\"\" width=\"460\" height=\"259\" srcset=\"https:\/\/www.diarioimagen.net\/wp-content\/uploads\/2018\/08\/CUAUTI-3444-460x259.jpg 460w, https:\/\/www.diarioimagen.net\/wp-content\/uploads\/2018\/08\/CUAUTI-3444-240x135.jpg 240w, https:\/\/www.diarioimagen.net\/wp-content\/uploads\/2018\/08\/CUAUTI-3444-235x132.jpg 235w, https:\/\/www.diarioimagen.net\/wp-content\/uploads\/2018\/08\/CUAUTI-3444-202x114.jpg 202w, https:\/\/www.diarioimagen.net\/wp-content\/uploads\/2018\/08\/CUAUTI-3444-350x196.jpg 350w, https:\/\/www.diarioimagen.net\/wp-content\/uploads\/2018\/08\/CUAUTI-3444-220x123.jpg 220w, https:\/\/www.diarioimagen.net\/wp-content\/uploads\/2018\/08\/CUAUTI-3444-237x132.jpg 237w, https:\/\/www.diarioimagen.net\/wp-content\/uploads\/2018\/08\/CUAUTI-3444.jpg 480w\" sizes=\"auto, (max-width: 460px) 100vw, 460px\" \/><\/a><p id=\"caption-attachment-392564\" class=\"wp-caption-text\">El director de Seguridad P\u00fablica de Cuautitl\u00e1n Izcalli, Juventino Ram\u00edrez, puntualiz\u00f3 que este intercambio tiene como fin estimular la cultura de la no violencia.<\/p><\/div>\n<p>&nbsp;<\/p>\n<p><strong>Cuautitl\u00e1n Izcalli, Estado de M\u00e9xico<\/strong>.- De manera paralela a las diversas acciones que se llevan a cabo para erradicar la violencia en el municipio de Cuautitl\u00e1n Izcalli, el gobierno local invita a la poblaci\u00f3n a participar en la campa\u00f1a de canje de juguetes b\u00e9licos por juegos did\u00e1cticos que encabeza la Secretar\u00eda de la Defensa Nacional (Sedena), que estar\u00e1 vigente hasta el 31 de agosto.<\/p>\n<p>El m\u00f3dulo de intercambio ser\u00e1 colocado en la explanada municipal en un horario de 10:00 a 17:00 horas. Se recibir\u00e1n pistolas, metralletas o rifles y a cambio los ciudadanos obtendr\u00e1n \u00a0mu\u00f1ecos, juegos de mesa, balones, bicicletas, patinetas, entre otros.<\/p>\n<p>En el primer d\u00eda de este programa, el director de Seguridad P\u00fablica de Cuautitl\u00e1n Izcalli, Juventino Ram\u00edrez, puntualiz\u00f3 que este intercambio tiene como fin estimular la cultura de la no violencia desde edades tempranas, motivo por el cual, pidi\u00f3 a los padres de familia alienten a sus peque\u00f1os a formar parte de esta campa\u00f1a canjeando su juguete b\u00e9lico por uno did\u00e1ctico.<\/p>\n<p>Destac\u00f3 el trabajo que la Comisaria municipal ha realizado en coordinaci\u00f3n con la Base de Operaciones Mixtas (BOM), Sedena, Marina, polic\u00eda estatal y federal, logrando tener una excelente mancuerna en beneficio de los izcallenses.<\/p>\n<p>Por su parte, el teniente Gerardo L\u00f3pez, confirm\u00f3 que el m\u00f3dulo de canje estar\u00e1 hasta el 31 de agosto en la explanada del ayuntamiento y se pretenden intercambiar m\u00e1s de 250 juguetes did\u00e1cticos en respuesta a la entrega de r\u00e9plicas de armas, metralletas o pistolas.<\/p>\n<p>\u201cEsto evita la formaci\u00f3n de patrones de conducta en los ni\u00f1os, que posteriormente generen comportamientos violentos, sobre todo con el empleo de armas\u201d.<strong>\u00a0<\/strong><\/p>\n","protected":false},"excerpt":{"rendered":"<p>De manera paralela a las diversas acciones que se llevan a cabo para erradicar la violencia en el municipio de Cuautitl\u00e1n Izcalli, el gobierno local invita a la poblaci\u00f3n a participar en la campa\u00f1a de canje de juguetes b\u00e9licos por juegos did\u00e1cticos que encabeza la Secretar\u00eda de la Defensa Nacional (Sedena), que estar\u00e1 vigente hasta el 31 de agosto.<\/p>\n","protected":false},"author":3,"featured_media":392564,"comment_status":"open","ping_status":"open","sticky":false,"template":"","format":"standard","meta":{"_monsterinsights_skip_tracking":false,"_monsterinsights_sitenote_active":false,"_monsterinsights_sitenote_note":"","_monsterinsights_sitenote_category":0,"footnotes":""},"categories":[35155],"tags":[4484,971,43675,46934],"class_list":["post-392488","post","type-post","status-publish","format-standard","has-post-thumbnail","hentry","category-estado-de-mexico-estado-de-mexico","tag-armas","tag-cuautitlan-izcalli","tag-estado-de-mexico","tag-juguetes"],"_links":{"self":[{"href":"https:\/\/www.diarioimagen.net\/index.php?rest_route=\/wp\/v2\/posts\/392488","targetHints":{"allow":["GET"]}}],"collection":[{"href":"https:\/\/www.diarioimagen.net\/index.php?rest_route=\/wp\/v2\/posts"}],"about":[{"href":"https:\/\/www.diarioimagen.net\/index.php?rest_route=\/wp\/v2\/types\/post"}],"author":[{"embeddable":true,"href":"https:\/\/www.diarioimagen.net\/index.php?rest_route=\/wp\/v2\/users\/3"}],"replies":[{"embeddable":true,"href":"https:\/\/www.diarioimagen.net\/index.php?rest_route=%2Fwp%2Fv2%2Fcomments&post=392488"}],"version-history":[{"count":0,"href":"https:\/\/www.diarioimagen.net\/index.php?rest_route=\/wp\/v2\/posts\/392488\/revisions"}],"wp:featuredmedia":[{"embeddable":true,"href":"https:\/\/www.diarioimagen.net\/index.php?rest_route=\/wp\/v2\/media\/392564"}],"wp:attachment":[{"href":"https:\/\/www.diarioimagen.net\/index.php?rest_route=%2Fwp%2Fv2%2Fmedia&parent=392488"}],"wp:term":[{"taxonomy":"category","embeddable":true,"href":"https:\/\/www.diarioimagen.net\/index.php?rest_route=%2Fwp%2Fv2%2Fcategories&post=392488"},{"taxonomy":"post_tag","embeddable":true,"href":"https:\/\/www.diarioimagen.net\/index.php?rest_route=%2Fwp%2Fv2%2Ftags&post=392488"}],"curies":[{"name":"wp","href":"https:\/\/api.w.org\/{rel}","templated":true}]}}