{"id":392490,"date":"2018-08-30T00:03:05","date_gmt":"2018-08-30T05:03:05","guid":{"rendered":"https:\/\/www.diarioimagen.net\/?p=392490"},"modified":"2018-08-30T06:37:55","modified_gmt":"2018-08-30T11:37:55","slug":"celebra-cuautitlan-a-sus-abuelitos","status":"publish","type":"post","link":"https:\/\/www.diarioimagen.net\/?p=392490","title":{"rendered":"Celebra Cuautitl\u00e1n  a sus abuelitos"},"content":{"rendered":"<p><a href=\"https:\/\/www.diarioimagen.net\/?attachment_id=392561\" rel=\"attachment wp-att-392561\"><img loading=\"lazy\" decoding=\"async\" class=\"aligncenter size-large wp-image-392561\" src=\"https:\/\/www.diarioimagen.net\/wp-content\/uploads\/2018\/08\/CUAUTITLAN-3444-460x259.jpg\" alt=\"\" width=\"460\" height=\"259\" srcset=\"https:\/\/www.diarioimagen.net\/wp-content\/uploads\/2018\/08\/CUAUTITLAN-3444-460x259.jpg 460w, https:\/\/www.diarioimagen.net\/wp-content\/uploads\/2018\/08\/CUAUTITLAN-3444-240x135.jpg 240w, https:\/\/www.diarioimagen.net\/wp-content\/uploads\/2018\/08\/CUAUTITLAN-3444-235x132.jpg 235w, https:\/\/www.diarioimagen.net\/wp-content\/uploads\/2018\/08\/CUAUTITLAN-3444-202x114.jpg 202w, https:\/\/www.diarioimagen.net\/wp-content\/uploads\/2018\/08\/CUAUTITLAN-3444-350x196.jpg 350w, https:\/\/www.diarioimagen.net\/wp-content\/uploads\/2018\/08\/CUAUTITLAN-3444-220x123.jpg 220w, https:\/\/www.diarioimagen.net\/wp-content\/uploads\/2018\/08\/CUAUTITLAN-3444-237x132.jpg 237w, https:\/\/www.diarioimagen.net\/wp-content\/uploads\/2018\/08\/CUAUTITLAN-3444.jpg 480w\" sizes=\"auto, (max-width: 460px) 100vw, 460px\" \/><\/a><\/p>\n<p>&nbsp;<\/p>\n<p><strong>Cuautitl\u00e1n, Estado de M\u00e9xico<\/strong><strong>.-<\/strong> En el sal\u00f3n Hacienda de la colonia La Palma, se dieron cita m\u00e1s de 600 adultos mayores, de los 15 clubes de la tercera edad del sistema DIF municipal, para la celebraci\u00f3n del \u201cD\u00eda del Anciano\u201d, que fue ebxabezado por la alcaldesa, Guadalupe Fern\u00e1ndez S\u00e1nchez, acompa\u00f1ada de la directora del Sistema del Desarrollo Integral de la Familia, Norma Salinas D\u00e9ciga; el coordinador del DIFEM en la regi\u00f3n, Jorge Bertahur Montero, as\u00ed como los regidores de la\u00a0 administraci\u00f3n municipal.<\/p>\n<p>Por su parte, la presidenta municipal particip\u00f3 en la tradicional\u00a0 coronaci\u00f3n de la reina, el rey y las princesas de los clubes, luego realiz\u00f3 la entrega de un vale de 8 mil pesos, para cada club de la tercera edad, pues \u201cdebemos ser generosos con ustedes, que han construido este bello Cuautitl\u00e1n\u201d.<\/p>\n","protected":false},"excerpt":{"rendered":"<p>En el sal\u00f3n Hacienda de la colonia La Palma, se dieron cita m\u00e1s de 600 adultos mayores, de los 15 clubes de la tercera edad del sistema DIF municipal, para la celebraci\u00f3n del \u201cD\u00eda del Anciano\u201d, que fue ebxabezado por la alcaldesa, Guadalupe Fern\u00e1ndez S\u00e1nchez, acompa\u00f1ada de la directora del Sistema del Desarrollo Integral de la Familia, Norma Salinas D\u00e9ciga; el coordinador del DIFEM en la regi\u00f3n, Jorge Bertahur Montero, as\u00ed como los regidores de la\u00a0 administraci\u00f3n municipal.<\/p>\n","protected":false},"author":3,"featured_media":392561,"comment_status":"open","ping_status":"open","sticky":false,"template":"","format":"standard","meta":{"_monsterinsights_skip_tracking":false,"_monsterinsights_sitenote_active":false,"_monsterinsights_sitenote_note":"","_monsterinsights_sitenote_category":0,"footnotes":""},"categories":[35155],"tags":[53478,40123,681,43675],"class_list":["post-392490","post","type-post","status-publish","format-standard","has-post-thumbnail","hentry","category-estado-de-mexico-estado-de-mexico","tag-abuelitos","tag-celebra","tag-cuautitlan","tag-estado-de-mexico"],"_links":{"self":[{"href":"https:\/\/www.diarioimagen.net\/index.php?rest_route=\/wp\/v2\/posts\/392490","targetHints":{"allow":["GET"]}}],"collection":[{"href":"https:\/\/www.diarioimagen.net\/index.php?rest_route=\/wp\/v2\/posts"}],"about":[{"href":"https:\/\/www.diarioimagen.net\/index.php?rest_route=\/wp\/v2\/types\/post"}],"author":[{"embeddable":true,"href":"https:\/\/www.diarioimagen.net\/index.php?rest_route=\/wp\/v2\/users\/3"}],"replies":[{"embeddable":true,"href":"https:\/\/www.diarioimagen.net\/index.php?rest_route=%2Fwp%2Fv2%2Fcomments&post=392490"}],"version-history":[{"count":0,"href":"https:\/\/www.diarioimagen.net\/index.php?rest_route=\/wp\/v2\/posts\/392490\/revisions"}],"wp:featuredmedia":[{"embeddable":true,"href":"https:\/\/www.diarioimagen.net\/index.php?rest_route=\/wp\/v2\/media\/392561"}],"wp:attachment":[{"href":"https:\/\/www.diarioimagen.net\/index.php?rest_route=%2Fwp%2Fv2%2Fmedia&parent=392490"}],"wp:term":[{"taxonomy":"category","embeddable":true,"href":"https:\/\/www.diarioimagen.net\/index.php?rest_route=%2Fwp%2Fv2%2Fcategories&post=392490"},{"taxonomy":"post_tag","embeddable":true,"href":"https:\/\/www.diarioimagen.net\/index.php?rest_route=%2Fwp%2Fv2%2Ftags&post=392490"}],"curies":[{"name":"wp","href":"https:\/\/api.w.org\/{rel}","templated":true}]}}