{"id":392515,"date":"2018-08-30T00:03:22","date_gmt":"2018-08-30T05:03:22","guid":{"rendered":"https:\/\/www.diarioimagen.net\/?p=392515"},"modified":"2018-08-30T03:54:50","modified_gmt":"2018-08-30T08:54:50","slug":"el-presidente-que-no-pudo","status":"publish","type":"post","link":"https:\/\/www.diarioimagen.net\/?p=392515","title":{"rendered":"El Presidente que no pudo"},"content":{"rendered":"<h2>De pe a pa<\/h2>\n<h5>Alberto Vieyra G.<\/h5>\n<p>&nbsp;<\/p>\n<p>\u201cNo hemos conseguido dar a los mexicanos paz y tranquilidad\u201d es el mea culpa de Enrique Pe\u00f1a Nieto, el presidente n\u00famero 87 de M\u00e9xico que no pudo con el paquete.<\/p>\n<p>\u00bfNo le dar\u00e1 verg\u00fcenza exhibirse como un mandatario inepto, cuya principal promesa de campa\u00f1a electoral fue la de \u201cacabar con la delincuencia en M\u00e9xico\u201d? Pero no pudo.<\/p>\n<p>Lejos de conseguir dar a M\u00e9xico \u201cPaz y tranquilidad\u201d, que fue el eje medular de las 7 d\u00e9cadas que el PRI estuvo en el poder, durante las cuales M\u00e9xico alcanzar\u00eda los \u00edndices m\u00e1s asombrosos en materia de crecimiento econ\u00f3mico hasta alcanzar un 7 por ciento del Producto Interno Bruto (PIB) en lo que se conoce como el \u201cmilagro mexicano\u201d, Enrique Pe\u00f1a Nieto convirti\u00f3 a la naci\u00f3n azteca en un <em>M\u00e9xico macabro<\/em> con m\u00e1s de 2 mil muertos en el \u00faltimo mes de julio y m\u00e1s de 31 mil asesinatos en el \u00faltimo a\u00f1o.<\/p>\n<p>Esas son las cifras escandalosas, a raz\u00f3n de una err\u00e1tica pol\u00edtica de combate a la delincuencia y de un maldito modelo econ\u00f3mico neoliberal que ha desatado las mas temibles malformaciones sociales por la falta de empleos y el grosero reparto de la riqueza nacional.<\/p>\n<p>La cuesti\u00f3n es que Pe\u00f1a Nieto no pudo. Le qued\u00f3 grande \u201cla silla envenenada\u201d (la silla presidencial)\u00a0 esa que seg\u00fan Emiliano Zapata Salazar \u201cvuelve malos a los hombres buenos\u201d.<\/p>\n<p>El caso es que el gobierno gallina de Pe\u00f1a Nieto ultraja la dignidad de los mexicanos cacareando la entrega del oro negro a los buitres del petr\u00f3leo y de una \u201creforma educativa\u201d que tiene de todo, menos reformar la educaci\u00f3n, porque fue un traje a la medida que le ordenaron los amos del Consejo Coordinador Empresarial.<\/p>\n<p>En el c\u00famulo de carretadas en las que cacarea \u201c6 a\u00f1os de logros\u201d Enrique Pe\u00f1a Nieto ha tenido la desverg\u00fcenza de matar las esperanzas de las 43 familias guerrerenses, al afirmar que los j\u00f3venes de Ayotzinapa est\u00e1n muertos.<\/p>\n<p>\u201cCon el dolor que causa\u201d. \u00a1Un balde de agua fr\u00eda! para sus familias y para todo M\u00e9xico, \u00a1Que indolencia presidencial!<\/p>\n<p>S\u00ed, Pe\u00f1a Nieto la hizo de juez y al esc\u00e1ndalo de Ayotzinapa le puso el sello de: CASO JUZGADO, porque est\u00e1n muertos \u201cCon el dolor que causa\u201d,<\/p>\n<p>\u00bfPara qu\u00e9 investigar m\u00e1s? Si ya Pe\u00f1a Nieto los mat\u00f3, los quem\u00f3, los desapareci\u00f3 o lo que sea.<\/p>\n<p>\u00bfPara qu\u00e9 crear Comisiones de la Verdad? Si ya todo est\u00e1 dicho y habr\u00e1 que creerle a Pe\u00f1a Nieto.<\/p>\n<p>\u00bfQui\u00e9n podr\u00e1 creerle cuando su gobierno se va como el cohetero de mi pueblo?<\/p>\n<p>Si ya fueron quemados por mafiosos narcotraficantes. \u00bfPor qu\u00e9 matar la esperanza de sus deudos?<\/p>\n<p>Pe\u00f1a Nieto insiste en la \u201cverdad de la PGR y de su gobierno\u201d, en el sentido de que los j\u00f3venes estudiantes fueron incinerados en el basurero de Cocula y sus restos tirados al r\u00edo San Juan.<\/p>\n<p>Recu\u00e9rdese que el caso de los normalistas guerrerenses fue un asunto de mafias que involucro a los gobiernos estatal y municipal perredistas, encabezados por Angel Heladio Aguirre Rivero y Jose Luis Abarca de Iguala, pero a nivel mundial exhibi\u00f3 a Enrique Pe\u00f1a Nieto como un gobernante violador de derechos humanos, asunto por el cual podr\u00eda responder ante la Corte Internacional de la Haya por cr\u00edmenes de lesa humanidad.<\/p>\n<p>Sostendr\u00eda en un juicio internacional su leguleya versi\u00f3n, o dir\u00eda que los estudiantes fueron desaparecidos por la CIA gringa o elementos del ej\u00e9rcito mexicano y otras fuerzas federales.<\/p>\n<p>O dir\u00eda que se los trago la tierra. Quiera o no, Pe\u00f1a Nieto, la desaparici\u00f3n de los 43 estudiantes podr\u00eda hacer que el PRI figure pronto en el museo o la rotando de los partidos ilustres.<\/p>\n<p>Por ahora el presidente que no pudo con el paquete se est\u00e1 despidiendo y en la burocracia el saludo de moda es \u00a1Menos d\u00edas!, en lugar de \u00a1buenos d\u00edas! Y como estamos en el a\u00f1o de Carranza porque el de Hidalgo ya no alcanza, los <em>chambistas z\u00e1nganos<\/em> andan al grito de \u00a1Hay que llevarse todo, porque los que llegan son bien ladrones!<\/p>\n<p><a href=\"mailto:%20%20info@agenciamn.com\" target=\"_blank\" rel=\"noopener noreferrer\"><em>info@agenciamn.com<\/em><\/a><\/p>\n","protected":false},"excerpt":{"rendered":"<p><span style=\"color: #005497;\"><strong>Alberto Vieyra G.<\/strong><\/span><\/p>\n","protected":false},"author":3,"featured_media":0,"comment_status":"open","ping_status":"open","sticky":false,"template":"","format":"standard","meta":{"_monsterinsights_skip_tracking":false,"_monsterinsights_sitenote_active":false,"_monsterinsights_sitenote_note":"","_monsterinsights_sitenote_category":0,"footnotes":""},"categories":[4596],"tags":[43697,4597,43674],"class_list":["post-392515","post","type-post","status-publish","format-standard","hentry","category-alberto-vieyra-g","tag-alberto-vieyra-g","tag-de-pe-a-pa","tag-opinion"],"_links":{"self":[{"href":"https:\/\/www.diarioimagen.net\/index.php?rest_route=\/wp\/v2\/posts\/392515","targetHints":{"allow":["GET"]}}],"collection":[{"href":"https:\/\/www.diarioimagen.net\/index.php?rest_route=\/wp\/v2\/posts"}],"about":[{"href":"https:\/\/www.diarioimagen.net\/index.php?rest_route=\/wp\/v2\/types\/post"}],"author":[{"embeddable":true,"href":"https:\/\/www.diarioimagen.net\/index.php?rest_route=\/wp\/v2\/users\/3"}],"replies":[{"embeddable":true,"href":"https:\/\/www.diarioimagen.net\/index.php?rest_route=%2Fwp%2Fv2%2Fcomments&post=392515"}],"version-history":[{"count":0,"href":"https:\/\/www.diarioimagen.net\/index.php?rest_route=\/wp\/v2\/posts\/392515\/revisions"}],"wp:attachment":[{"href":"https:\/\/www.diarioimagen.net\/index.php?rest_route=%2Fwp%2Fv2%2Fmedia&parent=392515"}],"wp:term":[{"taxonomy":"category","embeddable":true,"href":"https:\/\/www.diarioimagen.net\/index.php?rest_route=%2Fwp%2Fv2%2Fcategories&post=392515"},{"taxonomy":"post_tag","embeddable":true,"href":"https:\/\/www.diarioimagen.net\/index.php?rest_route=%2Fwp%2Fv2%2Ftags&post=392515"}],"curies":[{"name":"wp","href":"https:\/\/api.w.org\/{rel}","templated":true}]}}