{"id":392534,"date":"2018-08-30T00:10:27","date_gmt":"2018-08-30T05:10:27","guid":{"rendered":"https:\/\/www.diarioimagen.net\/?p=392534"},"modified":"2018-08-30T07:10:25","modified_gmt":"2018-08-30T12:10:25","slug":"delgado-morena-no-sustituyo-al-pri-batres-no-arrollaremos-concertaremos","status":"publish","type":"post","link":"https:\/\/www.diarioimagen.net\/?p=392534","title":{"rendered":"Delgado: Morena no sustituy\u00f3 al PRI; Batres: no arrollaremos, concertaremos\u2026"},"content":{"rendered":"<h2>Tras la puerta del poder<\/h2>\n<h5>Roberto Vizca\u00edno<\/h5>\n<p>&nbsp;<\/p>\n<div id=\"attachment_392615\" style=\"width: 470px\" class=\"wp-caption aligncenter\"><a href=\"https:\/\/www.diarioimagen.net\/?attachment_id=392615\" rel=\"attachment wp-att-392615\"><img loading=\"lazy\" decoding=\"async\" aria-describedby=\"caption-attachment-392615\" class=\"size-large wp-image-392615\" src=\"https:\/\/www.diarioimagen.net\/wp-content\/uploads\/2018\/08\/aunque-no-quieran-LUIS-XAVIER-3444-460x357.jpg\" alt=\"\" width=\"460\" height=\"357\" srcset=\"https:\/\/www.diarioimagen.net\/wp-content\/uploads\/2018\/08\/aunque-no-quieran-LUIS-XAVIER-3444-460x357.jpg 460w, https:\/\/www.diarioimagen.net\/wp-content\/uploads\/2018\/08\/aunque-no-quieran-LUIS-XAVIER-3444-240x186.jpg 240w, https:\/\/www.diarioimagen.net\/wp-content\/uploads\/2018\/08\/aunque-no-quieran-LUIS-XAVIER-3444-768x595.jpg 768w, https:\/\/www.diarioimagen.net\/wp-content\/uploads\/2018\/08\/aunque-no-quieran-LUIS-XAVIER-3444.jpg 1200w\" sizes=\"auto, (max-width: 460px) 100vw, 460px\" \/><\/a><p id=\"caption-attachment-392615\" class=\"wp-caption-text\">Aunque no quieran&#8230; | Luis Xavier<\/p><\/div>\n<p><strong>\u00a0<\/strong><\/p>\n<p>&nbsp;<\/p>\n<p><strong>Mario Delgado<\/strong>, coordinador de Morena en San L\u00e1zaro, reacciona como si la reflexi\u00f3n y pregunta fuesen una descarga el\u00e9ctrica:<\/p>\n<p>\u201c\u00bfMorena sustituy\u00f3 al PRI?&#8230; \u00a1No tiene nada que ver!&#8230;. Morena es otra cosa.<\/p>\n<p>\u201cEl PRI gobern\u00f3 durante muchos a\u00f1os en este pa\u00eds y la gente le dijo adi\u00f3s el primero de julio&#8230;<\/p>\n<p>\u201cPor todos los excesos que cometi\u00f3, tenemos un pa\u00eds sumido en la violencia, tenemos m\u00e1s corrupci\u00f3n que nunca, tenemos estancamiento econ\u00f3mico.<\/p>\n<p>\u201cEn fin, todo esto que llev\u00f3 a que la gente se cansara y vot\u00f3 por el cambio. Morena es el cambio y no se parece a nada.<\/p>\n<p>\u201cEl poder que Morena tiene es el que le dio la gente el primero de julio, ni m\u00e1s ni menos. \u00bfQu\u00e9 vamos a hacer? Pues est\u00e1 muy clara la agenda. \u00bfPor qu\u00e9 vot\u00f3 la gente el primero de julio?<\/p>\n<ul>\n<li>Por tener un gobierno austero y eficaz, porque haya m\u00e1s inversi\u00f3n en la gente, en infraestructura; que se cambie el modelo econ\u00f3mico; que se respeten los derechos humanos; que vayamos a la construcci\u00f3n de la paz en nuestro pa\u00eds, y que se erradique la corrupci\u00f3n.<\/li>\n<\/ul>\n<p>\u201cEntonces, estamos hablando que esa es la agenda por la que vot\u00f3 la gente, y esa es la que vamos a llevar a cabo.<\/p>\n<p>\u201cLo que est\u00e1 planteando el presidente electo, <strong>Andr\u00e9s Manuel L\u00f3pez Obrador,<\/strong> dentro de esta agenda es, por ejemplo, facilitar las consultas populares para que las decisiones m\u00e1s importantes del pa\u00eds la gente pueda influir de manera directa; que tengamos una democracia participativa m\u00e1s eficaz.<\/p>\n<p>\u201cTambi\u00e9n est\u00e1 proponiendo lo que hubiera parecido impensable durante muchos a\u00f1os: que el Presidente de la Rep\u00fablica en funciones pueda ser juzgado por delitos electorales o por delitos de corrupci\u00f3n. Con esto se va a romper toda esa cadena de complicidad que ha existido en nuestro pa\u00eds y que tanto da\u00f1o le ha hecho a M\u00e9xico. Entonces, tenemos el poder que nos dio la gente en las urnas el primero de julio\u201d.<\/p>\n<p>Delgado adelanta que hay coordinaci\u00f3n con la bancada de Morena en el Senado, para avanzar en una agenda urgente de reformas que por un lado atienda los reclamos que plantea la elaboraci\u00f3n del Presupuesto de Ingresos y el de Egresos para 2019, como es el regreso de la Secretar\u00eda de Seguridad P\u00fablica, que deber\u00e1 comenzar a operar desde el 1 de enero con recursos suficientes para iniciar el combate contra la inseguridad y la violencia en el pa\u00eds y para atender todos los programas del presidente <strong>Andr\u00e9s Manuel L\u00f3pez Obrador <\/strong>como el de duplicar la pensi\u00f3n para adultos mayores.<\/p>\n<p>El otro paquete de reformas es el del cambio del 127 Constitucional para establecer que nadie pueda ganar m\u00e1s que el Presidente o la reforma al 108 para permitir que el Presidente en funciones pueda ser juzgado por corrupci\u00f3n o delitos electorales.<\/p>\n<p style=\"text-align: center;\"><strong>Nada de <em>agandalles<\/em><\/strong><\/p>\n<p>En este contexto, donde la abrumadora mayor\u00eda de Morena y sus socios PES y PT en el Congreso provocan suspicacias y temores, <strong>Mart\u00ed Batres<\/strong>, designado por unanimidad presidente del Senado, advirti\u00f3 ayer que existe el compromiso en estas bancadas de no atropellar a las otras fuerzas parlamentarias, sino ir a buscar acuerdos para lograr la transformaci\u00f3n de M\u00e9xico.<\/p>\n<p>\u201cEstoy convencido\u00a0 de que el Poder Legislativo ser\u00e1 un gran protagonista del cambio pol\u00edtico de M\u00e9xico\u2026 todo dentro marco de divisi\u00f3n de poderes y libertades pol\u00edticas\u2026 los nuevos legisladores se encuentran en la mira, no s\u00f3lo del pa\u00eds, sino del \u00e1mbito internacional\u2026\u201d, precis\u00f3.<\/p>\n<p>Y al igual que <strong>Delgado<\/strong> en San L\u00e1zaro, <strong>Batres<\/strong> indic\u00f3 que en el Senado su fracci\u00f3n ir\u00e1 por cumplir con una agenda Legislativa integrada con los 12 puntos presentados como prioritarios por <strong>Andr\u00e9s Manuel L\u00f3pez Obrador.<\/strong><\/p>\n<p>Pero siempre con respeto a todas las fuerzas pol\u00edticas, que representan votos ciudadanos, en otra proporci\u00f3n, insisti\u00f3.<\/p>\n<p>Ambos, Delgado y Batres, hablaron de recortes inmediatos en sus respectivas c\u00e1maras:<\/p>\n<p>\u201cSe cancelan: seguro de gastos m\u00e9dicos; seguro de retiro; vales de comida para diputados; asesor\u00edas externas; renta de autom\u00f3viles\u2026 el impacto mayor va a ser en 2019\u201d.<\/p>\n<p>Pero no s\u00f3lo eso, los dos morenistas hablaron de desaparecer comisiones y compactar otras.<\/p>\n<p>Y de analizar si se desaparece o reforma la figura de Junta de Coordinaci\u00f3n Pol\u00edtica, integrada por los coordinadores de cada c\u00e1mara y que toma las decisiones m\u00e1s relevantes dentro del Congreso.<\/p>\n<p>La figura de Junta de Coordinaci\u00f3n Pol\u00edtica surgi\u00f3 luego de que en 1997 por primera vez la mayor\u00eda de la oposici\u00f3n instal\u00f3 el Congreso y con ello dej\u00f3 inoperante a la hasta entonces poderosa Gran Comisi\u00f3n que hasta entonces presidi\u00f3 siempre un pri\u00edsta.<\/p>\n<p>Hoy la abrumadora mayor\u00eda de senadores y diputados de morena, dej\u00f3 inoperante a la figura y alcances de la Junta de Coordinaci\u00f3n Pol\u00edtica y se deber\u00e1 buscar una nueva figura que haga gobernable la relaci\u00f3n de los grupos parlamentarios.<\/p>\n<p style=\"text-align: center;\"><strong>Arrecian los ataques <\/strong><strong>contra G\u00f3mez Urrutia<\/strong><\/p>\n<p>Enfrentado a los grandes intereses que representan <strong>Germ\u00e1n Larrea<\/strong>, presidente de Grupo M\u00e9xico, <strong>Alonso Ancira<\/strong>, de Altos Hornos de M\u00e9xico y <strong>Alberto Baill\u00e8res,<\/strong> presidente de Grupo Bal y los remanentes de gobiernos de <strong>Vicente Fox <\/strong>y <strong>Felipe Calder\u00f3n<\/strong>, el hoy senador y l\u00edder minero <strong>Napole\u00f3n G\u00f3mez Urrutia<\/strong> es de nuevo objeto de una nueva campa\u00f1a de medios.<\/p>\n<p>Ya no se le acusa de haber robado 65 millones de d\u00f3lares, sino que ahora pasa a ser, como senador y posible presidente de la Comisi\u00f3n de Trabajo en el Senado, una amenaza para la \u201cdesestabilizaci\u00f3n de las industrias minera, acerera, metal\u00fargica y automotriz, pues ocasionar\u00e1 el cierre de empleos en aquellas empresas que no se quieran someter a sus caprichos\u201d.<\/p>\n<p>Para ello sus enemigos antes se\u00f1alados lanzaron al llamado \u201cmovimiento minero democr\u00e1tico\u201d que encabeza Ismael Leija Escalante a advertir que G\u00f3mez Urrutia va a \u201crecrudecer las huelgas y paros que organizaba a control remoto desde su refugio dorado en Vancouver, Canad\u00e1, en donde vivi\u00f3 12 a\u00f1os\u201d.<\/p>\n<p><strong>Napole\u00f3n G\u00f3mez Urrutia<\/strong> tiene convocada hoy a las 11:00 horas una conferencia de prensa, en la cual seguro va a aclarar que durante los 12 y medio a\u00f1os que estuvo en el exilio en Canad\u00e1, fue objeto de 11 juicios penales y una embestida brutal desde los gobiernos de <strong>Fox<\/strong> y <strong>Calder\u00f3n<\/strong>, para provocar que los 250 mil trabajadores pertenecientes a su gremio le dar\u00edan la espalda y lo desconocieran como su dirigente.<\/p>\n<p>Desde el exilio, <strong>G\u00f3mez Urrutia <\/strong>gan\u00f3 todos los juicios y adem\u00e1s dobleg\u00f3 a los gobiernos de Fox y Calder\u00f3n, quienes se negaban sin justificaci\u00f3n legal a darle la Toma de Nota pese a que en 6 ocasiones logr\u00f3 ser reelecto por unanimidad por los trabajadores mineros.<\/p>\n<p>\u00bfPor qu\u00e9 <strong>Larrea, Ancira, Baill\u00e8res, Fox y Calder\u00f3n<\/strong> no pudieron derrotarlo?<\/p>\n<p>Porque <strong>G\u00f3mez Urrutia<\/strong> ha sido el \u00fanico l\u00edder sindical en M\u00e9xico que ha logrado a lo largo de todos estos a\u00f1os no s\u00f3lo mejorar las condiciones de trabajo de los mineros, sino incrementos salariales de hasta el 30% cuando todos los dem\u00e1s trabajadores en M\u00e9xico lograban aumentos del 3%.<\/p>\n<p>El hoy senador es adem\u00e1s un caso at\u00edpico de l\u00edder sindical no s\u00f3lo en M\u00e9xico, sino en el mundo: es egresado de Econom\u00eda de la UNAM y cuenta con maestr\u00edas en Oxford, Inglaterra y en Alemania y fue director de Casa de Moneda durante 12 a\u00f1os y director 6 a\u00f1os en Minera Autl\u00e1n.<\/p>\n<p><em><a href=\"mailto:rvizcainoa@gmail.com\" target=\"_blank\" rel=\"noopener\">rvizcainoa@gmail.com<\/a><\/em><br \/>\n<em><a href=\"http:\/\/www.endirecto.com.mx\/\" target=\"_blank\" rel=\"noopener\">www.endirecto.com.mx<\/a><\/em><br \/>\n<em><a href=\"https:\/\/twitter.com\/_rvizcaino\" target=\"_blank\" rel=\"noopener\">@_RVizcaino<\/a><\/em><br \/>\n<a href=\"https:\/\/www.facebook.com\/rvizcainoa\" target=\"_blank\" rel=\"noopener\">f<em>acebook.com\/rvizcainoa<\/em><\/a><\/p>\n","protected":false},"excerpt":{"rendered":"<p><span style=\"color: #005497;\"><strong>Roberto Vizca\u00edno<\/strong><\/span><br \/>\n<\/p>\n<p><strong>Mario Delgado<\/strong>, coordinador de Morena en San L\u00e1zaro, reacciona como si la reflexi\u00f3n y pregunta fuesen una descarga el\u00e9ctrica:<\/p>\n","protected":false},"author":3,"featured_media":392615,"comment_status":"open","ping_status":"open","sticky":false,"template":"","format":"standard","meta":{"_monsterinsights_skip_tracking":false,"_monsterinsights_sitenote_active":false,"_monsterinsights_sitenote_note":"","_monsterinsights_sitenote_category":0,"footnotes":""},"categories":[136],"tags":[43674,93,94],"class_list":["post-392534","post","type-post","status-publish","format-standard","has-post-thumbnail","hentry","category-roberto-vizcaino-opinion","tag-opinion","tag-roberto-vizcaino","tag-tras-la-puerta-del-poder"],"_links":{"self":[{"href":"https:\/\/www.diarioimagen.net\/index.php?rest_route=\/wp\/v2\/posts\/392534","targetHints":{"allow":["GET"]}}],"collection":[{"href":"https:\/\/www.diarioimagen.net\/index.php?rest_route=\/wp\/v2\/posts"}],"about":[{"href":"https:\/\/www.diarioimagen.net\/index.php?rest_route=\/wp\/v2\/types\/post"}],"author":[{"embeddable":true,"href":"https:\/\/www.diarioimagen.net\/index.php?rest_route=\/wp\/v2\/users\/3"}],"replies":[{"embeddable":true,"href":"https:\/\/www.diarioimagen.net\/index.php?rest_route=%2Fwp%2Fv2%2Fcomments&post=392534"}],"version-history":[{"count":0,"href":"https:\/\/www.diarioimagen.net\/index.php?rest_route=\/wp\/v2\/posts\/392534\/revisions"}],"wp:featuredmedia":[{"embeddable":true,"href":"https:\/\/www.diarioimagen.net\/index.php?rest_route=\/wp\/v2\/media\/392615"}],"wp:attachment":[{"href":"https:\/\/www.diarioimagen.net\/index.php?rest_route=%2Fwp%2Fv2%2Fmedia&parent=392534"}],"wp:term":[{"taxonomy":"category","embeddable":true,"href":"https:\/\/www.diarioimagen.net\/index.php?rest_route=%2Fwp%2Fv2%2Fcategories&post=392534"},{"taxonomy":"post_tag","embeddable":true,"href":"https:\/\/www.diarioimagen.net\/index.php?rest_route=%2Fwp%2Fv2%2Ftags&post=392534"}],"curies":[{"name":"wp","href":"https:\/\/api.w.org\/{rel}","templated":true}]}}