{"id":392626,"date":"2018-08-31T00:07:19","date_gmt":"2018-08-31T05:07:19","guid":{"rendered":"https:\/\/www.diarioimagen.net\/?p=392626"},"modified":"2018-09-02T23:45:08","modified_gmt":"2018-09-03T04:45:08","slug":"amlo-buscara-diversificar-comercio-con-asia-y-el-pacifico","status":"publish","type":"post","link":"https:\/\/www.diarioimagen.net\/?p=392626","title":{"rendered":"AMLO buscar\u00e1 diversificar comercio con Asia y Pac\u00edfico"},"content":{"rendered":"<ul>\n<li><strong><em>Ante tendencias proteccionistas de EU<\/em><\/strong>&nbsp;<\/li>\n<\/ul>\n<p>&nbsp;<\/p>\n<div id=\"attachment_392627\" style=\"width: 470px\" class=\"wp-caption aligncenter\"><img loading=\"lazy\" decoding=\"async\" aria-describedby=\"caption-attachment-392627\" class=\"wp-image-392627 size-large\" src=\"https:\/\/www.diarioimagen.net\/wp-content\/uploads\/2018\/08\/EBRARD31-portal-460x268.jpg\" alt=\"\" width=\"460\" height=\"268\" srcset=\"https:\/\/www.diarioimagen.net\/wp-content\/uploads\/2018\/08\/EBRARD31-portal-460x268.jpg 460w, https:\/\/www.diarioimagen.net\/wp-content\/uploads\/2018\/08\/EBRARD31-portal-240x140.jpg 240w, https:\/\/www.diarioimagen.net\/wp-content\/uploads\/2018\/08\/EBRARD31-portal.jpg 480w\" sizes=\"auto, (max-width: 460px) 100vw, 460px\" \/><p id=\"caption-attachment-392627\" class=\"wp-caption-text\">Marcelo Ebrard, pr\u00f3ximo canciller, afirm\u00f3 que M\u00e9xico voltear\u00e1 a los pa\u00edses de Asia y otras regiones del mundo para diversificar su mercado.<\/p><\/div>\n<p>&nbsp;<\/p>\n<p>&nbsp;<\/p>\n<p>El Presidente electo de M\u00e9xico, Andr\u00e9s Manuel L\u00f3pez Obrador, voltear\u00e1 a los pa\u00edses de Asia y otras regiones del mundo para diversificar su mercado ante las tendencias proteccionistas de Estados Unidos, afirm\u00f3 Marcelo Ebrard, pr\u00f3ximo canciller de M\u00e9xico.<\/p>\n<p>Luego del encuentro que tuvo L\u00f3pez Obrador con diplom\u00e1ticos de esa regi\u00f3n, dijo que M\u00e9xico actualmente es socio comercial de Indonesia, Malasia, Filipinas, Nueva Zelandia, Vietnam, Tailandia, Jap\u00f3n y Corea del Sur, y buscar\u00e1 fortalecer relaciones con esas naciones, que son unas de las m\u00e1s exitosas en el mundo.<\/p>\n<p>Adem\u00e1s, dijo, L\u00f3pez Obrador les comparti\u00f3 el inter\u00e9s que su gobierno tendr\u00e1 en que la relaci\u00f3n con cada uno de esos pa\u00edses crezca no solo en el \u00e1mbito comercial, sino en todos los sentidos.<\/p>\n<p>\u201cQu\u00e9 sucede con el TLCAN (Tratado de Libre Comercio de Am\u00e9rica del Norte), es evidente que Estados Unidos est\u00e1 una tendencia proteccionista, eso no es una sorpresa, y tanto para M\u00e9xico como para Canad\u00e1 eso va hacer un problema porque es el principal mercado Estados Unidos.<\/p>\n<p>\u201cViendo m\u00e1s all\u00e1 qu\u00e9 debemos hacer: acelerar la presencia de intercambio comercial e inversi\u00f3n con otros pa\u00edses, eso nos compete solo nosotros y si no lo hacemos nosotros nadie lo va hacer, y tenemos que hacerlo y si alguien tiene alguna duda que se revise la experiencia del \u00faltimo a\u00f1o, que ha sido muy dif\u00edcil\u201d.<\/p>\n<p>Por eso, dijo Ebrard Casaub\u00f3n, fue la reuni\u00f3n de los 10 pa\u00edses que son potencias econ\u00f3micas de Asia y que han tenido un crecimiento en promedio de m\u00e1s de 4 por ciento anual.<\/p>\n<p>\u201cLo que tenemos que hacer es diversificar, por eso tuvimos esa reuni\u00f3n y vamos a empezar desde el primer d\u00eda pero queremos invertir y les ha parecido muy bien y les ha sorprendido que sea todo tan r\u00e1pido y que se convoque tan r\u00e1pido a un esfuerzo de tal envergadura, eso es lo que sucedi\u00f3 en esta reuni\u00f3n\u201d.<\/p>\n<p>El cuerpo diplom\u00e1tico acudi\u00f3 a la casa de transici\u00f3n en la colonia Roma y que est\u00e1n interesados en el proyecto del tren del Istmo de Tehuantepec que conectar\u00e1 al Pac\u00edfico con el Golfo de M\u00e9xico, fueron de Corea del Sur, Sang-II Kim; Nueva Zelandia, William Mark Sinclair; Vietnam, Nguyen Hoai Duong; Jap\u00f3n, Yasushi Takase; Indonesia, Yusra Khan; Malaysia.<\/p>\n<p>Adem\u00e1s de los\u00a0 encargados de Negocios, Norafizan Mustaffa; Tailandia, Rommanee Kakanuurak; Filipinas, Maria Carmela Teresa A. Cabreira.<\/p>\n","protected":false},"excerpt":{"rendered":"<p>El Presidente electo de M\u00e9xico, Andr\u00e9s Manuel L\u00f3pez Obrador, voltear\u00e1 a los pa\u00edses de Asia y otras regiones del mundo para diversificar su mercado ante las tendencias proteccionistas de Estados Unidos, afirm\u00f3 Marcelo Ebrard, pr\u00f3ximo canciller de M\u00e9xico.<\/p>\n","protected":false},"author":5,"featured_media":392627,"comment_status":"open","ping_status":"open","sticky":false,"template":"","format":"standard","meta":{"_monsterinsights_skip_tracking":false,"_monsterinsights_sitenote_active":false,"_monsterinsights_sitenote_note":"","_monsterinsights_sitenote_category":0,"footnotes":""},"categories":[3],"tags":[2545,1352,77707,74397,77709,43673,2623,8789,77708],"class_list":["post-392626","post","type-post","status-publish","format-standard","has-post-thumbnail","hentry","category-nacional","tag-amlo","tag-andres-manuel-lopez-obrador","tag-asia-y-el-pacifico","tag-diversificar","tag-japon-y-corea-del-sur","tag-nacional","tag-tailandia","tag-vietnam","tag-zelandia"],"_links":{"self":[{"href":"https:\/\/www.diarioimagen.net\/index.php?rest_route=\/wp\/v2\/posts\/392626","targetHints":{"allow":["GET"]}}],"collection":[{"href":"https:\/\/www.diarioimagen.net\/index.php?rest_route=\/wp\/v2\/posts"}],"about":[{"href":"https:\/\/www.diarioimagen.net\/index.php?rest_route=\/wp\/v2\/types\/post"}],"author":[{"embeddable":true,"href":"https:\/\/www.diarioimagen.net\/index.php?rest_route=\/wp\/v2\/users\/5"}],"replies":[{"embeddable":true,"href":"https:\/\/www.diarioimagen.net\/index.php?rest_route=%2Fwp%2Fv2%2Fcomments&post=392626"}],"version-history":[{"count":0,"href":"https:\/\/www.diarioimagen.net\/index.php?rest_route=\/wp\/v2\/posts\/392626\/revisions"}],"wp:featuredmedia":[{"embeddable":true,"href":"https:\/\/www.diarioimagen.net\/index.php?rest_route=\/wp\/v2\/media\/392627"}],"wp:attachment":[{"href":"https:\/\/www.diarioimagen.net\/index.php?rest_route=%2Fwp%2Fv2%2Fmedia&parent=392626"}],"wp:term":[{"taxonomy":"category","embeddable":true,"href":"https:\/\/www.diarioimagen.net\/index.php?rest_route=%2Fwp%2Fv2%2Fcategories&post=392626"},{"taxonomy":"post_tag","embeddable":true,"href":"https:\/\/www.diarioimagen.net\/index.php?rest_route=%2Fwp%2Fv2%2Ftags&post=392626"}],"curies":[{"name":"wp","href":"https:\/\/api.w.org\/{rel}","templated":true}]}}