{"id":392654,"date":"2018-08-31T00:01:09","date_gmt":"2018-08-31T05:01:09","guid":{"rendered":"https:\/\/www.diarioimagen.net\/?p=392654"},"modified":"2018-08-31T03:43:39","modified_gmt":"2018-08-31T08:43:39","slug":"hoy-supera-en-audiencia-a-venga-la-alegria-y-sale-el-sol","status":"publish","type":"post","link":"https:\/\/www.diarioimagen.net\/?p=392654","title":{"rendered":"\u201cHoy\u201d supera en audiencia a \u201cVenga la alegr\u00eda\u201d y \u201cSale el Sol\u201d"},"content":{"rendered":"<ul>\n<li><em><strong><sub>La revista matutina de Televisa se ha posicionado como la emisi\u00f3n m\u00e1s vista en su barra de horario<\/sub><\/strong><\/em><\/li>\n<\/ul>\n<p>&nbsp;<\/p>\n<div id=\"attachment_392655\" style=\"width: 470px\" class=\"wp-caption aligncenter\"><img loading=\"lazy\" decoding=\"async\" aria-describedby=\"caption-attachment-392655\" class=\"size-large wp-image-392655\" src=\"https:\/\/www.diarioimagen.net\/wp-content\/uploads\/2018\/08\/hoy-PORTAL-460x268.jpg\" alt=\"\" width=\"460\" height=\"268\" srcset=\"https:\/\/www.diarioimagen.net\/wp-content\/uploads\/2018\/08\/hoy-PORTAL-460x268.jpg 460w, https:\/\/www.diarioimagen.net\/wp-content\/uploads\/2018\/08\/hoy-PORTAL-240x140.jpg 240w, https:\/\/www.diarioimagen.net\/wp-content\/uploads\/2018\/08\/hoy-PORTAL.jpg 480w\" sizes=\"auto, (max-width: 460px) 100vw, 460px\" \/><p id=\"caption-attachment-392655\" class=\"wp-caption-text\">Bajo la producci\u00f3n de Magda Rodr\u00edguez, la nueva etapa de \u201cHoy\u201d dio inici\u00f3 el pasado 12 de marzo y desde su primera emisi\u00f3n capt\u00f3 la atenci\u00f3n del p\u00fablico, superando a \u201cVenga la alegr\u00eda\u201d por m\u00e1s de 79% y a \u201cSale al Sol\u201d por m\u00e1s de 349%.<\/p><\/div>\n<p>&nbsp;<\/p>\n<p>El programa \u201cHoy\u201d, revista matutina de Televisa, se ha posicionado como la emisi\u00f3n m\u00e1s vista en su barra de horario, registrando altos niveles de audiencia que superan a su competencia directa \u201cVenga la alegr\u00eda\u201d de Azteca Uno y \u201cSale el Sol\u201d de Imagen TV.<\/p>\n<p>Bajo la producci\u00f3n de Magda Rodr\u00edguez, la nueva etapa de \u201cHoy\u201d dio inici\u00f3 el pasado 12 de marzo y desde su primera emisi\u00f3n capt\u00f3 la atenci\u00f3n del p\u00fablico, superando a \u201cVenga la alegr\u00eda\u201d por m\u00e1s de 79% y a \u201cSale al Sol\u201d por m\u00e1s de 349%.<\/p>\n<p>En el primer semestre de 2018 y hasta el momento, la ic\u00f3nica emisi\u00f3n matutina de Televisa es conducida por Andrea Legarreta, Galilea Montijo y Ra\u00fal Araiza, entre otros.<\/p>\n<p>Secciones de cocina, moda, espect\u00e1culos, especialistas en diversos temas, musicales\u00a0 y un espacio de noticias son los ingredientes principales del matutino de Televisa que se transmite de lunes a viernes de 9 a 12 del d\u00eda por <em>las estrellas<\/em>.<\/p>\n","protected":false},"excerpt":{"rendered":"<p>El programa \u201cHoy\u201d, revista matutina de Televisa, se ha posicionado como la emisi\u00f3n m\u00e1s vista en su barra de horario, registrando altos niveles de audiencia que superan a su competencia directa \u201cVenga la alegr\u00eda\u201d de Azteca Uno y \u201cSale el Sol\u201d de Imagen TV.<\/p>\n","protected":false},"author":5,"featured_media":392655,"comment_status":"open","ping_status":"open","sticky":false,"template":"","format":"standard","meta":{"_monsterinsights_skip_tracking":false,"_monsterinsights_sitenote_active":false,"_monsterinsights_sitenote_note":"","_monsterinsights_sitenote_category":0,"footnotes":""},"categories":[12],"tags":[3587,77739,77080,77738],"class_list":["post-392654","post","type-post","status-publish","format-standard","has-post-thumbnail","hentry","category-espectaculos","tag-hoy","tag-la-revista-matutina-de-televisa","tag-sale-el-sol","tag-venga-la-alegria"],"_links":{"self":[{"href":"https:\/\/www.diarioimagen.net\/index.php?rest_route=\/wp\/v2\/posts\/392654","targetHints":{"allow":["GET"]}}],"collection":[{"href":"https:\/\/www.diarioimagen.net\/index.php?rest_route=\/wp\/v2\/posts"}],"about":[{"href":"https:\/\/www.diarioimagen.net\/index.php?rest_route=\/wp\/v2\/types\/post"}],"author":[{"embeddable":true,"href":"https:\/\/www.diarioimagen.net\/index.php?rest_route=\/wp\/v2\/users\/5"}],"replies":[{"embeddable":true,"href":"https:\/\/www.diarioimagen.net\/index.php?rest_route=%2Fwp%2Fv2%2Fcomments&post=392654"}],"version-history":[{"count":0,"href":"https:\/\/www.diarioimagen.net\/index.php?rest_route=\/wp\/v2\/posts\/392654\/revisions"}],"wp:featuredmedia":[{"embeddable":true,"href":"https:\/\/www.diarioimagen.net\/index.php?rest_route=\/wp\/v2\/media\/392655"}],"wp:attachment":[{"href":"https:\/\/www.diarioimagen.net\/index.php?rest_route=%2Fwp%2Fv2%2Fmedia&parent=392654"}],"wp:term":[{"taxonomy":"category","embeddable":true,"href":"https:\/\/www.diarioimagen.net\/index.php?rest_route=%2Fwp%2Fv2%2Fcategories&post=392654"},{"taxonomy":"post_tag","embeddable":true,"href":"https:\/\/www.diarioimagen.net\/index.php?rest_route=%2Fwp%2Fv2%2Ftags&post=392654"}],"curies":[{"name":"wp","href":"https:\/\/api.w.org\/{rel}","templated":true}]}}