{"id":392714,"date":"2018-08-31T00:01:49","date_gmt":"2018-08-31T05:01:49","guid":{"rendered":"https:\/\/www.diarioimagen.net\/?p=392714"},"modified":"2018-08-31T06:50:57","modified_gmt":"2018-08-31T11:50:57","slug":"del-11-al-15-de-septiembre-la-cadena-de-hoteles-melia-cuba-celebrara-las-fiestas-patrias-mexicanas-en-dos-de-sus-hoteles-en-la-capital-cubana","status":"publish","type":"post","link":"https:\/\/www.diarioimagen.net\/?p=392714","title":{"rendered":"Del 11 al 15 de septiembre, la cadena de hoteles Meli\u00e1 Cuba celebrar\u00e1 las \u201cFiestas Patrias Mexicanas\u201d en dos de sus hoteles en la capital cubana"},"content":{"rendered":"<h2>De cinco estrellas<\/h2>\n<h5>Victoria Gonz\u00e1lez Prado<\/h5>\n<p>&nbsp;<\/p>\n<ul>\n<li><strong><em>Tlalpujahua, Pueblo M\u00e1gico, listo para su XIX Feria de la Esfera, del 29 de septiembre al 16 de diciembre<\/em><\/strong><\/li>\n<li><strong><em>Interjet ofrece sus destinos nacionales e internacionales a pasajeros de Emirates, tras la firma de acuerdo de colaboraci\u00f3n interlineal<\/em><\/strong><\/li>\n<\/ul>\n<p>&nbsp;<\/p>\n<div id=\"attachment_392813\" style=\"width: 470px\" class=\"wp-caption aligncenter\"><a href=\"https:\/\/www.diarioimagen.net\/?attachment_id=392813\" rel=\"attachment wp-att-392813\"><img loading=\"lazy\" decoding=\"async\" aria-describedby=\"caption-attachment-392813\" class=\"size-large wp-image-392813\" src=\"https:\/\/www.diarioimagen.net\/wp-content\/uploads\/2018\/08\/turismo-3445-460x259.jpg\" alt=\"\" width=\"460\" height=\"259\" srcset=\"https:\/\/www.diarioimagen.net\/wp-content\/uploads\/2018\/08\/turismo-3445-460x259.jpg 460w, https:\/\/www.diarioimagen.net\/wp-content\/uploads\/2018\/08\/turismo-3445-240x135.jpg 240w, https:\/\/www.diarioimagen.net\/wp-content\/uploads\/2018\/08\/turismo-3445-235x132.jpg 235w, https:\/\/www.diarioimagen.net\/wp-content\/uploads\/2018\/08\/turismo-3445-202x114.jpg 202w, https:\/\/www.diarioimagen.net\/wp-content\/uploads\/2018\/08\/turismo-3445-350x196.jpg 350w, https:\/\/www.diarioimagen.net\/wp-content\/uploads\/2018\/08\/turismo-3445-220x123.jpg 220w, https:\/\/www.diarioimagen.net\/wp-content\/uploads\/2018\/08\/turismo-3445-237x132.jpg 237w, https:\/\/www.diarioimagen.net\/wp-content\/uploads\/2018\/08\/turismo-3445.jpg 480w\" sizes=\"auto, (max-width: 460px) 100vw, 460px\" \/><\/a><p id=\"caption-attachment-392813\" class=\"wp-caption-text\">Jos\u00e9 Gama, Maite Artieda, Jorge Cruz y el chef Jos\u00e9 Manuel Ba\u00f1os.<\/p><\/div>\n<p>&nbsp;<\/p>\n<p>Del 11 al 15 de septiembre la cadena de hoteles <em>Meli\u00e1 Cuba<\/em> celebrar\u00e1 las \u201cFiestas Patrias Mexicanas\u201d en dos de sus hoteles en la capital cubana: el <em>Tryp Habana Libre<\/em> y <em>Meli\u00e1 Coh\u00edba,<\/em> donde los viajeros podr\u00e1n vivir de cerca lo mejor de la cultura mexicana.<\/p>\n<p>En la presentaci\u00f3n, <strong>Maite Artieda Barroso<\/strong>, directora de Comunicaci\u00f3n de los hoteles <em>Meli\u00e1<\/em> en Cuba, mencion\u00f3 que las jornadas en ambos hoteles, invitan al disfrute de degustaciones culinarias y de cocteler\u00eda, m\u00fasica tradicional, bailes y mucho m\u00e1s.<\/p>\n<p>\u201cSomos dos pa\u00edses que tenemos una relaci\u00f3n hist\u00f3rica y por tercer a\u00f1o consecutivo organizamos una semana de actividades en nuestros hoteles para llevar un pedacito de M\u00e9xico a La Habana, con la intenci\u00f3n de que los que los mexicanos puedan celebrar las fiestas patrias en la isla\u201d, dijo <strong>Maite<\/strong>.<\/p>\n<p>Al referirse a los detalles de la celebraci\u00f3n la directora de Comunicaci\u00f3n asegur\u00f3 que en la fiesta inaugural, la tarde del 11 de septiembre en el <em>Tryp Habana Libre,<\/em> ser\u00e1n presentados los protagonistas que son algunos artistas cubanos estrechamente relacionados con la cultura mexicana.<\/p>\n<p>Se contar\u00e1 con la participaci\u00f3n de los chefs mexicanos: <strong>Jos\u00e9 Manuel Ba\u00f1os<\/strong>, del restaurante Pitiona, cocina de autor, y <strong>Pedro Evia<\/strong>, del restaurante <em>Kuuk;<\/em> quienes con sus t\u00e9cnicas y costumbres culinarias, deleitar\u00e1n a los comensales.<\/p>\n<p>El chef <strong>Manuel Ba\u00f1os<\/strong> anunci\u00f3 algunos de los platillos que podr\u00e1n disfrutarse durante: gorditas de suadero, tamales, sopa de ma\u00edz, tacos de lech\u00f3n con tortillas reci\u00e9n hechas, pescado, <em>mouse <\/em>de quesillo, ceviche, arroz y mole oaxaque\u00f1o con cerdo, entre otras delicias.<\/p>\n<p>Las bebidas mexicanas estar\u00e1n a cargo de <strong>Israel Mart\u00ednez<\/strong>, mix\u00f3logo y las cubanas ser\u00e1n servidas por el \u00fanico cubano campe\u00f3n mundial de cocteler\u00eda: <strong>Sergio Serrano<\/strong>. Tambi\u00e9n<strong>,<\/strong> el rey de reyes del daiquir\u00ed 2017: <strong>Adri\u00e1n Ravelo<\/strong> y el <em>bartender<\/em> y <em>Master Class del Havana Club:<\/em> <strong>Reynier Rodr\u00edguez<\/strong>.<\/p>\n<p>Estos maestros de la bebida ofrecer\u00e1n un encuentro donde trabajar\u00e1n mano a mano para ofrecer una degustaci\u00f3n con innovadores cocteles confeccionados. No faltar\u00e1 la m\u00fasica para amenizar las noches con la Orquesta Miguel Failde en la gala del 14 de septiembre en el hotel <em>Tryp Habana Libre. <\/em>Al d\u00eda siguiente, la Orquesta Van Van har\u00e1 sonar la m\u00fasica tradicional cubana en <em>Meli\u00e1 Coh\u00edba<\/em>.<\/p>\n<p>Habr\u00e1 desfile de modas, inspirado en los colores y valores artesanales y art\u00edsticos mexicanos, a cargo del dise\u00f1ador cubano <strong>Jos\u00e9 Luis Gonz\u00e1lez<\/strong>; jornadas gastron\u00f3micas del 12 al 15 de septiembre en los restaurantes Sierra Maestra y Habana Caf\u00e9, as\u00ed como las noches mexicanas en ambos hoteles.<\/p>\n<p>\u2730\u2730\u2730\u2730\u2730 Tlalpujahua, Pueblo M\u00e1gico reconocido mundialmente por la fabricaci\u00f3n de esferas y otros art\u00edculos en vidrio soplado, est\u00e1 listo para recibir del 29 de septiembre al 16 de diciembre, a los visitantes que deseen adquirir los mejores adornos para decorar su hogar durante la temporada decembrina.<\/p>\n<p>Como cada a\u00f1o, Tlalpujahua se prepara con piezas innovadoras para mantenerse en el gusto de los clientes.<\/p>\n<p>En conferencia de prensa, <strong>Claudio M\u00e9ndez Fern\u00e1ndez<\/strong>, director general de Instituto del Artesano Michoacano (IAM), se\u00f1al\u00f3 que el municipio de Tlalpujahua, en coordinaci\u00f3n con el Fondo Nacional para el Fomento de las Artesan\u00edas (Fonart), se apoy\u00f3 a seis talleres artesanales dentro de la vertiente \u201cAcciones para el desarrollo de Espacios Artesanales en Destinos Tur\u00edsticos\u201d.<\/p>\n<p>Con ese apoyo, se remodelaron cuatro talleres de vidrio soplado, uno de fibras vegetales y uno de madera, los cuales cuentan ahora adem\u00e1s de su \u00e1rea de producci\u00f3n, con un espacio para exposici\u00f3n, venta.<\/p>\n<p>El director de Turismo de Tlalpujahua, <strong>Eduardo Salazar Mercado<\/strong>, mencion\u00f3 que el municipio est\u00e1 listo para recibir a todos los visitantes, que podr\u00e1n hospedar en los 47 hoteles y posadas del lugar, adem\u00e1s de visitar los atractivos que ofrece Tlalpujahua, deleitarse con los platillos t\u00edpicos y la fruta en conserva.<\/p>\n<p>\u2730\u2730\u2730\u2730\u2730 Interjet firm\u00f3 un acuerdo de colaboraci\u00f3n interlineal con <em>Emirates,<\/em> la multipremiada aerol\u00ednea a nivel mundial por la calidad de sus servicios. Los pasajeros de esa aerol\u00ednea podr\u00e1n acceder a los 55 destinos nacionales e internacionales de Interjet.<\/p>\n<p><strong>Jos\u00e9 Luis Garza<\/strong>, director general de la l\u00ednea a\u00e9rea mexicana dijo: \u201cla nueva alianza es muestra de la solidez que reflejamos no s\u00f3lo en M\u00e9xico, sino en el mundo. Es un placer entrar en sociedad con <em>Emirates,<\/em> que se preocupa al igual que nosotros, por ofrecer los m\u00e1s altos est\u00e1ndares de calidad en el servicio. Ser\u00e1 un honor transportar a sus viajeros en nuestros destinos operados con una de las flotas m\u00e1s modernas\u201d.<\/p>\n<p><em>Emirates<\/em> inici\u00f3 operaciones en 1985 con dos aviones. Actualmente, la flota supera los 265 aeronaves y realiza m\u00e1s de mil 500 vuelos semanales que salen de Dubai hacia diferentes destinos en seis continentes.<\/p>\n<p>Interjet es la aerol\u00ednea mexicana que brinda experiencia de vuelo completa: amplio espacio entre asientos, servicio de <em>snacks<\/em> y bebidas sin costo, facilidad de llevar hasta 50 kilogramos de equipaje en tarifa <em>Priority<\/em>.<\/p>\n<p>\u2730\u2730\u2730\u2730\u2730 Aeropuertos y Servicios Auxiliares (ASA), recibi\u00f3 la certificaci\u00f3n de \u201cIndustria Limpia\u201d en seis estaciones de combustibles, por parte de la Agencia Nacional de Seguridad Industrial y de Protecci\u00f3n al Medio Ambiente del Sector Hidrocarburos (ASEA).<\/p>\n<p>Las estaciones reconocidas est\u00e1n en: San Luis Potos\u00ed, La Paz, Ciudad Ju\u00e1rez, Acapulco, Aguascalientes y Ciudad Obreg\u00f3n, mismas que cumplieron con la supervisi\u00f3n en materia de instalaciones, seguridad industrial, operativa, y control de residuos y actividades del sector hidrocarburos.<\/p>\n<p>Gran parte del trabajo se debe a las constantes auditor\u00edas que se realizan por parte de la gerencia de Protecci\u00f3n Ambiental de ASA, a trav\u00e9s de la Unidad de Verificaci\u00f3n, con el fin de ejecutar en cumplimiento con la Ley General del Equilibrio Ecol\u00f3gico y la Protecci\u00f3n al Ambiente.<\/p>\n<p>La certificaci\u00f3n cuenta con validez de dos a\u00f1os y se puede renovar constantemente.<\/p>\n<p><em><a href=\"mailto:victoriagprado@gmail.com\" target=\"_blank\" rel=\"noopener\">victoriagprado@gmail.com<\/a><\/em><br \/>\n<em> Twitter: <a href=\"https:\/\/twitter.com\/victoriagprado\" target=\"_blank\" rel=\"noopener\">@victoriagprado<\/a><\/em><\/p>\n","protected":false},"excerpt":{"rendered":"<p>Del 11 al 15 de septiembre la cadena de hoteles Meli\u00e1 Cuba celebrar\u00e1 las \u201cFiestas Patrias Mexicanas\u201d en dos de sus hoteles en la capital cubana: el Tryp Habana Libre y Meli\u00e1 Coh\u00edba, donde los viajeros podr\u00e1n vivir de cerca lo mejor de la cultura mexicana.<\/p>\n","protected":false},"author":3,"featured_media":392813,"comment_status":"open","ping_status":"open","sticky":false,"template":"","format":"standard","meta":{"_monsterinsights_skip_tracking":false,"_monsterinsights_sitenote_active":false,"_monsterinsights_sitenote_note":"","_monsterinsights_sitenote_category":0,"footnotes":""},"categories":[11],"tags":[107,43674,43681,106],"class_list":["post-392714","post","type-post","status-publish","format-standard","has-post-thumbnail","hentry","category-turismo","tag-de-cinco-estrellas","tag-opinion","tag-turismo","tag-victoria-gonzalez-prado"],"_links":{"self":[{"href":"https:\/\/www.diarioimagen.net\/index.php?rest_route=\/wp\/v2\/posts\/392714","targetHints":{"allow":["GET"]}}],"collection":[{"href":"https:\/\/www.diarioimagen.net\/index.php?rest_route=\/wp\/v2\/posts"}],"about":[{"href":"https:\/\/www.diarioimagen.net\/index.php?rest_route=\/wp\/v2\/types\/post"}],"author":[{"embeddable":true,"href":"https:\/\/www.diarioimagen.net\/index.php?rest_route=\/wp\/v2\/users\/3"}],"replies":[{"embeddable":true,"href":"https:\/\/www.diarioimagen.net\/index.php?rest_route=%2Fwp%2Fv2%2Fcomments&post=392714"}],"version-history":[{"count":0,"href":"https:\/\/www.diarioimagen.net\/index.php?rest_route=\/wp\/v2\/posts\/392714\/revisions"}],"wp:featuredmedia":[{"embeddable":true,"href":"https:\/\/www.diarioimagen.net\/index.php?rest_route=\/wp\/v2\/media\/392813"}],"wp:attachment":[{"href":"https:\/\/www.diarioimagen.net\/index.php?rest_route=%2Fwp%2Fv2%2Fmedia&parent=392714"}],"wp:term":[{"taxonomy":"category","embeddable":true,"href":"https:\/\/www.diarioimagen.net\/index.php?rest_route=%2Fwp%2Fv2%2Fcategories&post=392714"},{"taxonomy":"post_tag","embeddable":true,"href":"https:\/\/www.diarioimagen.net\/index.php?rest_route=%2Fwp%2Fv2%2Ftags&post=392714"}],"curies":[{"name":"wp","href":"https:\/\/api.w.org\/{rel}","templated":true}]}}