{"id":392751,"date":"2018-08-31T00:04:19","date_gmt":"2018-08-31T05:04:19","guid":{"rendered":"https:\/\/www.diarioimagen.net\/?p=392751"},"modified":"2018-08-31T07:09:45","modified_gmt":"2018-08-31T12:09:45","slug":"ajuste-de-personal-en-mandos-superiores-en-cuautitlan-izcalli","status":"publish","type":"post","link":"https:\/\/www.diarioimagen.net\/?p=392751","title":{"rendered":"Ajuste de personal en mandos superiores en Cuautitl\u00e1n Izcalli"},"content":{"rendered":"<ul>\n<li><strong><em>Congelamiento de recursos federales, estatales y municipales<\/em><\/strong><\/li>\n<\/ul>\n<p>&nbsp;<\/p>\n<div id=\"attachment_392836\" style=\"width: 310px\" class=\"wp-caption alignleft\"><a href=\"https:\/\/www.diarioimagen.net\/?attachment_id=392836\" rel=\"attachment wp-att-392836\"><img loading=\"lazy\" decoding=\"async\" aria-describedby=\"caption-attachment-392836\" class=\" wp-image-392836\" src=\"https:\/\/www.diarioimagen.net\/wp-content\/uploads\/2018\/08\/CUAUTITLAN-3445.jpg\" alt=\"\" width=\"300\" height=\"300\" srcset=\"https:\/\/www.diarioimagen.net\/wp-content\/uploads\/2018\/08\/CUAUTITLAN-3445.jpg 384w, https:\/\/www.diarioimagen.net\/wp-content\/uploads\/2018\/08\/CUAUTITLAN-3445-150x150.jpg 150w, https:\/\/www.diarioimagen.net\/wp-content\/uploads\/2018\/08\/CUAUTITLAN-3445-240x240.jpg 240w, https:\/\/www.diarioimagen.net\/wp-content\/uploads\/2018\/08\/CUAUTITLAN-3445-50x50.jpg 50w, https:\/\/www.diarioimagen.net\/wp-content\/uploads\/2018\/08\/CUAUTITLAN-3445-75x75.jpg 75w, https:\/\/www.diarioimagen.net\/wp-content\/uploads\/2018\/08\/CUAUTITLAN-3445-70x70.jpg 70w\" sizes=\"auto, (max-width: 300px) 100vw, 300px\" \/><\/a><p id=\"caption-attachment-392836\" class=\"wp-caption-text\">Los ajustes en el gobierno de Cuautitl\u00e1n Izcalli pretenden garantizar hasta el \u00faltimo d\u00eda de la administraci\u00f3n el cumplimiento de los servicios p\u00fablicos.<\/p><\/div>\n<p><strong>Cuautitl\u00e1n Izcalli, Estado de M\u00e9xico<\/strong>.- Derivado del congelamiento de recursos federales, estatales y municipales por laudos laborales que han obligado al uso extraordinario de recursos municipales, para procurar cumplir con obras p\u00fablicas pactadas con su nivel de gobierno, la administraci\u00f3n local implementar\u00e1 un segundo recorte a personal que involucra a mandos medios y superiores de confianza.<\/p>\n<p>Este recorte forma parte del plan de austeridad implementado en el segundo semestre del a\u00f1o, y que pretende garantizar hasta el \u00faltimo d\u00eda de la administraci\u00f3n el cumplimiento de los servicios p\u00fablicos de recolecci\u00f3n de basura, poda, reparaci\u00f3n de luminarias y equipamiento en materia de seguridad p\u00fablica, como son las patrullas y su mantenimiento.<\/p>\n<p>Anteriormente se realiz\u00f3 un ajuste de personal que incluy\u00f3 150 plazas de personal de confianza, y ahora el impacto recaer\u00e1 en trabajadores de nivel direcci\u00f3n. En todos los casos se designar\u00e1n encargados de despacho, en aras de garantizar el funcionamiento de las \u00e1reas sin afectar a la ciudadan\u00eda.<\/p>\n<p>Cabe destacar que esta decisi\u00f3n obedece a la dr\u00e1stica ca\u00edda en la captaci\u00f3n de ingresos municipales y el congelamiento de recursos por laudos laborales que indebidamente afectaron cuentas de origen federal y estatal.<\/p>\n<p>Este congelamiento indebido est\u00e1 ocasionando que el ayuntamiento tenga que realizar un gran esfuerzo para cumplir con las obras pactadas con el gobierno federal y estatal, y no ser sujeto a observaciones por parte del OSFEM.<\/p>\n<p>Con esta medida tambi\u00e9n se pretende garantizar las prestaciones del contrato colectivo de trabajo del personal sindicalizado que asciende a 150 millones de pesos anuales.<\/p>\n","protected":false},"excerpt":{"rendered":"<p>Derivado del congelamiento de recursos federales, estatales y municipales por laudos laborales que han obligado al uso extraordinario de recursos municipales, para procurar cumplir con obras p\u00fablicas pactadas con su nivel de gobierno, la administraci\u00f3n local implementar\u00e1 un segundo recorte a personal que involucra a mandos medios y superiores de confianza.<\/p>\n","protected":false},"author":3,"featured_media":392836,"comment_status":"open","ping_status":"open","sticky":false,"template":"","format":"standard","meta":{"_monsterinsights_skip_tracking":false,"_monsterinsights_sitenote_active":false,"_monsterinsights_sitenote_note":"","_monsterinsights_sitenote_category":0,"footnotes":""},"categories":[35155],"tags":[971,43675,77763],"class_list":["post-392751","post","type-post","status-publish","format-standard","has-post-thumbnail","hentry","category-estado-de-mexico-estado-de-mexico","tag-cuautitlan-izcalli","tag-estado-de-mexico","tag-superiores"],"_links":{"self":[{"href":"https:\/\/www.diarioimagen.net\/index.php?rest_route=\/wp\/v2\/posts\/392751","targetHints":{"allow":["GET"]}}],"collection":[{"href":"https:\/\/www.diarioimagen.net\/index.php?rest_route=\/wp\/v2\/posts"}],"about":[{"href":"https:\/\/www.diarioimagen.net\/index.php?rest_route=\/wp\/v2\/types\/post"}],"author":[{"embeddable":true,"href":"https:\/\/www.diarioimagen.net\/index.php?rest_route=\/wp\/v2\/users\/3"}],"replies":[{"embeddable":true,"href":"https:\/\/www.diarioimagen.net\/index.php?rest_route=%2Fwp%2Fv2%2Fcomments&post=392751"}],"version-history":[{"count":0,"href":"https:\/\/www.diarioimagen.net\/index.php?rest_route=\/wp\/v2\/posts\/392751\/revisions"}],"wp:featuredmedia":[{"embeddable":true,"href":"https:\/\/www.diarioimagen.net\/index.php?rest_route=\/wp\/v2\/media\/392836"}],"wp:attachment":[{"href":"https:\/\/www.diarioimagen.net\/index.php?rest_route=%2Fwp%2Fv2%2Fmedia&parent=392751"}],"wp:term":[{"taxonomy":"category","embeddable":true,"href":"https:\/\/www.diarioimagen.net\/index.php?rest_route=%2Fwp%2Fv2%2Fcategories&post=392751"},{"taxonomy":"post_tag","embeddable":true,"href":"https:\/\/www.diarioimagen.net\/index.php?rest_route=%2Fwp%2Fv2%2Ftags&post=392751"}],"curies":[{"name":"wp","href":"https:\/\/api.w.org\/{rel}","templated":true}]}}