{"id":392757,"date":"2018-08-31T00:03:24","date_gmt":"2018-08-31T05:03:24","guid":{"rendered":"https:\/\/www.diarioimagen.net\/?p=392757"},"modified":"2018-08-31T07:24:12","modified_gmt":"2018-08-31T12:24:12","slug":"descarta-tigres-a-tuca-en-todo-el-proceso-del-tri","status":"publish","type":"post","link":"https:\/\/www.diarioimagen.net\/?p=392757","title":{"rendered":"Descarta Tigres a \u201cTuca\u201d en todo el proceso del Tri"},"content":{"rendered":"<ul>\n<li><strong><em>Que s\u00f3lo va de t\u00e9cnico interino<\/em><\/strong><\/li>\n<li><strong><em>Dirigir\u00e1 la fecha de septiembre y quiz\u00e1 la de octubre: Garza<\/em><\/strong><\/li>\n<\/ul>\n<p>&nbsp;<\/p>\n<div id=\"attachment_392845\" style=\"width: 470px\" class=\"wp-caption aligncenter\"><a href=\"https:\/\/www.diarioimagen.net\/?attachment_id=392845\" rel=\"attachment wp-att-392845\"><img loading=\"lazy\" decoding=\"async\" aria-describedby=\"caption-attachment-392845\" class=\"size-large wp-image-392845\" src=\"https:\/\/www.diarioimagen.net\/wp-content\/uploads\/2018\/08\/TUCA-3445-460x259.jpg\" alt=\"\" width=\"460\" height=\"259\" srcset=\"https:\/\/www.diarioimagen.net\/wp-content\/uploads\/2018\/08\/TUCA-3445-460x259.jpg 460w, https:\/\/www.diarioimagen.net\/wp-content\/uploads\/2018\/08\/TUCA-3445-240x135.jpg 240w, https:\/\/www.diarioimagen.net\/wp-content\/uploads\/2018\/08\/TUCA-3445-235x132.jpg 235w, https:\/\/www.diarioimagen.net\/wp-content\/uploads\/2018\/08\/TUCA-3445-202x114.jpg 202w, https:\/\/www.diarioimagen.net\/wp-content\/uploads\/2018\/08\/TUCA-3445-350x196.jpg 350w, https:\/\/www.diarioimagen.net\/wp-content\/uploads\/2018\/08\/TUCA-3445-220x123.jpg 220w, https:\/\/www.diarioimagen.net\/wp-content\/uploads\/2018\/08\/TUCA-3445-237x132.jpg 237w, https:\/\/www.diarioimagen.net\/wp-content\/uploads\/2018\/08\/TUCA-3445.jpg 480w\" sizes=\"auto, (max-width: 460px) 100vw, 460px\" \/><\/a><p id=\"caption-attachment-392845\" class=\"wp-caption-text\">El presidente de Tigres, Miguel \u00c1ngel Garza, reiter\u00f3 que Ricardo Ferretti s\u00f3lo va de t\u00e9cnico interino a la Selecci\u00f3n Mexicana de Futbol.<\/p><\/div>\n<p>&nbsp;<\/p>\n<p>Ricardo Ferretti s\u00f3lo va de t\u00e9cnico interino a la Selecci\u00f3n Mexicana de Futbol, reiter\u00f3 ayer Miguel \u00c1ngel Garza.<\/p>\n<p>El presidente de Tigres se\u00f1al\u00f3 que est\u00e1 hablado que \u201cTuca\u201d s\u00f3lo dirija la fecha FIFA de septiembre y quiz\u00e1 la de octubre, pero no se vio que sea todo el proceso mundialista.<\/p>\n<p>\u201cCien por ciento es nadam\u00e1s ahorita, y lo que hemos visto es en estos partidos de septiembre. Estamos platicando para los siguientes en el mes de octubre qu\u00e9 es lo que se puede hacer\u201d, expres\u00f3.<\/p>\n<p>Al ser cuestionado qu\u00e9 har\u00eda Tigres si \u201cTuca\u201d decide quedarse todo el proceso con el Tricolor, el directivo coment\u00f3 que lo dejar\u00edan quedarse, pero destac\u00f3 que el t\u00e9cnico siempre ha mostrado su postura en este tema.<\/p>\n<p>\u201cYo creo que primero tenemos un compromiso, \u00e9l lo tiene con la instituci\u00f3n, y si la decisi\u00f3n de \u00e9l es irse, pues nosotros no lo vamos a retener; no podemos retener a ninguno de la organizaci\u00f3n que no quiera estar en el Club Tigres, yo creo que es un privilegio estar en el Club Tigres.<\/p>\n<p>\u201cPara la Selecci\u00f3n \u00e9l tiene que tomar una decisi\u00f3n, pero creo que ha sido muy claro en su postura, no de ahorita, la ha tenido en los \u00faltimos meses que es quedarse con Tigres\u201d.<\/p>\n","protected":false},"excerpt":{"rendered":"<p>Ricardo Ferretti s\u00f3lo va de t\u00e9cnico interino a la Selecci\u00f3n Mexicana de Futbol, reiter\u00f3 ayer Miguel \u00c1ngel Garza.<\/p>\n","protected":false},"author":3,"featured_media":392845,"comment_status":"open","ping_status":"open","sticky":false,"template":"","format":"standard","meta":{"_monsterinsights_skip_tracking":false,"_monsterinsights_sitenote_active":false,"_monsterinsights_sitenote_note":"","_monsterinsights_sitenote_category":0,"footnotes":""},"categories":[10],"tags":[43680,3399,77702],"class_list":["post-392757","post","type-post","status-publish","format-standard","has-post-thumbnail","hentry","category-deportes","tag-deportes","tag-tigres","tag-tuca"],"_links":{"self":[{"href":"https:\/\/www.diarioimagen.net\/index.php?rest_route=\/wp\/v2\/posts\/392757","targetHints":{"allow":["GET"]}}],"collection":[{"href":"https:\/\/www.diarioimagen.net\/index.php?rest_route=\/wp\/v2\/posts"}],"about":[{"href":"https:\/\/www.diarioimagen.net\/index.php?rest_route=\/wp\/v2\/types\/post"}],"author":[{"embeddable":true,"href":"https:\/\/www.diarioimagen.net\/index.php?rest_route=\/wp\/v2\/users\/3"}],"replies":[{"embeddable":true,"href":"https:\/\/www.diarioimagen.net\/index.php?rest_route=%2Fwp%2Fv2%2Fcomments&post=392757"}],"version-history":[{"count":0,"href":"https:\/\/www.diarioimagen.net\/index.php?rest_route=\/wp\/v2\/posts\/392757\/revisions"}],"wp:featuredmedia":[{"embeddable":true,"href":"https:\/\/www.diarioimagen.net\/index.php?rest_route=\/wp\/v2\/media\/392845"}],"wp:attachment":[{"href":"https:\/\/www.diarioimagen.net\/index.php?rest_route=%2Fwp%2Fv2%2Fmedia&parent=392757"}],"wp:term":[{"taxonomy":"category","embeddable":true,"href":"https:\/\/www.diarioimagen.net\/index.php?rest_route=%2Fwp%2Fv2%2Fcategories&post=392757"},{"taxonomy":"post_tag","embeddable":true,"href":"https:\/\/www.diarioimagen.net\/index.php?rest_route=%2Fwp%2Fv2%2Ftags&post=392757"}],"curies":[{"name":"wp","href":"https:\/\/api.w.org\/{rel}","templated":true}]}}