{"id":392768,"date":"2018-08-31T00:08:35","date_gmt":"2018-08-31T05:08:35","guid":{"rendered":"https:\/\/www.diarioimagen.net\/?p=392768"},"modified":"2018-08-31T07:39:30","modified_gmt":"2018-08-31T12:39:30","slug":"los-cavernicolas","status":"publish","type":"post","link":"https:\/\/www.diarioimagen.net\/?p=392768","title":{"rendered":"Los cavern\u00edcolas"},"content":{"rendered":"<h2>Punto por punto<\/h2>\n<h5>Augusto Corro<\/h5>\n<p>&nbsp;<\/p>\n<div id=\"attachment_390838\" style=\"width: 470px\" class=\"wp-caption aligncenter\"><a href=\"https:\/\/www.diarioimagen.net\/?attachment_id=390838\" rel=\"attachment wp-att-390838\"><img loading=\"lazy\" decoding=\"async\" aria-describedby=\"caption-attachment-390838\" class=\"size-large wp-image-390838\" src=\"https:\/\/www.diarioimagen.net\/wp-content\/uploads\/2018\/08\/OTRA-FORMA-DE-TRABAJAR-jose-luis-3436-460x380.jpg\" alt=\"\" width=\"460\" height=\"380\" srcset=\"https:\/\/www.diarioimagen.net\/wp-content\/uploads\/2018\/08\/OTRA-FORMA-DE-TRABAJAR-jose-luis-3436-460x380.jpg 460w, https:\/\/www.diarioimagen.net\/wp-content\/uploads\/2018\/08\/OTRA-FORMA-DE-TRABAJAR-jose-luis-3436-240x198.jpg 240w, https:\/\/www.diarioimagen.net\/wp-content\/uploads\/2018\/08\/OTRA-FORMA-DE-TRABAJAR-jose-luis-3436-768x634.jpg 768w, https:\/\/www.diarioimagen.net\/wp-content\/uploads\/2018\/08\/OTRA-FORMA-DE-TRABAJAR-jose-luis-3436.jpg 1200w\" sizes=\"auto, (max-width: 460px) 100vw, 460px\" \/><\/a><p id=\"caption-attachment-390838\" class=\"wp-caption-text\">Otra forma de trabajar&#8230; | Jos\u00e9 Luis<\/p><\/div>\n<p>&nbsp;<\/p>\n<p>El mi\u00e9rcoles en la tarde se repiti\u00f3 el linchamiento de dos presuntos secuestradores, quienes fueron golpeados y quemados vivos. Al parecer, eran inocentes. Alberto Flores Morales, de 53 a\u00f1os y\u00a0 su sobrino Ricardo Flores Rodr\u00edguez, de 22, fueron detenidos por ingerir alcohol en la v\u00eda p\u00fablica, luego, la poblaci\u00f3n poblaci\u00f3n confundida decidi\u00f3 privarlos de la vida.<\/p>\n<p>Esa acci\u00f3n nos remite a episodios de barbarie del inicio de las civilizaciones que nunca pudo superarse. Regresamos a \u00e9pocas sangrientas donde la falta de autoridades es suplida por pobladores enardecidos que se hacen justicia por mano propia.<\/p>\n<p>El mi\u00e9rcoles en la tarde, dos presuntos <em>robachicos<\/em> fueron detenidos y encarcelados. Al poco rato, una poblaci\u00f3n enardecida los sac\u00f3 de la prisi\u00f3n los golpe\u00f3, les ech\u00f3 gasolina y les prendi\u00f3 fuego. No escucharon ning\u00fan argumento de inocencia del t\u00edo y su sobrino. El hecho se registr\u00f3 en Acatl\u00e1n de Osorio, Puebla, donde habitantes de San Vicente Boquer\u00f3n, acabaron con la vida de dos personas acusadas de secuestradoras.<\/p>\n<p>Las ejecuciones ocurren con m\u00e1s frecuencia. La sociedad, cansada de injusticias, se organiza en autodefensas o act\u00faa como polic\u00eda comunitaria para rechazar las agresiones criminales.<\/p>\n<p>Es incontenible la ira de los pobladores acosados por la delincuencia. Es tal su enojo que se niegan a escuchar los argumentos de inocencia de los presuntos plagiarios.<\/p>\n<p>Esta urgencia para castigar a los presuntos delincuentes los lleva a cometer injusticias. En Ajalpan, Puebla, dos j\u00f3venes encuestadores fueron confundidos con secuestradores y una muchedumbre los detuvo, golpe\u00f3 y quem\u00f3.<\/p>\n<p>Los linchamientos continuar\u00e1n. Las condiciones de justicia y seguridad que exigimos los mexicanos no aparecen por ning\u00fan lado. Esto lleva a la poblaci\u00f3n a actuar al margen de la ley. \u00bfAlg\u00fan d\u00eda terminar\u00e1 la barbarie?<\/p>\n<p style=\"text-align: center;\"><strong>EL PRD, AL ABISMO<\/strong><\/p>\n<p>Atr\u00e1s quedaron los d\u00edas de gloria del perredismo. Ahora el PRD es un cascar\u00f3n poco atractivo para los negocios.\u00a0 Sus propios due\u00f1os, Jes\u00fas Zambrano y Jes\u00fas Ortega, \u201cLos Chuchos\u201d, ya piensan dejar su partido ante la crisis may\u00fascula que vive.<\/p>\n<p>Su alianza con el Partido Acci\u00f3n Nacional nada bueno les dej\u00f3. Ese intento de mezclar el agua con el aceite los llev\u00f3 a la ruina total.<\/p>\n<p>Apenas, el Tribunal\u00a0 Electoral le cancel\u00f3 un espacio en el Senado a Jes\u00fas Zambrano. Una \u00faltima carta de poder de \u201cLos Chuchos\u201d para disponer de un cargo p\u00fablico.<\/p>\n<p>El PRD empez\u00f3 a perder clientela, debido a las pugnas internas en su interior, el alejamiento del partido con la poblaci\u00f3n y su entreguismo al gobierno pe\u00f1ista.\u00a0 Adem\u00e1s, los perredistas con cargos p\u00fablicos en Guerrero fueron se\u00f1alados como socios de la delincuencia organizada.<\/p>\n<p>El PRD resinti\u00f3, por otra parte, que sus principales dirigentes\u00a0 lo abandonaran. Optaron por irse del perredismo Cuauht\u00e9moc C\u00e1rdenas, Porfirio Mu\u00f1oz Ledo, Andr\u00e9s Manuel L\u00f3pez Obrador, etc.<\/p>\n<p>Tras la debacle amarilla en las recientes elecciones, el PRD buscar\u00e1 la manera de resucitar. Se antoja una tarea casi imposible, porque poco o nada qued\u00f3 del partido del sol azteca.<\/p>\n<p style=\"text-align: center;\"><strong>EL SINDICALISMO RANCIO<\/strong><\/p>\n<p>\u00bfCu\u00e1l ser\u00e1 el destino del sindicalismo charro en el gobierno de Andr\u00e9s Manuel L\u00f3pez Obrador? \u00bfContinuar\u00e1 Carlos Romero Deschamps como due\u00f1o del sindicato petrolero?<\/p>\n<p>Ya lo sabremos. Por ahora, dirigente Romero Deschamps se ve tranquilo.\u00a0 Lleva m\u00e1s de 20 a\u00f1os al frente de esa organizaci\u00f3n sindical, que le permiti\u00f3 el enriquecimiento escandaloso,\u00a0 como si se tratara de un jeque, due\u00f1o de pozos petroleros. Una vida llena de privilegios que exhibe siempre que puede, a pesar de que son ofensivos para millones de personas que viven en la pobreza.<\/p>\n<p>\u00bfQui\u00e9n le pondr\u00e1 el cascabel a la corrupci\u00f3n en Pemex? \u00bfQui\u00e9n llamar\u00e1 a cuentas a Romero Deschamps). Una pregunta que espera una respuesta desde hace varios sexenios.<\/p>\n<p style=\"text-align: center;\"><strong>EL PAN \u00bfA LA TUMBA?<\/strong><\/p>\n<p>Quiz\u00e1s el PAN no vaya a la tumba, pero s\u00ed cambiar\u00e1 de rumbo en su ideolog\u00eda y principios.<\/p>\n<p>Uno de los ahora panistas, el ex gobernador Rafael Moreno Valle, tiene una historia de militante pri\u00edsta que dif\u00edcilmente se sacudir\u00e1 y conduce a pensar que estar\u00e1 en disposici\u00f3n de llegar a arreglos con sus adversarios.<\/p>\n<p>Su actuaci\u00f3n como uno de los principales dirigentes blanquiazules se ver\u00e1 en los pr\u00f3ximos d\u00edas cuando se empiecen a discutir en el Congreso las leyes que enviar\u00e1 el nuevo gobierno morenista. \u00bfEn qu\u00e9 medida el PAN ser\u00e1 el contrapeso pol\u00edtico para controlar la fuerza de Morena?<\/p>\n<p>Acci\u00f3n Nacional vive una intensa lucha interna de pron\u00f3stico reservado. Son varios grupos que buscan la dirigencia partidista. Entre los principales se encuentran los gobernadores, los <em>anayistas <\/em>y los <em>calderonistas.<\/em><\/p>\n<p>Claro, en el presente, la c\u00fapula del poder panista primero tiene que poner orden en el partido y luego definir sus principios doctrinarios de los que nadie se acuerda.<\/p>\n<p style=\"text-align: right;\"><em><strong>Feliz fin de semana.<\/strong><\/em><\/p>\n<p><em><a href=\"mailto:aco2742@hotmail.com\" target=\"_blank\" rel=\"noopener\">aco2742@hotmail.com<\/a><\/em><\/p>\n","protected":false},"excerpt":{"rendered":"<p><span style=\"color: #005497;\"><strong>Augusto Corro<\/strong><\/span><br \/>\n<br \/>\nEl mi\u00e9rcoles en la tarde se repiti\u00f3 el linchamiento de dos presuntos secuestradores, quienes fueron golpeados y quemados vivos. Al parecer, eran inocentes. Alberto Flores Morales, de 53 a\u00f1os y  su sobrino Ricardo Flores Rodr\u00edguez, de 22, fueron detenidos por ingerir alcohol en la v\u00eda p\u00fablica, luego, la poblaci\u00f3n poblaci\u00f3n confundida decidi\u00f3 privarlos de la vida.<\/p>\n","protected":false},"author":3,"featured_media":390838,"comment_status":"open","ping_status":"open","sticky":false,"template":"","format":"standard","meta":{"_monsterinsights_skip_tracking":false,"_monsterinsights_sitenote_active":false,"_monsterinsights_sitenote_note":"","_monsterinsights_sitenote_category":0,"footnotes":""},"categories":[157],"tags":[43686,43674,11515],"class_list":["post-392768","post","type-post","status-publish","format-standard","has-post-thumbnail","hentry","category-augusto-corro","tag-augusto-corro","tag-opinion","tag-punto-por-punto"],"_links":{"self":[{"href":"https:\/\/www.diarioimagen.net\/index.php?rest_route=\/wp\/v2\/posts\/392768","targetHints":{"allow":["GET"]}}],"collection":[{"href":"https:\/\/www.diarioimagen.net\/index.php?rest_route=\/wp\/v2\/posts"}],"about":[{"href":"https:\/\/www.diarioimagen.net\/index.php?rest_route=\/wp\/v2\/types\/post"}],"author":[{"embeddable":true,"href":"https:\/\/www.diarioimagen.net\/index.php?rest_route=\/wp\/v2\/users\/3"}],"replies":[{"embeddable":true,"href":"https:\/\/www.diarioimagen.net\/index.php?rest_route=%2Fwp%2Fv2%2Fcomments&post=392768"}],"version-history":[{"count":0,"href":"https:\/\/www.diarioimagen.net\/index.php?rest_route=\/wp\/v2\/posts\/392768\/revisions"}],"wp:featuredmedia":[{"embeddable":true,"href":"https:\/\/www.diarioimagen.net\/index.php?rest_route=\/wp\/v2\/media\/390838"}],"wp:attachment":[{"href":"https:\/\/www.diarioimagen.net\/index.php?rest_route=%2Fwp%2Fv2%2Fmedia&parent=392768"}],"wp:term":[{"taxonomy":"category","embeddable":true,"href":"https:\/\/www.diarioimagen.net\/index.php?rest_route=%2Fwp%2Fv2%2Fcategories&post=392768"},{"taxonomy":"post_tag","embeddable":true,"href":"https:\/\/www.diarioimagen.net\/index.php?rest_route=%2Fwp%2Fv2%2Ftags&post=392768"}],"curies":[{"name":"wp","href":"https:\/\/api.w.org\/{rel}","templated":true}]}}